{"id":7646,"date":"2024-06-05T03:22:30","date_gmt":"2024-06-05T03:22:30","guid":{"rendered":"https:\/\/comunicadas.com.ar\/?p=7646"},"modified":"2024-10-23T03:20:58","modified_gmt":"2024-10-23T03:20:58","slug":"emocionante-despedida-a-nora-cortinas-en-mansion-sere","status":"publish","type":"post","link":"https:\/\/comunicadas.com.ar\/index.php\/2024\/06\/05\/emocionante-despedida-a-nora-cortinas-en-mansion-sere\/","title":{"rendered":"Emocionante despedida a Nora Corti\u00f1as en Mansi\u00f3n Ser\u00e9"},"content":{"rendered":"\n\n\n\n\n<figure class=\"wp-block-image size-full\"><img loading=\"lazy\" decoding=\"async\" width=\"802\" height=\"512\" src=\"https:\/\/comunicadas.com.ar\/wp-content\/uploads\/2024\/06\/despedida-norita-cortinas.jpg\" alt=\"\" class=\"wp-image-7648\" srcset=\"https:\/\/comunicadas.com.ar\/wp-content\/uploads\/2024\/06\/despedida-norita-cortinas.jpg 802w, https:\/\/comunicadas.com.ar\/wp-content\/uploads\/2024\/06\/despedida-norita-cortinas-300x192.jpg 300w, https:\/\/comunicadas.com.ar\/wp-content\/uploads\/2024\/06\/despedida-norita-cortinas-768x490.jpg 768w\" sizes=\"(max-width: 802px) 100vw, 802px\" \/><\/figure>\n\n\n\n<p>Bajo un manto de respeto y emociones encontradas, varios y varias se acercaron a la Mansi\u00f3n Ser\u00e9 en Castelar para expresarle el \u00faltimo adi\u00f3s a Norita Corti\u00f1as. <\/p>\n\n\n\n<p class=\"has-white-color has-vivid-purple-background-color has-text-color has-background\"><strong>\u00ab<\/strong><a href=\"https:\/\/www.agenciacomunas.com.ar\/despiden-los-restos-de-nora-cortinas-en-moron\/\" title=\"Norita hab\u00eda sido intervenida quir\u00fargicamente el pasado 17 de mayo en el Hospital de Mor\u00f3n por una hernia que se sum\u00f3 a otras patolog\u00edas que agravaron el cuadro\u00bb,&nbsp;asegur\u00f3 su familia a trav\u00e9s de un comunicado en el que informaron su deceso.\"><strong>Norita hab\u00eda sido intervenida quir\u00fargicamente el pasado 17 de mayo en el Hospital de Mor\u00f3n por una hernia que se sum\u00f3 a otras patolog\u00edas que agravaron el cuadro\u00bb,&nbsp;<\/strong>asegur\u00f3 su familia a trav\u00e9s de un comunicado en el que informaron su deceso.<\/a><\/p>\n\n\n\n<p>Luchadora incansable de todas las batallas, Norita empez\u00f3 su camino por los derechos humanos cuando se uni\u00f3 a Madres de Plaza de Mayo a ra\u00edz del secuestro de su hijo Gustavo Corti\u00f1as, ocurrido el 15 de abril de 1977, y del que nunca supo m\u00e1s nada a pesar de la incansable lucha que emprendi\u00f3 desde entonces. <\/p>\n\n\n\n<p>Siempre unida a las causas justas, dijo presente en cada lucha y manifestaci\u00f3n popular contra las injusticias. Como Norita ninguna. <\/p>\n\n\n\n<p><\/p>\n\n\n\n<p><\/p>\n\n\n\n<p><\/p>\n","protected":false},"excerpt":{"rendered":"<p>Este viernes, Norita fue velada en la Casa de la Memoria y la Vida, ex Centro Clandestino de Detenci\u00f3n Mansi\u00f3n Ser\u00e9, ubicado en la localidad de Castelar. <\/p>\n","protected":false},"author":1,"featured_media":7647,"comment_status":"open","ping_status":"open","sticky":false,"template":"","format":"standard","meta":{"inline_featured_image":false,"_monsterinsights_skip_tracking":false,"_monsterinsights_sitenote_active":false,"_monsterinsights_sitenote_note":"","_monsterinsights_sitenote_category":0,"lzb_camalote_bajada":"Este viernes, Norita fue velada en la Casa de la Memoria y la Vida, ex Centro Clandestino de Detenci\u00f3n Mansi\u00f3n Ser\u00e9, ubicado en la localidad de Castelar. ","lzb_camalote_fotogalerias_repeater":"","lzb_camalote_fotogalerias_desc":"","lzb_camalote_fotogalerias_autorxs":"%5B%5D","lzb_camalote_post_imagen_destacada":"%7B%22alt%22:%22%22,%22title%22:%2231MAYO2024-HASTA-SIEMPRE-NORITA-HORIZONTALES1517-1%22,%22caption%22:%22%22,%22description%22:%7B%22raw%22:%22%22,%22rendered%22:%22%3Cp%20class=%5C%22attachment%5C%22%3E%3Ca%20href='https:\/\/comunicadas.com.ar\/wp-content\/uploads\/2024\/06\/31MAYO2024-HASTA-SIEMPRE-NORITA-HORIZONTALES1517-1.jpg'%3E%3Cimg%20width=%5C%22300%5C%22%20height=%5C%22199%5C%22%20src=%5C%22https:\/\/comunicadas.com.ar\/wp-content\/uploads\/2024\/06\/31MAYO2024-HASTA-SIEMPRE-NORITA-HORIZONTALES1517-1-300x199.jpg%5C%22%20class=%5C%22attachment-medium%20size-medium%5C%22%20alt=%5C%22%5C%22%20loading=%5C%22lazy%5C%22%20srcset=%5C%22https:\/\/comunicadas.com.ar\/wp-content\/uploads\/2024\/06\/31MAYO2024-HASTA-SIEMPRE-NORITA-HORIZONTALES1517-1-300x199.jpg%20300w,%20https:\/\/comunicadas.com.ar\/wp-content\/uploads\/2024\/06\/31MAYO2024-HASTA-SIEMPRE-NORITA-HORIZONTALES1517-1-1024x680.jpg%201024w,%20https:\/\/comunicadas.com.ar\/wp-content\/uploads\/2024\/06\/31MAYO2024-HASTA-SIEMPRE-NORITA-HORIZONTALES1517-1-768x510.jpg%20768w,%20https:\/\/comunicadas.com.ar\/wp-content\/uploads\/2024\/06\/31MAYO2024-HASTA-SIEMPRE-NORITA-HORIZONTALES1517-1-1536x1020.jpg%201536w,%20https:\/\/comunicadas.com.ar\/wp-content\/uploads\/2024\/06\/31MAYO2024-HASTA-SIEMPRE-NORITA-HORIZONTALES1517-1.jpg%201600w%5C%22%20sizes=%5C%22(max-width:%20300px)%20100vw,%20300px%5C%22%20\/%3E%3C\/a%3E%3C\/p%3E%5Cn%22%7D,%22id%22:7647,%22link%22:%22https:\/\/comunicadas.com.ar\/?attachment_id=7647%22,%22url%22:%22https:\/\/comunicadas.com.ar\/wp-content\/uploads\/2024\/06\/31MAYO2024-HASTA-SIEMPRE-NORITA-HORIZONTALES1517-1.jpg%22,%22sizes%22:%22%22%7D","lzb_camalote_post_imagen_destacada_fotografx":"Laura Pirraglia (Revista Resistencias)","lzb_camalote_post_imagen_destacada_fotografx_url":"","_jetpack_memberships_contains_paid_content":false,"footnotes":""},"categories":[19],"tags":[],"class_list":["post-7646","post","type-post","status-publish","format-standard","has-post-thumbnail","hentry","category-noticias"],"aioseo_notices":[],"jetpack_featured_media_url":"https:\/\/comunicadas.com.ar\/wp-content\/uploads\/2024\/06\/31MAYO2024-HASTA-SIEMPRE-NORITA-HORIZONTALES1517-1.jpg","jetpack_sharing_enabled":true,"jetpack_likes_enabled":true,"_links":{"self":[{"href":"https:\/\/comunicadas.com.ar\/index.php\/wp-json\/wp\/v2\/posts\/7646"}],"collection":[{"href":"https:\/\/comunicadas.com.ar\/index.php\/wp-json\/wp\/v2\/posts"}],"about":[{"href":"https:\/\/comunicadas.com.ar\/index.php\/wp-json\/wp\/v2\/types\/post"}],"author":[{"embeddable":true,"href":"https:\/\/comunicadas.com.ar\/index.php\/wp-json\/wp\/v2\/users\/1"}],"replies":[{"embeddable":true,"href":"https:\/\/comunicadas.com.ar\/index.php\/wp-json\/wp\/v2\/comments?post=7646"}],"version-history":[{"count":3,"href":"https:\/\/comunicadas.com.ar\/index.php\/wp-json\/wp\/v2\/posts\/7646\/revisions"}],"predecessor-version":[{"id":7653,"href":"https:\/\/comunicadas.com.ar\/index.php\/wp-json\/wp\/v2\/posts\/7646\/revisions\/7653"}],"wp:featuredmedia":[{"embeddable":true,"href":"https:\/\/comunicadas.com.ar\/index.php\/wp-json\/wp\/v2\/media\/7647"}],"wp:attachment":[{"href":"https:\/\/comunicadas.com.ar\/index.php\/wp-json\/wp\/v2\/media?parent=7646"}],"wp:term":[{"taxonomy":"category","embeddable":true,"href":"https:\/\/comunicadas.com.ar\/index.php\/wp-json\/wp\/v2\/categories?post=7646"},{"taxonomy":"post_tag","embeddable":true,"href":"https:\/\/comunicadas.com.ar\/index.php\/wp-json\/wp\/v2\/tags?post=7646"}],"curies":[{"name":"wp","href":"https:\/\/api.w.org\/{rel}","templated":true}]}}