{"id":7630,"date":"2024-04-17T03:21:47","date_gmt":"2024-04-17T03:21:47","guid":{"rendered":"https:\/\/comunicadas.com.ar\/?p=7630"},"modified":"2024-04-17T03:21:49","modified_gmt":"2024-04-17T03:21:49","slug":"llega-la-fiesta-regional-de-teatro-independiente-en-zona-norte","status":"publish","type":"post","link":"https:\/\/comunicadas.com.ar\/index.php\/2024\/04\/17\/llega-la-fiesta-regional-de-teatro-independiente-en-zona-norte\/","title":{"rendered":"Llega la Fiesta Regional de Teatro Independiente en Zona Norte"},"content":{"rendered":"\n\n\n\n\n<p>Todos los a\u00f1os se realiza esta actividad en la que lxs hacedores teatrales eligen la obra que representar\u00e1 a la regi\u00f3n en la Fiesta Provincial del Teatro. &nbsp;<\/p>\n\n\n\n<p>Junto con la fiesta, el titiritero y director Fernando \u00c1vila brindar\u00e1 el taller \u201cLa tiran\u00eda de los objetos\u201d. Se trabajar\u00e1 sobre distintas herramientas para la puesta en escena. La participaci\u00f3n es gratuita y requiere inscripci\u00f3n previa. Para m\u00e1s informaci\u00f3n dirigirse a las redes @regionaldeteatro.r1<\/p>\n\n\n\n<div class=\"wp-block-image\"><figure class=\"aligncenter size-large is-resized\"><img loading=\"lazy\" decoding=\"async\" src=\"https:\/\/comunicadas.com.ar\/wp-content\/uploads\/2024\/04\/20220401_203045-1-1024x768.jpg\" alt=\"\" class=\"wp-image-7634\" width=\"574\" height=\"422\"\/><\/figure><\/div>\n\n\n\n<p class=\"has-white-color has-luminous-vivid-orange-background-color has-text-color has-background\">La fiesta ser\u00e1 en Homenaje a la memoria y el legado de la gran actriz, directora y maestra Ada Parra. Su pasi\u00f3n y dedicaci\u00f3n a las artes esc\u00e9nicas sigue ense\u00f1\u00e1ndonos y reuni\u00e9ndonos en este ritual ancestral. El Encuentro Regional Independiente cuenta con el apoyo de la municipalidad de San Fernando, el CC Tiempos de Memoria (Vicente Lopez) y el CC La Barbarie (San Fernando). Est\u00e1 organizado por trabajadores del teatro independiente del Conurbano Norte, la Asociaci\u00f3n Argentina de Actores, Norestada y el Consejo Provincial de Teatro Independiente.<\/p>\n\n\n\n<div class=\"wp-block-image\"><figure class=\"aligncenter size-large is-resized\"><img loading=\"lazy\" decoding=\"async\" src=\"https:\/\/comunicadas.com.ar\/wp-content\/uploads\/2024\/04\/Copia-de-IMG-20230430-WA0002-1024x768.jpg\" alt=\"\" class=\"wp-image-7632\" width=\"596\" height=\"447\" srcset=\"https:\/\/comunicadas.com.ar\/wp-content\/uploads\/2024\/04\/Copia-de-IMG-20230430-WA0002-1024x768.jpg 1024w, https:\/\/comunicadas.com.ar\/wp-content\/uploads\/2024\/04\/Copia-de-IMG-20230430-WA0002-300x225.jpg 300w, https:\/\/comunicadas.com.ar\/wp-content\/uploads\/2024\/04\/Copia-de-IMG-20230430-WA0002-768x576.jpg 768w, https:\/\/comunicadas.com.ar\/wp-content\/uploads\/2024\/04\/Copia-de-IMG-20230430-WA0002.jpg 1280w\" sizes=\"(max-width: 596px) 100vw, 596px\" \/><\/figure><\/div>\n\n\n\n<p>\u00a1AGENDATE TODAS LAS OBRAS!<\/p>\n\n\n\n<p class=\"has-white-color has-luminous-vivid-orange-background-color has-text-color has-background\"><strong>Fiestas Regionales de Teatro Independiente CPTI 2024<br>Regi\u00f3n # 1 PBA \u00a0Conurbano Norte - Sedes: Tigre, San Fernando, San Isidro, Vicente L\u00f3pez: - 18, 19, 20, 21, 26, 27 y 28 de ABRIL<\/strong>:<\/p>\n\n\n\n<p><\/p>\n\n\n\n<p class=\"has-white-color has-luminous-vivid-orange-background-color has-text-color has-background\"><strong>Viernes 19 de abril<\/strong><\/p>\n\n\n\n<p><\/p>\n\n\n\n<p>Piropiarte Espacio de Arte - Liniers 365, Beccar, San Isidro<\/p>\n\n\n\n<p><strong>21 hs - obra - Ant\u00edgona<\/strong><\/p>\n\n\n\n<p>Piropiarte Espacio de Arte - Liniers 365, Beccar, San Isidro<\/p>\n\n\n\n<p><strong>23 hs - obra - La estrategia del p\u00e1jaro<\/strong><\/p>\n\n\n\n<p>Piropiarte Espacio de Arte - Liniers 365, Beccar, San Isidro<\/p>\n\n\n\n<p class=\"has-white-color has-luminous-vivid-orange-background-color has-text-color has-background\"><strong>S\u00e1bado 20 de abril<\/strong><\/p>\n\n\n\n<p><strong>17 hs - obra - Tengo un payaso en la cabeza<\/strong><\/p>\n\n\n\n<p>Plaza Dorrego - Ing. White y Constituci\u00f3n, Victoria, San Fernando<\/p>\n\n\n\n<p><strong>19 hs - obra - Las obreras de Carup\u00e1<\/strong><\/p>\n\n\n\n<p>Teatro Municipal Julio Martinelli - Lavalle 3021, Victoria, San Fernando<\/p>\n\n\n\n<p><strong>21 hs - obra - Soy Concha<\/strong><\/p>\n\n\n\n<p>Teatro Municipal Julio Martinelli - Lavalle 3021, Victoria, San Fernando<\/p>\n\n\n\n<p><strong>23 hs - obra - La lechera<\/strong><\/p>\n\n\n\n<p>Teatro Municipal Julio Martinelli - Lavalle 3021, Victoria, San Fernando<\/p>\n\n\n\n<p class=\"has-white-color has-luminous-vivid-orange-background-color has-text-color has-background\"><strong>Domingo&nbsp; 21 de abril<\/strong><\/p>\n\n\n\n<p><strong>12 hs - Plenario - Mesa de cr\u00edticas<\/strong><\/p>\n\n\n\n<p>Biblioteca R\u00f3mula Na\u00f3n - Simon de Iriondo 1441, Victoria, San Fernando<\/p>\n\n\n\n<p><strong>16 hs - obra - El colibr\u00ed (Traves\u00eda en MI Mayor)<\/strong><\/p>\n\n\n\n<p>Teatro Municipal Julio Martinelli - Lavalle 3021, Victoria, San Fernando<\/p>\n\n\n\n<p><strong>20 hs - obra - Intermitencias<\/strong><\/p>\n\n\n\n<p>Teatro Municipal Julio Martinelli - Lavalle 3021, Victoria, San Fernando<\/p>\n\n\n\n<p class=\"has-white-color has-luminous-vivid-orange-background-color has-text-color has-background\"><strong>Lunes 22<\/strong><strong> de abril<\/strong><\/p>\n\n\n\n<p><strong>18 hs - Taller - La tiran\u00eda de los objetos<\/strong><\/p>\n\n\n\n<p>Espacio Puertas Abiertas - Las Heras 1531, Vicente L\u00f3pez<\/p>\n\n\n\n<p class=\"has-white-color has-luminous-vivid-orange-background-color has-text-color has-background\"><strong>Viernes<\/strong><strong> 26 de abril<\/strong><\/p>\n\n\n\n<p><strong>19,30 hs - obra - Mondo Bestia<\/strong><\/p>\n\n\n\n<p>Sala Aparecidas - C\u00f3rdoba 625, Gral. Pacheco, Tigre<\/p>\n\n\n\n<p><strong>21 hs - obra - Pajarraquito<\/strong><\/p>\n\n\n\n<p>Sala Aparecidas - C\u00f3rdoba 625, Gral. Pacheco, Tigre<\/p>\n\n\n\n<p><strong>23 hs - obra - Te deletreo el apellido&nbsp;<\/strong><\/p>\n\n\n\n<p>Sala Aparecidas - C\u00f3rdoba 625, Gral. Pacheco, Tigre<\/p>\n\n\n\n<p class=\"has-white-color has-luminous-vivid-orange-background-color has-text-color has-background\"><strong>s\u00e1bado <\/strong><strong>27 de abril<\/strong><\/p>\n\n\n\n<p><strong>17 hs - obra - Historias, magia y payasadas<\/strong><\/p>\n\n\n\n<p>Plaza Dorrego - Ing. White y Constituci\u00f3n, Victoria, San Fernando<\/p>\n\n\n\n<p><strong>19 hs - obra - Tinta para trincheras<\/strong><\/p>\n\n\n\n<p>Teatro Municipal Julio Martinelli - Lavalle 3021, Victoria, San Fernando<\/p>\n\n\n\n<p><strong>21 hs - obra - Perfiles Enredados<\/strong><\/p>\n\n\n\n<p>Teatro Municipal Julio Martinelli - Lavalle 3021, Victoria, San Fernando<\/p>\n\n\n\n<p><strong>23 hs - obra - Fin del espect\u00e1culo<\/strong><\/p>\n\n\n\n<p>Teatro Municipal Julio Martinelli - Lavalle 3021, Victoria, San Fernando<\/p>\n\n\n\n<p class=\"has-white-color has-luminous-vivid-orange-background-color has-text-color has-background\"><strong>Domingo <\/strong><strong>28 de abril<\/strong><\/p>\n\n\n\n<p><strong>10 hs - plenario&nbsp;<\/strong><\/p>\n\n\n\n<p>Centro Cultural Tiempo de Memoria - Caseros 231, Vicente L\u00f3pez<\/p>\n\n\n\n<p><em>(En caso de lluvia, las funciones en Plaza Dorrego se realizar\u00e1n en el Teatro Mart\u00edn Fierro - Pasteur 1415, esquina Lavalle, Victoria)<\/em><\/p>\n\n\n\n<p><\/p>\n\n\n\n<p>Prensa: Regional de Teatro Independiente Conurbano Norte.<\/p>\n","protected":false},"excerpt":{"rendered":"<p>El teatro del conurbano norte est\u00e1 de fiesta. Del 19 al 28 de abril se realizar\u00e1 la Fiesta Regional de Teatro independiente. Se trata de un encuentro entre artistas y p\u00fablico que se realiza todos los a\u00f1os. Se presentar\u00e1n 17 funciones gratuitas de distintos grupos, estilos, lenguajes tem\u00e1ticas. La actividad se realizar\u00e1 en Piropiarte, Espacio de Arte (Beccar), Sala Aparecidas (Gral. Pacheco) y en el Teatro Municipal Julio Martinelli (Victoria, San Fernando). <\/p>\n","protected":false},"author":1,"featured_media":7631,"comment_status":"open","ping_status":"open","sticky":false,"template":"","format":"standard","meta":{"inline_featured_image":false,"_monsterinsights_skip_tracking":false,"_monsterinsights_sitenote_active":false,"_monsterinsights_sitenote_note":"","_monsterinsights_sitenote_category":0,"lzb_camalote_bajada":"El teatro del conurbano norte est\u00e1 de fiesta. Del 19 al 28 de abril se realizar\u00e1 la Fiesta Regional de Teatro independiente. Se trata de un encuentro entre artistas y p\u00fablico que se realiza todos los a\u00f1os. Se presentar\u00e1n 17 funciones gratuitas de distintos grupos, estilos, lenguajes tem\u00e1ticas. La actividad se realizar\u00e1 en Piropiarte, Espacio de Arte (Beccar), Sala Aparecidas (Gral. Pacheco) y en el Teatro Municipal Julio Martinelli (Victoria, San Fernando). ","lzb_camalote_fotogalerias_repeater":"","lzb_camalote_fotogalerias_desc":"","lzb_camalote_fotogalerias_autorxs":"%5B%5D","lzb_camalote_post_imagen_destacada":"%7B%22alt%22:%22%22,%22title%22:%2220220402_234718%22,%22caption%22:%22%22,%22description%22:%7B%22raw%22:%22%22,%22rendered%22:%22%3Cp%20class=%5C%22attachment%5C%22%3E%3Ca%20href='https:\/\/comunicadas.com.ar\/wp-content\/uploads\/2024\/04\/20220402_234718-scaled.jpg'%3E%3Cimg%20width=%5C%22300%5C%22%20height=%5C%22225%5C%22%20src=%5C%22https:\/\/comunicadas.com.ar\/wp-content\/uploads\/2024\/04\/20220402_234718-300x225.jpg%5C%22%20class=%5C%22attachment-medium%20size-medium%5C%22%20alt=%5C%22%5C%22%20loading=%5C%22lazy%5C%22%20srcset=%5C%22https:\/\/comunicadas.com.ar\/wp-content\/uploads\/2024\/04\/20220402_234718-300x225.jpg%20300w,%20https:\/\/comunicadas.com.ar\/wp-content\/uploads\/2024\/04\/20220402_234718-1024x768.jpg%201024w,%20https:\/\/comunicadas.com.ar\/wp-content\/uploads\/2024\/04\/20220402_234718-768x576.jpg%20768w,%20https:\/\/comunicadas.com.ar\/wp-content\/uploads\/2024\/04\/20220402_234718-1536x1152.jpg%201536w,%20https:\/\/comunicadas.com.ar\/wp-content\/uploads\/2024\/04\/20220402_234718-2048x1536.jpg%202048w,%20https:\/\/comunicadas.com.ar\/wp-content\/uploads\/2024\/04\/20220402_234718-scaled.jpg%202560w%5C%22%20sizes=%5C%22(max-width:%20300px)%20100vw,%20300px%5C%22%20\/%3E%3C\/a%3E%3C\/p%3E%5Cn%22%7D,%22id%22:7631,%22link%22:%22https:\/\/comunicadas.com.ar\/?attachment_id=7631%22,%22url%22:%22https:\/\/comunicadas.com.ar\/wp-content\/uploads\/2024\/04\/20220402_234718-scaled.jpg%22,%22sizes%22:%22%22%7D","lzb_camalote_post_imagen_destacada_fotografx":"Prensa Regional de Teatro Independiente Conurbano Norte ","lzb_camalote_post_imagen_destacada_fotografx_url":"","_jetpack_memberships_contains_paid_content":false,"footnotes":""},"categories":[959],"tags":[],"class_list":["post-7630","post","type-post","status-publish","format-standard","has-post-thumbnail","hentry","category-cultura"],"aioseo_notices":[],"jetpack_featured_media_url":"https:\/\/comunicadas.com.ar\/wp-content\/uploads\/2024\/04\/20220402_234718-scaled.jpg","jetpack_sharing_enabled":true,"jetpack_likes_enabled":true,"_links":{"self":[{"href":"https:\/\/comunicadas.com.ar\/index.php\/wp-json\/wp\/v2\/posts\/7630"}],"collection":[{"href":"https:\/\/comunicadas.com.ar\/index.php\/wp-json\/wp\/v2\/posts"}],"about":[{"href":"https:\/\/comunicadas.com.ar\/index.php\/wp-json\/wp\/v2\/types\/post"}],"author":[{"embeddable":true,"href":"https:\/\/comunicadas.com.ar\/index.php\/wp-json\/wp\/v2\/users\/1"}],"replies":[{"embeddable":true,"href":"https:\/\/comunicadas.com.ar\/index.php\/wp-json\/wp\/v2\/comments?post=7630"}],"version-history":[{"count":2,"href":"https:\/\/comunicadas.com.ar\/index.php\/wp-json\/wp\/v2\/posts\/7630\/revisions"}],"predecessor-version":[{"id":7636,"href":"https:\/\/comunicadas.com.ar\/index.php\/wp-json\/wp\/v2\/posts\/7630\/revisions\/7636"}],"wp:featuredmedia":[{"embeddable":true,"href":"https:\/\/comunicadas.com.ar\/index.php\/wp-json\/wp\/v2\/media\/7631"}],"wp:attachment":[{"href":"https:\/\/comunicadas.com.ar\/index.php\/wp-json\/wp\/v2\/media?parent=7630"}],"wp:term":[{"taxonomy":"category","embeddable":true,"href":"https:\/\/comunicadas.com.ar\/index.php\/wp-json\/wp\/v2\/categories?post=7630"},{"taxonomy":"post_tag","embeddable":true,"href":"https:\/\/comunicadas.com.ar\/index.php\/wp-json\/wp\/v2\/tags?post=7630"}],"curies":[{"name":"wp","href":"https:\/\/api.w.org\/{rel}","templated":true}]}}