{"id":7613,"date":"2024-03-21T16:37:55","date_gmt":"2024-03-21T16:37:55","guid":{"rendered":"https:\/\/comunicadas.com.ar\/?p=7613"},"modified":"2024-06-05T03:20:38","modified_gmt":"2024-06-05T03:20:38","slug":"pba-comienza-la-campana-antigripal","status":"publish","type":"post","link":"https:\/\/comunicadas.com.ar\/index.php\/2024\/03\/21\/pba-comienza-la-campana-antigripal\/","title":{"rendered":"PBA: Comienza la Campa\u00f1a Antigripal"},"content":{"rendered":"\n\n\n\n\n<p>El titular de la cartera sanitaria, Nicol\u00e1s Kreplak, anunci\u00f3 hoy el lanzamiento&nbsp;de la Campa\u00f1a de Vacunaci\u00f3n Antigripal 2024. Buscan reducir las complicaciones, hospitalizaciones, muertes y secuelas ocasionadas por la infecci\u00f3n por el virus influenza en la poblaci\u00f3n de riesgo.<\/p>\n\n\n\n<p>La gripe o influenza es una enfermedad viral respiratoria que se presenta habitualmente en los meses m\u00e1s fr\u00edos del a\u00f1o, y la mayor\u00eda de las personas afectadas se recuperan sin necesidad de recibir tratamiento m\u00e9dico.&nbsp;Sin embargo, los ni\u00f1os y ni\u00f1as peque\u00f1os, adultos mayores, embarazadas o en per\u00edodo de puerperio, as\u00ed como personas con factores de riesgo, pueden presentar complicaciones graves de la enfermedad.&nbsp;<\/p>\n\n\n\n<p class=\"has-white-color has-vivid-purple-background-color has-text-color has-background\">El\u00a0<a href=\"https:\/\/www.argentina.gob.ar\/salud\/vacunas\" target=\"_blank\" rel=\"noreferrer noopener\">Calendario Nacional de Vacunaci\u00f3n<\/a>\u00a0incluye la vacuna antigripal anual para los grupos de riesgo y est\u00e1 disponible de manera\u00a0<strong>gratuita en todos los vacunatorios<\/strong>\u00a0de la Provincia de Buenos Aires.<\/p>\n\n\n\n<p class=\"has-white-color has-vivid-purple-background-color has-text-color has-background\"><a href=\"https:\/\/www.gba.gob.ar\/vacunacion\/\">(Ver Centros de Vacunaci\u00f3n seg\u00fan partido)<\/a><\/p>\n\n\n\n<p>Es importante tener en cuenta que&nbsp;la vacuna&nbsp;contra la influenza&nbsp;NO&nbsp;contagia la enfermedad, dado que se fabrica con virus inactivados (muertos), y que se puede aplicar junto con la de COVID-19, la de neumococo u otras del Calendario Nacional.<\/p>\n\n\n\n<p><strong>\u00bfQui\u00e9nes deben recibir la vacuna antigripal?<\/strong><\/p>\n\n\n\n<ul class=\"has-white-color has-vivid-purple-background-color has-text-color has-background wp-block-list\"><li>Personal de salud<\/li><li>Personas gestantes: una dosis en cualquier trimestre del embarazo<em>.<\/em><\/li><li>Personas pu\u00e9rperas: una dosis hasta 10 d\u00edas posteriores al parto en caso de no haberla recibido durante el embarazo (preferentemente antes del egreso de la maternidad).<\/li><li>Ni\u00f1os y ni\u00f1as entre 6 meses y 2 a\u00f1os<\/li><li>Personas de 2 a 64 a\u00f1os con&nbsp;<strong>factores de riesgo&nbsp;(no se requiere orden m\u00e9dica)<\/strong><\/li><li>Personas mayores de 65 a\u00f1os: una dosis anual.<\/li><li>Personal estrat\u00e9gico.<\/li><\/ul>\n\n\n\n<p>Mediante esta campa\u00f1a de vacunaci\u00f3n se busca lograr coberturas mayores o iguales al 95% en cada grupo de la poblaci\u00f3n en riesgo.<\/p>\n\n\n\n<p>Para la protecci\u00f3n contra la gripe, es necesaria la aplicaci\u00f3n de&nbsp;<strong>una dosis cada a\u00f1o,<\/strong>&nbsp;para asegurar la inmunidad contra las variantes de virus influenza que circulan en cada temporada.<\/p>\n\n\n\n<p>Las personas&nbsp;<strong>mayores de 65 y m\u00e1s a\u00f1os y las personas de 2 a 64 a\u00f1os con factores de riesgo<\/strong>,&nbsp; junto con el personal de salud, los ni\u00f1os y las ni\u00f1as de 6 a 24 meses, las personas gestantes, constituyen grupos identificados con<strong>&nbsp;riesgo para el desarrollo de formas graves de gripe,&nbsp;<\/strong>por lo que son poblaciones objetivo de la campa\u00f1a de vacunaci\u00f3n antigripal. Dichos grupos de riesgo no requieren orden m\u00e9dica para solicitar la aplicaci\u00f3n de la vacuna.&nbsp;<\/p>\n\n\n\n<p>En caso de ni\u00f1os y ni\u00f1as de 6 a 24 meses, corresponde la aplicaci\u00f3n de dos dosis separadas por un intervalo de 30 d\u00edas la primera vez que la reciben, y luego una dosis anual, y en el caso de las personas gestantes, se indica una dosis anual, en cualquier trimestre del embarazo o en el puerperio, hasta los 10 d\u00edas.<\/p>\n\n\n\n<p>Dadas las complicaciones que puede presentar la enfermedad en estos grupos,\u00a0<strong>es de suma importancia su acceso a la vacunaci\u00f3n antigripal\u00a0 lo antes posible,\u00a0<\/strong>con la perspectiva de su protecci\u00f3n previa al momento de mayor circulaci\u00f3n de virus influenza.\u00a0<\/p>\n\n\n\n<p><\/p>\n\n\n\n<p><strong>Fuente: Prensa Gobierno de la Provincia de Buenos Aires. <\/strong><\/p>\n\n\n\n<ul class=\"wp-block-list\"><li><\/li><\/ul>\n","protected":false},"excerpt":{"rendered":"<p>La Provincia comienza hoy a aplicar la vacuna antigripal en todo el territorio bonaerense. Se realizar\u00e1 de forma escalonada seg\u00fan grupos, el primero es personas embarazadas, personal de salud y mayores de 65. Es gratuita y no necesita orden m\u00e9dica.<\/p>\n","protected":false},"author":1,"featured_media":7614,"comment_status":"open","ping_status":"open","sticky":false,"template":"","format":"standard","meta":{"inline_featured_image":false,"_monsterinsights_skip_tracking":false,"_monsterinsights_sitenote_active":false,"_monsterinsights_sitenote_note":"","_monsterinsights_sitenote_category":0,"lzb_camalote_bajada":"La Provincia comienza hoy a aplicar la vacuna antigripal en todo el territorio bonaerense. Se realizar\u00e1 de forma escalonada seg\u00fan grupos, el primero es personas embarazadas, personal de salud y mayores de 65. Es gratuita y no necesita orden m\u00e9dica.\n\n\n","lzb_camalote_fotogalerias_repeater":"","lzb_camalote_fotogalerias_desc":"","lzb_camalote_fotogalerias_autorxs":"%5B%5D","lzb_camalote_post_imagen_destacada":"%7B%22alt%22:%22%22,%22title%22:%22vacuna-antigripal%22,%22caption%22:%22%22,%22description%22:%7B%22raw%22:%22%22,%22rendered%22:%22%3Cp%20class=%5C%22attachment%5C%22%3E%3Ca%20href='https:\/\/comunicadas.com.ar\/wp-content\/uploads\/2024\/03\/vacuna-antigripal.jpg'%3E%3Cimg%20width=%5C%22300%5C%22%20height=%5C%22200%5C%22%20src=%5C%22https:\/\/comunicadas.com.ar\/wp-content\/uploads\/2024\/03\/vacuna-antigripal-300x200.jpg%5C%22%20class=%5C%22attachment-medium%20size-medium%5C%22%20alt=%5C%22%5C%22%20loading=%5C%22lazy%5C%22%20srcset=%5C%22https:\/\/comunicadas.com.ar\/wp-content\/uploads\/2024\/03\/vacuna-antigripal-300x200.jpg%20300w,%20https:\/\/comunicadas.com.ar\/wp-content\/uploads\/2024\/03\/vacuna-antigripal-1024x683.jpg%201024w,%20https:\/\/comunicadas.com.ar\/wp-content\/uploads\/2024\/03\/vacuna-antigripal-768x512.jpg%20768w,%20https:\/\/comunicadas.com.ar\/wp-content\/uploads\/2024\/03\/vacuna-antigripal-1536x1024.jpg%201536w,%20https:\/\/comunicadas.com.ar\/wp-content\/uploads\/2024\/03\/vacuna-antigripal.jpg%201920w%5C%22%20sizes=%5C%22(max-width:%20300px)%20100vw,%20300px%5C%22%20\/%3E%3C\/a%3E%3C\/p%3E%5Cn%22%7D,%22id%22:7614,%22link%22:%22https:\/\/comunicadas.com.ar\/?attachment_id=7614%22,%22url%22:%22https:\/\/comunicadas.com.ar\/wp-content\/uploads\/2024\/03\/vacuna-antigripal.jpg%22,%22sizes%22:%22%22%7D","lzb_camalote_post_imagen_destacada_fotografx":"Internet","lzb_camalote_post_imagen_destacada_fotografx_url":"","_jetpack_memberships_contains_paid_content":false,"footnotes":""},"categories":[971,1],"tags":[],"class_list":["post-7613","post","type-post","status-publish","format-standard","has-post-thumbnail","hentry","category-salud","category-sin-categoria"],"aioseo_notices":[],"jetpack_featured_media_url":"https:\/\/comunicadas.com.ar\/wp-content\/uploads\/2024\/03\/vacuna-antigripal.jpg","jetpack_sharing_enabled":true,"jetpack_likes_enabled":true,"_links":{"self":[{"href":"https:\/\/comunicadas.com.ar\/index.php\/wp-json\/wp\/v2\/posts\/7613"}],"collection":[{"href":"https:\/\/comunicadas.com.ar\/index.php\/wp-json\/wp\/v2\/posts"}],"about":[{"href":"https:\/\/comunicadas.com.ar\/index.php\/wp-json\/wp\/v2\/types\/post"}],"author":[{"embeddable":true,"href":"https:\/\/comunicadas.com.ar\/index.php\/wp-json\/wp\/v2\/users\/1"}],"replies":[{"embeddable":true,"href":"https:\/\/comunicadas.com.ar\/index.php\/wp-json\/wp\/v2\/comments?post=7613"}],"version-history":[{"count":2,"href":"https:\/\/comunicadas.com.ar\/index.php\/wp-json\/wp\/v2\/posts\/7613\/revisions"}],"predecessor-version":[{"id":7616,"href":"https:\/\/comunicadas.com.ar\/index.php\/wp-json\/wp\/v2\/posts\/7613\/revisions\/7616"}],"wp:featuredmedia":[{"embeddable":true,"href":"https:\/\/comunicadas.com.ar\/index.php\/wp-json\/wp\/v2\/media\/7614"}],"wp:attachment":[{"href":"https:\/\/comunicadas.com.ar\/index.php\/wp-json\/wp\/v2\/media?parent=7613"}],"wp:term":[{"taxonomy":"category","embeddable":true,"href":"https:\/\/comunicadas.com.ar\/index.php\/wp-json\/wp\/v2\/categories?post=7613"},{"taxonomy":"post_tag","embeddable":true,"href":"https:\/\/comunicadas.com.ar\/index.php\/wp-json\/wp\/v2\/tags?post=7613"}],"curies":[{"name":"wp","href":"https:\/\/api.w.org\/{rel}","templated":true}]}}