{"id":7568,"date":"2023-11-29T22:18:11","date_gmt":"2023-11-29T22:18:11","guid":{"rendered":"https:\/\/comunicadas.com.ar\/?p=7568"},"modified":"2024-04-12T04:06:38","modified_gmt":"2024-04-12T04:06:38","slug":"elecciones-en-utep-somos-las-que-vamos-a-tomar-el-protagonismo","status":"publish","type":"post","link":"https:\/\/comunicadas.com.ar\/index.php\/2023\/11\/29\/elecciones-en-utep-somos-las-que-vamos-a-tomar-el-protagonismo\/","title":{"rendered":"Elecciones en UTEP: \"Somos las que vamos a tomar el protagonismo\""},"content":{"rendered":"\n\n\n\n\n<p><strong>Redacci\u00f3n Comunicadas. <\/strong><\/p>\n\n\n\n<p>M\u00e1s de 420 mil afiliados y afiliadas de la UTEP en todo el pa\u00eds, se congregaron a sufragar en m\u00e1s de 500 lugares para elegir, por primera vez, autoridades dentro del sindicato de la econom\u00eda popular.<\/p>\n\n\n\n<div class=\"wp-block-image\"><figure class=\"aligncenter size-full is-resized\"><img loading=\"lazy\" decoding=\"async\" src=\"https:\/\/comunicadas.com.ar\/wp-content\/uploads\/2023\/11\/404736709_734502628705371_7473426675569186484_n.jpg\" alt=\"\" class=\"wp-image-7570\" width=\"681\" height=\"453\" srcset=\"https:\/\/comunicadas.com.ar\/wp-content\/uploads\/2023\/11\/404736709_734502628705371_7473426675569186484_n.jpg 853w, https:\/\/comunicadas.com.ar\/wp-content\/uploads\/2023\/11\/404736709_734502628705371_7473426675569186484_n-300x200.jpg 300w, https:\/\/comunicadas.com.ar\/wp-content\/uploads\/2023\/11\/404736709_734502628705371_7473426675569186484_n-768x511.jpg 768w\" sizes=\"(max-width: 681px) 100vw, 681px\" \/><\/figure><\/div>\n\n\n\n<p>A trav\u00e9s de un primer comunicado, UTEP indic\u00f3 que esta primera elecci\u00f3n cuenta con una <strong>lista de unidad, la Celeste y Blanca<\/strong>, que ser\u00e1 encabezada por <strong>Alejandro \"Peluca\" Gramajo como secretario general, Dina S\u00e1nchez y Norma Morales secretarias generales adjuntas, Ramiro \"Vasco\" Berdesegar secretario de organizaci\u00f3n y Johanna Duarte secretaria gremial.<\/strong><\/p>\n\n\n\n<p class=\"has-white-color has-black-background-color has-text-color has-background\">Norma Morales, referente de Barrios de Pie y una de las secretarias generales adjunta, celebr\u00f3 esta instancia y asegur\u00f3: <em><strong>\"Venimos institucionalizando y jerarquizando nuestro sindicato desde hace a\u00f1os, este mi\u00e9rcoles vamos a poder llevar a las urnas nuestros logros y demandas, sobre todo frente a la gesti\u00f3n entrante y su mirada sobre nosotros\".<\/strong><\/em><\/p>\n\n\n\n<div class=\"wp-block-image\"><figure class=\"aligncenter size-large is-resized\"><img loading=\"lazy\" decoding=\"async\" src=\"https:\/\/comunicadas.com.ar\/wp-content\/uploads\/2023\/11\/WhatsApp-Image-2023-11-29-at-13.57.13-1-1024x683.jpeg\" alt=\"\" class=\"wp-image-7571\" width=\"614\" height=\"409\" srcset=\"https:\/\/comunicadas.com.ar\/wp-content\/uploads\/2023\/11\/WhatsApp-Image-2023-11-29-at-13.57.13-1-1024x683.jpeg 1024w, https:\/\/comunicadas.com.ar\/wp-content\/uploads\/2023\/11\/WhatsApp-Image-2023-11-29-at-13.57.13-1-300x200.jpeg 300w, https:\/\/comunicadas.com.ar\/wp-content\/uploads\/2023\/11\/WhatsApp-Image-2023-11-29-at-13.57.13-1-768x512.jpeg 768w, https:\/\/comunicadas.com.ar\/wp-content\/uploads\/2023\/11\/WhatsApp-Image-2023-11-29-at-13.57.13-1.jpeg 1392w\" sizes=\"(max-width: 614px) 100vw, 614px\" \/><figcaption>Norma Morales, secretaria general adjunta de UTEP.<\/figcaption><\/figure><\/div>\n\n\n\n<p><\/p>\n\n\n\n<p>Por otro lado, Dina S\u00e1nchez, representante del Frente Dar\u00edo Santill\u00e1n y tambi\u00e9n con el cargo de secretaria general adjunta, en di\u00e1logo con <strong>Comunicadas<\/strong>, <strong>remarc\u00f3 que las mujeres ocupan el 70% del padr\u00f3n de afiliadxs y vaticin\u00f3 que, inspiradas en las \u201cdo\u00f1as piqueteras\u201d de los 90\u00b4, van a ser las protagonista de esta elecci\u00f3n y del nuevo tiempo pol\u00edtico, econ\u00f3mico y social <\/strong>bajo la presidencia del anarcocapitalista, Javier Milei:<\/p>\n\n\n\n<p class=\"has-white-color has-black-background-color has-text-color has-background\"><em>\u201cSe vienen \u00e9pocas muy dif\u00edciles y creo que esas do\u00f1as que all\u00e1 por los 90\u00b4 se organizaron por los barrios para sostener los comedores y los merenderos, nosotras empezamos tambi\u00e9n a construir nuestras ramas (...) entendimos que hab\u00eda que organizarnos y que hab\u00eda que construir nuestro sindicato, un sindicato que no solamente representa nuestro sector sino que nos representa a nosotras, a esas mujeres que en su gran mayor\u00eda somos las que sostenemos los espacios pero tambi\u00e9n, que venimos luchando desde la pandemia para ac\u00e1 con un reconocimiento pleno a los trabajos de cuidado, a las tareas de cuidado, a la econom\u00eda del cuidado y que, a\u00fan hoy, despu\u00e9s de la pandemia donde fueron tan esenciales y fundamentales esos trabajos no son reconocidos en su totalidad\u201d.<\/em><\/p>\n\n\n\n<p><\/p>\n\n\n\n<div class=\"wp-block-image\"><figure class=\"aligncenter size-full is-resized\"><img loading=\"lazy\" decoding=\"async\" src=\"https:\/\/comunicadas.com.ar\/wp-content\/uploads\/2023\/11\/WhatsApp-Image-2023-11-29-at-13.08.22.jpeg\" alt=\"\" class=\"wp-image-7573\" width=\"663\" height=\"594\" srcset=\"https:\/\/comunicadas.com.ar\/wp-content\/uploads\/2023\/11\/WhatsApp-Image-2023-11-29-at-13.08.22.jpeg 900w, https:\/\/comunicadas.com.ar\/wp-content\/uploads\/2023\/11\/WhatsApp-Image-2023-11-29-at-13.08.22-300x269.jpeg 300w, https:\/\/comunicadas.com.ar\/wp-content\/uploads\/2023\/11\/WhatsApp-Image-2023-11-29-at-13.08.22-768x689.jpeg 768w\" sizes=\"(max-width: 663px) 100vw, 663px\" \/><figcaption>Dina S\u00e1nchez, secretaria general adjunta de la UTEP.<\/figcaption><\/figure><\/div>\n\n\n\n<p>Desde Chaco, la referenta del Movimiento Evita y flamante secretaria gremial de la organizaci\u00f3n de la econom\u00eda popular, Johana Duarte, destac\u00f3 el <strong>sentido federal<\/strong> de la elecci\u00f3n:<\/p>\n\n\n\n<p class=\"has-white-color has-black-background-color has-text-color has-background\"><em><strong>\u201cEsta es una elecci\u00f3n con una fuerte perspectiva y participaci\u00f3n federal y eso es muy importante, el compromiso del sector trabajador en pos de elegir los representantes nacionales en una jornada hist\u00f3rica del sindicato. Con 500 puntos de votaci\u00f3n en todo el pa\u00eds, hoy se vot\u00f3 desde la Quiaca a Ushuaia. Con una masividad que expresa el desarrollo que tiene el sector en todo el pa\u00eds\u201d. <\/strong><\/em><\/p>\n\n\n\n<div class=\"wp-block-image\"><figure class=\"aligncenter size-large is-resized\"><img loading=\"lazy\" decoding=\"async\" src=\"https:\/\/comunicadas.com.ar\/wp-content\/uploads\/2023\/11\/WhatsApp-Image-2023-11-29-at-18.33.07-1024x720.jpeg\" alt=\"\" class=\"wp-image-7572\" width=\"653\" height=\"458\" srcset=\"https:\/\/comunicadas.com.ar\/wp-content\/uploads\/2023\/11\/WhatsApp-Image-2023-11-29-at-18.33.07-1024x720.jpeg 1024w, https:\/\/comunicadas.com.ar\/wp-content\/uploads\/2023\/11\/WhatsApp-Image-2023-11-29-at-18.33.07-300x211.jpeg 300w, https:\/\/comunicadas.com.ar\/wp-content\/uploads\/2023\/11\/WhatsApp-Image-2023-11-29-at-18.33.07-768x540.jpeg 768w, https:\/\/comunicadas.com.ar\/wp-content\/uploads\/2023\/11\/WhatsApp-Image-2023-11-29-at-18.33.07.jpeg 1296w\" sizes=\"(max-width: 653px) 100vw, 653px\" \/><figcaption>Johana Duarte, secretaria gremial de la UTEP.<\/figcaption><\/figure><\/div>\n\n\n\n<p>Adem\u00e1s, agrega:<em> \u201cEs central la institucionalidad de nuestro sindicato para transitar una etapa muy compleja en la cual esta herramienta ser\u00e1 fundamental en la defensa de los derechos conquistados a lo largo de los a\u00f1os para este sujeto trabajador transformador\u201d.<\/em><\/p>\n\n\n\n<p>Finaliza analizando el rol de las mujeres y las diversidades de la econom\u00eda popular en la provincia del norte:&nbsp;<\/p>\n\n\n\n<p class=\"has-white-color has-black-background-color has-text-color has-background\"><em>\u201cEn Chaco de casi 15.000 afiliados el porcentaje e incidencia de las mujeres y disidencias y diversidades sin dudas va a ser muy alto, creo que estar\u00e1 en el 60%. Y esto no es casualidad porque sin dudas las mujeres y diversidades son la mayor composici\u00f3n del sector y son quienes dinamizan el mismo\u201d.<\/em><\/p>\n\n\n\n<p><\/p>\n","protected":false},"excerpt":{"rendered":"<p>En el d\u00eda de hoy, la Uni\u00f3n de Trabajadores y Trabajadoras de la Econom\u00eda Popular elige por primera vez autoridades. Con m\u00e1s de 420 mil afiliados en todo el pa\u00eds, la secretaria general adjunta, Dina S\u00e1nchez, destac\u00f3 que dentro del padr\u00f3n \"m\u00e1s del 70% son mujeres\" y anticipa que las trabajadoras de la econom\u00eda popular van a tomar protagonismo ante el nuevo tiempo pol\u00edtico, econ\u00f3mico y social que se avecina.<\/p>\n","protected":false},"author":1,"featured_media":7569,"comment_status":"open","ping_status":"open","sticky":false,"template":"","format":"standard","meta":{"inline_featured_image":false,"_monsterinsights_skip_tracking":false,"_monsterinsights_sitenote_active":false,"_monsterinsights_sitenote_note":"","_monsterinsights_sitenote_category":0,"lzb_camalote_bajada":"En el d\u00eda de hoy, la Uni\u00f3n de Trabajadores y Trabajadoras de la Econom\u00eda Popular elige por primera vez autoridades. Con m\u00e1s de 420 mil afiliados en todo el pa\u00eds, la secretaria general adjunta, Dina S\u00e1nchez, destac\u00f3 que dentro del padr\u00f3n \"m\u00e1s del 70% son mujeres\" y anticipa que las trabajadoras de la econom\u00eda popular van a tomar protagonismo ante el nuevo tiempo pol\u00edtico, econ\u00f3mico y social que se avecina.","lzb_camalote_fotogalerias_repeater":"","lzb_camalote_fotogalerias_desc":"","lzb_camalote_fotogalerias_autorxs":"%5B%5D","lzb_camalote_post_imagen_destacada":"%7B%22alt%22:%22%22,%22title%22:%22404772674_734502615372039_6054823949766741894_n%22,%22caption%22:%22%22,%22description%22:%7B%22raw%22:%22%22,%22rendered%22:%22%3Cp%20class=%5C%22attachment%5C%22%3E%3Ca%20href='https:\/\/comunicadas.com.ar\/wp-content\/uploads\/2023\/11\/404772674_734502615372039_6054823949766741894_n.jpg'%3E%3Cimg%20width=%5C%22300%5C%22%20height=%5C%22200%5C%22%20src=%5C%22https:\/\/comunicadas.com.ar\/wp-content\/uploads\/2023\/11\/404772674_734502615372039_6054823949766741894_n-300x200.jpg%5C%22%20class=%5C%22attachment-medium%20size-medium%5C%22%20alt=%5C%22%5C%22%20loading=%5C%22lazy%5C%22%20srcset=%5C%22https:\/\/comunicadas.com.ar\/wp-content\/uploads\/2023\/11\/404772674_734502615372039_6054823949766741894_n-300x200.jpg%20300w,%20https:\/\/comunicadas.com.ar\/wp-content\/uploads\/2023\/11\/404772674_734502615372039_6054823949766741894_n.jpg%20607w%5C%22%20sizes=%5C%22(max-width:%20300px)%20100vw,%20300px%5C%22%20\/%3E%3C\/a%3E%3C\/p%3E%5Cn%22%7D,%22id%22:7569,%22link%22:%22https:\/\/comunicadas.com.ar\/?attachment_id=7569%22,%22url%22:%22https:\/\/comunicadas.com.ar\/wp-content\/uploads\/2023\/11\/404772674_734502615372039_6054823949766741894_n.jpg%22,%22sizes%22:%22%22%7D","lzb_camalote_post_imagen_destacada_fotografx":"Fotos Prensa UTEP","lzb_camalote_post_imagen_destacada_fotografx_url":"","_jetpack_memberships_contains_paid_content":false,"footnotes":""},"categories":[948],"tags":[],"class_list":["post-7568","post","type-post","status-publish","format-standard","has-post-thumbnail","hentry","category-gremios"],"aioseo_notices":[],"jetpack_featured_media_url":"https:\/\/comunicadas.com.ar\/wp-content\/uploads\/2023\/11\/404772674_734502615372039_6054823949766741894_n.jpg","jetpack_sharing_enabled":true,"jetpack_likes_enabled":true,"_links":{"self":[{"href":"https:\/\/comunicadas.com.ar\/index.php\/wp-json\/wp\/v2\/posts\/7568"}],"collection":[{"href":"https:\/\/comunicadas.com.ar\/index.php\/wp-json\/wp\/v2\/posts"}],"about":[{"href":"https:\/\/comunicadas.com.ar\/index.php\/wp-json\/wp\/v2\/types\/post"}],"author":[{"embeddable":true,"href":"https:\/\/comunicadas.com.ar\/index.php\/wp-json\/wp\/v2\/users\/1"}],"replies":[{"embeddable":true,"href":"https:\/\/comunicadas.com.ar\/index.php\/wp-json\/wp\/v2\/comments?post=7568"}],"version-history":[{"count":3,"href":"https:\/\/comunicadas.com.ar\/index.php\/wp-json\/wp\/v2\/posts\/7568\/revisions"}],"predecessor-version":[{"id":7576,"href":"https:\/\/comunicadas.com.ar\/index.php\/wp-json\/wp\/v2\/posts\/7568\/revisions\/7576"}],"wp:featuredmedia":[{"embeddable":true,"href":"https:\/\/comunicadas.com.ar\/index.php\/wp-json\/wp\/v2\/media\/7569"}],"wp:attachment":[{"href":"https:\/\/comunicadas.com.ar\/index.php\/wp-json\/wp\/v2\/media?parent=7568"}],"wp:term":[{"taxonomy":"category","embeddable":true,"href":"https:\/\/comunicadas.com.ar\/index.php\/wp-json\/wp\/v2\/categories?post=7568"},{"taxonomy":"post_tag","embeddable":true,"href":"https:\/\/comunicadas.com.ar\/index.php\/wp-json\/wp\/v2\/tags?post=7568"}],"curies":[{"name":"wp","href":"https:\/\/api.w.org\/{rel}","templated":true}]}}