{"id":7562,"date":"2023-11-24T04:02:20","date_gmt":"2023-11-24T04:02:20","guid":{"rendered":"https:\/\/comunicadas.com.ar\/?p=7562"},"modified":"2024-03-21T15:35:41","modified_gmt":"2024-03-21T15:35:41","slug":"punta-indio-repudio-a-la-vandalizacion-de-la-direccion-de-mujeres-genero-y-diversidad","status":"publish","type":"post","link":"https:\/\/comunicadas.com.ar\/index.php\/2023\/11\/24\/punta-indio-repudio-a-la-vandalizacion-de-la-direccion-de-mujeres-genero-y-diversidad\/","title":{"rendered":"Punta Indio: Repudio a la vandalizaci\u00f3n de la Direcci\u00f3n de Mujeres, G\u00e9nero y Diversidad"},"content":{"rendered":"\n\n\n\n\n<p><strong>El espacio de g\u00e9nero, a cargo de Pierina Colabianchi, ya realiz\u00f3 la denuncia correspondiente en la comisar\u00eda local, donde revisaron los videos de las c\u00e1maras de seguridad con el fin de identificar a las personas responsables del hecho.<\/strong><\/p>\n\n\n\n<p>A trav\u00e9s de un comunicado, el ministerio indic\u00f3 que el \u00e1rea de g\u00e9nero fue jerarquizada el 11 de diciembre de 2019, con la asunci\u00f3n del intendente David Angueira, y desde entonces impulsan iniciativas fundamentales en el territorio. A trav\u00e9s de estos espacios, se articulan y gestionan pol\u00edticas p\u00fablicas situadas en torno a la realidad de las mujeres y LGTBI+ de cada localidad de la Provincia, principalmente en relaci\u00f3n a la atenci\u00f3n, prevenci\u00f3n y salida de las violencias por razones de g\u00e9nero.\u00a0<\/p>\n\n\n\n<p class=\"has-white-color has-vivid-purple-background-color has-text-color has-background\">Desde 2021 el Municipio implementa el programa \u201cComunidades sin Violencias\u201d, que transfiere recursos econ\u00f3micos a los municipios para el fortalecimiento de las \u00e1reas de g\u00e9nero y la atenci\u00f3n, prevenci\u00f3n y salida de las violencias. Recientemente, en julio de 2023, se sumaron al programa \u201cMunicipios por la igualdad\u201d, bajo la L\u00ednea de Trabajo y Producci\u00f3n, con un proyecto destinado a mujeres y diversidades interesadas en capacitarse e insertarse en el mundo laboral en oficios no convencionales.<\/p>\n\n\n\n<p class=\"has-white-color has-vivid-purple-background-color has-text-color has-background\">Adem\u00e1s, el municipio ha participado en las propuestas educativas y para la prevenci\u00f3n de las violencias como el programa \u201cYendo\u201d, la Formaci\u00f3n de Formadoras y Formadores en Ley Micaela bonaerense, Masculinidades para la Igualdad, y la \u201cCopa Igualdad\u201d. Asimismo, integran el programa \u201cMi Pueblo\u201d, que busca crear y fortalecer las redes institucionales y de organizaciones presentes en los pueblos rurales de la provincia de Buenos Aires.<\/p>\n\n\n\n<p>En materia de fortalecimiento para la atenci\u00f3n y salida de las violencias trabajaron activamente para la implementaci\u00f3n del Registro \u00danico de Casos (RUC), el Fondo de emergencia para violencias por razones de g\u00e9nero; y el programa \u201cMar para Todas\u201d. Cabe mencionar que Punta Indio cuenta con una Casa Abierta para el resguardo de mujeres y diversidades que transitan el proceso de salida de las violencias, en articulaci\u00f3n con nuestro Ministerio y el Ministerio de Mujeres, G\u00e9neros y Diversidad de la Naci\u00f3n.<\/p>\n\n\n\n<p>Quienes integran el \u00e1rea de g\u00e9nero tambi\u00e9n participan de manera continua en propuestas formativas y de di\u00e1logo como los Congresos de Pol\u00edticas de G\u00e9nero contra las Violencias realizados por nuestro Ministerio, y de los Consejos Sociales de municipios.<\/p>\n\n\n\n<p><strong>Defendemos m\u00e1s que nunca las pol\u00edticas p\u00fablicas de g\u00e9nero y acciones que llevamos a cada localidad. Reafirmamos nuestro compromiso con la democracia y por una sociedad m\u00e1s justa, libre e igualitaria.<\/strong><\/p>\n\n\n\n<p><\/p>\n","protected":false},"excerpt":{"rendered":"<p>Desde el Ministerio de las Mujeres, Pol\u00edticas de G\u00e9nero y Diversidad Sexual de la provincia de Buenos Aires salieron a repudiar fuertemente el ataque y la vandalizaci\u00f3n de la sede de la Direcci\u00f3n de Mujeres, G\u00e9nero y Diversidad del municipio de Punta Indio. Este lunes el \u00e1rea apareci\u00f3 pintada y con los vidrios destruidos en un hecho de violencia pol\u00edtica e intolerancia que atentan contra nuestra convivencia democr\u00e1tica.<\/p>\n","protected":false},"author":1,"featured_media":7563,"comment_status":"open","ping_status":"open","sticky":false,"template":"","format":"standard","meta":{"inline_featured_image":false,"_monsterinsights_skip_tracking":false,"_monsterinsights_sitenote_active":false,"_monsterinsights_sitenote_note":"","_monsterinsights_sitenote_category":0,"lzb_camalote_bajada":"Desde el Ministerio de las Mujeres, Pol\u00edticas de G\u00e9nero y Diversidad Sexual de la provincia de Buenos Aires salieron a repudiar fuertemente el ataque y la vandalizaci\u00f3n de la sede de la Direcci\u00f3n de Mujeres, G\u00e9nero y Diversidad del municipio de Punta Indio. Este lunes el \u00e1rea apareci\u00f3 pintada y con los vidrios destruidos en un hecho de violencia pol\u00edtica e intolerancia que atentan contra nuestra convivencia democr\u00e1tica.\n\n","lzb_camalote_fotogalerias_repeater":"","lzb_camalote_fotogalerias_desc":"","lzb_camalote_fotogalerias_autorxs":"%5B%5D","lzb_camalote_post_imagen_destacada":"%7B%22alt%22:%22%22,%22title%22:%22792313-ataque-20punta-20indio%22,%22caption%22:%22%22,%22description%22:%7B%22raw%22:%22%22,%22rendered%22:%22%3Cp%20class=%5C%22attachment%5C%22%3E%3Ca%20href='https:\/\/comunicadas.com.ar\/wp-content\/uploads\/2023\/11\/792313-ataque-20punta-20indio.jpg'%3E%3Cimg%20width=%5C%22300%5C%22%20height=%5C%22200%5C%22%20src=%5C%22https:\/\/comunicadas.com.ar\/wp-content\/uploads\/2023\/11\/792313-ataque-20punta-20indio-300x200.jpg%5C%22%20class=%5C%22attachment-medium%20size-medium%5C%22%20alt=%5C%22%5C%22%20loading=%5C%22lazy%5C%22%20srcset=%5C%22https:\/\/comunicadas.com.ar\/wp-content\/uploads\/2023\/11\/792313-ataque-20punta-20indio-300x200.jpg%20300w,%20https:\/\/comunicadas.com.ar\/wp-content\/uploads\/2023\/11\/792313-ataque-20punta-20indio-768x512.jpg%20768w,%20https:\/\/comunicadas.com.ar\/wp-content\/uploads\/2023\/11\/792313-ataque-20punta-20indio.jpg%20960w%5C%22%20sizes=%5C%22(max-width:%20300px)%20100vw,%20300px%5C%22%20\/%3E%3C\/a%3E%3C\/p%3E%5Cn%22%7D,%22id%22:7563,%22link%22:%22https:\/\/comunicadas.com.ar\/?attachment_id=7563%22,%22url%22:%22https:\/\/comunicadas.com.ar\/wp-content\/uploads\/2023\/11\/792313-ataque-20punta-20indio.jpg%22,%22sizes%22:%22%22%7D","lzb_camalote_post_imagen_destacada_fotografx":"Prensa Mujeres PBA","lzb_camalote_post_imagen_destacada_fotografx_url":"","_jetpack_memberships_contains_paid_content":false,"footnotes":""},"categories":[19],"tags":[],"class_list":["post-7562","post","type-post","status-publish","format-standard","has-post-thumbnail","hentry","category-noticias"],"aioseo_notices":[],"jetpack_featured_media_url":"https:\/\/comunicadas.com.ar\/wp-content\/uploads\/2023\/11\/792313-ataque-20punta-20indio.jpg","jetpack_sharing_enabled":true,"jetpack_likes_enabled":true,"_links":{"self":[{"href":"https:\/\/comunicadas.com.ar\/index.php\/wp-json\/wp\/v2\/posts\/7562"}],"collection":[{"href":"https:\/\/comunicadas.com.ar\/index.php\/wp-json\/wp\/v2\/posts"}],"about":[{"href":"https:\/\/comunicadas.com.ar\/index.php\/wp-json\/wp\/v2\/types\/post"}],"author":[{"embeddable":true,"href":"https:\/\/comunicadas.com.ar\/index.php\/wp-json\/wp\/v2\/users\/1"}],"replies":[{"embeddable":true,"href":"https:\/\/comunicadas.com.ar\/index.php\/wp-json\/wp\/v2\/comments?post=7562"}],"version-history":[{"count":2,"href":"https:\/\/comunicadas.com.ar\/index.php\/wp-json\/wp\/v2\/posts\/7562\/revisions"}],"predecessor-version":[{"id":7566,"href":"https:\/\/comunicadas.com.ar\/index.php\/wp-json\/wp\/v2\/posts\/7562\/revisions\/7566"}],"wp:featuredmedia":[{"embeddable":true,"href":"https:\/\/comunicadas.com.ar\/index.php\/wp-json\/wp\/v2\/media\/7563"}],"wp:attachment":[{"href":"https:\/\/comunicadas.com.ar\/index.php\/wp-json\/wp\/v2\/media?parent=7562"}],"wp:term":[{"taxonomy":"category","embeddable":true,"href":"https:\/\/comunicadas.com.ar\/index.php\/wp-json\/wp\/v2\/categories?post=7562"},{"taxonomy":"post_tag","embeddable":true,"href":"https:\/\/comunicadas.com.ar\/index.php\/wp-json\/wp\/v2\/tags?post=7562"}],"curies":[{"name":"wp","href":"https:\/\/api.w.org\/{rel}","templated":true}]}}