{"id":7502,"date":"2023-08-22T23:19:07","date_gmt":"2023-08-22T23:19:07","guid":{"rendered":"https:\/\/comunicadas.com.ar\/?p=7502"},"modified":"2023-08-22T23:19:10","modified_gmt":"2023-08-22T23:19:10","slug":"mini-serie-llega-arde-la-llama-de-los-feminismos-bonaerenses","status":"publish","type":"post","link":"https:\/\/comunicadas.com.ar\/index.php\/2023\/08\/22\/mini-serie-llega-arde-la-llama-de-los-feminismos-bonaerenses\/","title":{"rendered":"Mini Serie: Llega ARDE, la llama de los feminismos bonaerenses."},"content":{"rendered":"\n\n\n\n\n<div class=\"wp-block-image\"><figure class=\"aligncenter size-large is-resized\"><img loading=\"lazy\" decoding=\"async\" src=\"https:\/\/comunicadas.com.ar\/wp-content\/uploads\/2023\/08\/WhatsApp-Image-2023-08-22-at-17.08.21-576x1024.jpeg\" alt=\"\" class=\"wp-image-7504\" width=\"430\" height=\"764\" srcset=\"https:\/\/comunicadas.com.ar\/wp-content\/uploads\/2023\/08\/WhatsApp-Image-2023-08-22-at-17.08.21-576x1024.jpeg 576w, https:\/\/comunicadas.com.ar\/wp-content\/uploads\/2023\/08\/WhatsApp-Image-2023-08-22-at-17.08.21-169x300.jpeg 169w, https:\/\/comunicadas.com.ar\/wp-content\/uploads\/2023\/08\/WhatsApp-Image-2023-08-22-at-17.08.21.jpeg 720w\" sizes=\"(max-width: 430px) 100vw, 430px\" \/><\/figure><\/div>\n\n\n\n<p>Una bailarina que ense\u00f1a a bailar tango sin g\u00e9nero en Col\u00f3n, una capitana de barco y una buza de gran profundidad que desaf\u00edan los prejuicios machistas arraigados en alta mar, la primera comparsa exclusivamente femenina de Lincoln, una periodista ciega y orgullosamente \u201cdisca\u201d de Remedios de Escalada, una activista trans que lidera la primera cooperativa textil en Avellaneda que da trabajo a la comunidad LGTBI+, una intendenta de un municipio rural que lleva tres mandatos de gesti\u00f3n apostando a la justicia social y a sumar a mujeres en cargos de poder, son algunas de las historias que refleja \u201cARDE, la llama de los feminismos bonaerenses\u201d,<\/p>\n\n\n\n<p>La miniserie se presentar\u00e1 el martes 22 de agosto a las 18 horas en el auditorio Raymundo Gleyzer de la Facultad de Artes de la Universidad Nacional de La Plata con la presencia de la ministra de las Mujeres, Pol\u00edticas de G\u00e9nero y Diversidad Sexual de la provincia de Buenos Aires, Estela D\u00edaz junto al equipo de realizaci\u00f3n y algunas de las protagonistas.<\/p>\n\n\n\n<p>Con la conducci\u00f3n de la actriz, bailarina y activista Jimena \"La Pichi\" Carol, un estilo descontracturado y un ritmo \u00e1gil y entretenido, ARDE cuenta historias desconocidas de los feminismos en la provincia de Buenos Aires.<\/p>\n\n\n\n<p>En el primer cap\u00edtulo vamos a conocer a Laura Khalloub, cofundadora de Amalas, la primera comparsa exclusivamente femenina de Lincoln, que cuenta la historia de esta colectiva y las motivaciones que llevaron a este grupo de mujeres a juntarse, y nos revela c\u00f3mo preparan sus propios trajes y las carrozas para la esperada celebraci\u00f3n del hist\u00f3rico Carnaval de esa localidad bonaerense.<\/p>\n\n\n\n<p>ARDE es una producci\u00f3n de Ponchosauer en asociaci\u00f3n con el Ministerio de las Mujeres, Pol\u00edticas de G\u00e9nero y Diversidad Sexual de la provincia de Buenos Aires, dirigida por Luc\u00eda Lubarsky, con producci\u00f3n y supervisi\u00f3n period\u00edstica de la periodista Mariana Carbajal y contenidos propuestos por la Ministra de las Mujeres Estela D\u00edaz y la comunicadora Luc\u00eda Garc\u00eda Itzigsohn. ARDE tiene como antecedente la serie \u201cNOSOTRAS\u201d con el mismo equipo art\u00edstico y t\u00e9cnico, estrenada en 2022 en TV P\u00fablica y en la plataforma&nbsp;<a href=\"http:\/\/cont.ar\/\" target=\"_blank\" rel=\"noreferrer noopener\">CONT.AR<\/a>.<\/p>\n\n\n\n<p>&nbsp;Episodios<\/p>\n\n\n\n<p>1. Laura Khalloub. Cofundadora de Amalas. Lincoln.<\/p>\n\n\n\n<p>2. Brisa Escobar. Presidenta de la cooperativa textil Nadia Echaz\u00fa. Avellaneda.<\/p>\n\n\n\n<p>3. Celia Gianini. Intendenta de Juan Carlos Tejedor.<\/p>\n\n\n\n<p>4. Cecilia Su\u00e1rez Huemil. Fundadora de la comunidad \u00d1uke Mapu. Los Toldos.<\/p>\n\n\n\n<p>5. Nora Calandra. Referenta de la rama de liberadxs del MTE. Tres de febrero.<\/p>\n\n\n\n<p>6. Florencia Daluisio. Profesora de tango sin g\u00e9nero. Col\u00f3n.<\/p>\n\n\n\n<p>7. Claudia Victoria Poblete. Nieta restituida. Guernica.<\/p>\n\n\n\n<p>8. Gladys Flores. Educadora y militante del colectivo afro. Lomas de Zamora.<\/p>\n\n\n\n<p>9. Laura Alcaide. Periodista y militante femidisca. Remedios de Escalada.<\/p>\n\n\n\n<p>10. Nancy Jaramillo y Luc\u00eda De Pasquale, capitana de pesca y buza. Amamfyl.<\/p>\n\n\n\n<p>11. Nereidas. Alejandra Zeme y Marila Taribay. Muralistas.<\/p>\n\n\n\n<p>12. Biblioteca Popular de las Mujeres. Tandil. Liliana Giannattasio.<\/p>\n\n\n\n<p>13. Cecilia Bertolino, pionera en el reclamo de justicia ante deudores alimentarios.<\/p>\n\n\n\n<p>14. Crianza con ternura, una propuesta hospitalaria contra el maltrato en las infancias. Avellaneda.<\/p>\n\n\n\n<p>15. Margarita Palacios, organizaci\u00f3n de mujeres La Colmena, radio, espacios de cuidados y trabajo en comunidad. San Mart\u00edn.<\/p>\n\n\n\n<p>Texto: Prensa Ministerio de Mujeres y Diversidad PBA.<\/p>\n","protected":false},"excerpt":{"rendered":"<p>El pr\u00f3ximo jueves 24 de agosto se estrena en la pantalla de la TV P\u00fablica ARDE, la llama de los feminismos bonaerenses, una miserie documental de 15 cap\u00edtulos que recupera trayectorias de mujeres y diversidades, de diferentes generaciones y procedencias, que transforman el territorio de la provincia de Buenos Aires, desde una perspectiva feminista. Cada episodio, que dura 5 minutos, se emitir\u00e1 los jueves a las 17.55, al t\u00e9rmino del programa Alta Voz.<\/p>\n","protected":false},"author":1,"featured_media":7503,"comment_status":"open","ping_status":"open","sticky":false,"template":"","format":"standard","meta":{"inline_featured_image":false,"_monsterinsights_skip_tracking":false,"_monsterinsights_sitenote_active":false,"_monsterinsights_sitenote_note":"","_monsterinsights_sitenote_category":0,"lzb_camalote_bajada":"El pr\u00f3ximo jueves 24 de agosto se estrena en la pantalla de la TV P\u00fablica ARDE, la llama de los feminismos bonaerenses, una miserie documental de 15 cap\u00edtulos que recupera trayectorias de mujeres y diversidades, de diferentes generaciones y procedencias, que transforman el territorio de la provincia de Buenos Aires, desde una perspectiva feminista. Cada episodio, que dura 5 minutos, se emitir\u00e1 los jueves a las 17.55, al t\u00e9rmino del programa Alta Voz.\n\n","lzb_camalote_fotogalerias_repeater":"","lzb_camalote_fotogalerias_desc":"","lzb_camalote_fotogalerias_autorxs":"%5B%5D","lzb_camalote_post_imagen_destacada":"%7B%22alt%22:%22%22,%22title%22:%22encuentro-feminista-popular-4%22,%22caption%22:%22%22,%22description%22:%7B%22raw%22:%22%22,%22rendered%22:%22%3Cp%20class=%5C%22attachment%5C%22%3E%3Ca%20href='https:\/\/comunicadas.com.ar\/wp-content\/uploads\/2023\/08\/encuentro-feminista-popular-4.jpeg'%3E%3Cimg%20width=%5C%22300%5C%22%20height=%5C%22179%5C%22%20src=%5C%22https:\/\/comunicadas.com.ar\/wp-content\/uploads\/2023\/08\/encuentro-feminista-popular-4-300x179.jpeg%5C%22%20class=%5C%22attachment-medium%20size-medium%5C%22%20alt=%5C%22%5C%22%20loading=%5C%22lazy%5C%22%20srcset=%5C%22https:\/\/comunicadas.com.ar\/wp-content\/uploads\/2023\/08\/encuentro-feminista-popular-4-300x179.jpeg%20300w,%20https:\/\/comunicadas.com.ar\/wp-content\/uploads\/2023\/08\/encuentro-feminista-popular-4-1024x613.jpeg%201024w,%20https:\/\/comunicadas.com.ar\/wp-content\/uploads\/2023\/08\/encuentro-feminista-popular-4-768x459.jpeg%20768w,%20https:\/\/comunicadas.com.ar\/wp-content\/uploads\/2023\/08\/encuentro-feminista-popular-4.jpeg%201277w%5C%22%20sizes=%5C%22(max-width:%20300px)%20100vw,%20300px%5C%22%20\/%3E%3C\/a%3E%3C\/p%3E%5Cn%22%7D,%22id%22:7503,%22link%22:%22https:\/\/comunicadas.com.ar\/?attachment_id=7503%22,%22url%22:%22https:\/\/comunicadas.com.ar\/wp-content\/uploads\/2023\/08\/encuentro-feminista-popular-4.jpeg%22,%22sizes%22:%22%22%7D","lzb_camalote_post_imagen_destacada_fotografx":"Mujeres Evita\/Utep","lzb_camalote_post_imagen_destacada_fotografx_url":"","_jetpack_memberships_contains_paid_content":false,"footnotes":""},"categories":[5],"tags":[],"class_list":["post-7502","post","type-post","status-publish","format-standard","has-post-thumbnail","hentry","category-cine-y-series"],"aioseo_notices":[],"jetpack_featured_media_url":"https:\/\/comunicadas.com.ar\/wp-content\/uploads\/2023\/08\/encuentro-feminista-popular-4.jpeg","jetpack_sharing_enabled":true,"jetpack_likes_enabled":true,"_links":{"self":[{"href":"https:\/\/comunicadas.com.ar\/index.php\/wp-json\/wp\/v2\/posts\/7502"}],"collection":[{"href":"https:\/\/comunicadas.com.ar\/index.php\/wp-json\/wp\/v2\/posts"}],"about":[{"href":"https:\/\/comunicadas.com.ar\/index.php\/wp-json\/wp\/v2\/types\/post"}],"author":[{"embeddable":true,"href":"https:\/\/comunicadas.com.ar\/index.php\/wp-json\/wp\/v2\/users\/1"}],"replies":[{"embeddable":true,"href":"https:\/\/comunicadas.com.ar\/index.php\/wp-json\/wp\/v2\/comments?post=7502"}],"version-history":[{"count":2,"href":"https:\/\/comunicadas.com.ar\/index.php\/wp-json\/wp\/v2\/posts\/7502\/revisions"}],"predecessor-version":[{"id":7506,"href":"https:\/\/comunicadas.com.ar\/index.php\/wp-json\/wp\/v2\/posts\/7502\/revisions\/7506"}],"wp:featuredmedia":[{"embeddable":true,"href":"https:\/\/comunicadas.com.ar\/index.php\/wp-json\/wp\/v2\/media\/7503"}],"wp:attachment":[{"href":"https:\/\/comunicadas.com.ar\/index.php\/wp-json\/wp\/v2\/media?parent=7502"}],"wp:term":[{"taxonomy":"category","embeddable":true,"href":"https:\/\/comunicadas.com.ar\/index.php\/wp-json\/wp\/v2\/categories?post=7502"},{"taxonomy":"post_tag","embeddable":true,"href":"https:\/\/comunicadas.com.ar\/index.php\/wp-json\/wp\/v2\/tags?post=7502"}],"curies":[{"name":"wp","href":"https:\/\/api.w.org\/{rel}","templated":true}]}}