{"id":7462,"date":"2023-08-08T21:00:13","date_gmt":"2023-08-08T21:00:13","guid":{"rendered":"https:\/\/comunicadas.com.ar\/?p=7462"},"modified":"2023-08-08T21:05:11","modified_gmt":"2023-08-08T21:05:11","slug":"san-cayetano-2023-la-espiritualidad-de-los-movimientos-populares-en-el-rearmado-de-la-columna-vertebral-de-este-siglo","status":"publish","type":"post","link":"https:\/\/comunicadas.com.ar\/index.php\/2023\/08\/08\/san-cayetano-2023-la-espiritualidad-de-los-movimientos-populares-en-el-rearmado-de-la-columna-vertebral-de-este-siglo\/","title":{"rendered":"San Cayetano 2023: La espiritualidad de los Movimientos Populares en el rearmado de la columna vertebral de este siglo"},"content":{"rendered":"\n\n\n\n\n<p><a href=\"https:\/\/www.facebook.com\/fmriachuelo\/posts\/pfbid02XWHxtu1Sg35Lzj9RXvk5RHJrDoTLsXnzT1aW6YRNsS2TNMo9Jw3TP2u9gSKs6NGLl\" title=\"*Por FM Riachuelo\">*Por FM Riachuelo<\/a><\/p>\n\n\n\n<p>El cruce de la calle Cuzco con la Av. Rivadavia se hallaba colmado por organizaciones populares y gremiales. Desde la UTEP se dieron cita el Movimiento Evita, el Movimiento de Trabajadores Excluidos (MTE), Pueblo Unido, Movimiento Misioneros de Francisco, Barrios de Pie, la Corriente Clasista y Combativa (CCC), el Movimiento Popular Los Pibes. Tambi\u00e9n fueron de la partida la Central de Trabajadorxs de la Argentina Aut\u00f3noma (CTAA) e integrantes del Tercer Mal\u00f3n de la Paz que desde su acampe frente a tribunales se suman a las luchas de nuestro pueblo. <\/p>\n\n\n\n<div class=\"wp-block-image\"><figure class=\"aligncenter size-full is-resized\"><img loading=\"lazy\" decoding=\"async\" src=\"https:\/\/comunicadas.com.ar\/wp-content\/uploads\/2023\/08\/366075291_675197107965425_6752566366366552118_n.jpg\" alt=\"\" class=\"wp-image-7464\" width=\"662\" height=\"441\" srcset=\"https:\/\/comunicadas.com.ar\/wp-content\/uploads\/2023\/08\/366075291_675197107965425_6752566366366552118_n.jpg 836w, https:\/\/comunicadas.com.ar\/wp-content\/uploads\/2023\/08\/366075291_675197107965425_6752566366366552118_n-300x200.jpg 300w, https:\/\/comunicadas.com.ar\/wp-content\/uploads\/2023\/08\/366075291_675197107965425_6752566366366552118_n-768x512.jpg 768w\" sizes=\"(max-width: 662px) 100vw, 662px\" \/><\/figure><\/div>\n\n\n\n<p>En esta ocasi\u00f3n la celebraci\u00f3n estuvo a cargo del nuevo Arzobispo de Buenos Aires, Jorge Ignacio Garc\u00eda Cuerva, acompa\u00f1ado del Obispo Auxiliar Gustavo Carrara de la Villa 1.11.14 y el Pastor Diego Mendieta de la Secretar\u00eda de Cultos de la UTEP. Lxs Poetas Sociales, al decir del Papa Francisco exhibieron sus palas, picos, cascos, ollas, cucharones, e incluso lanchas para poder ser bendecidas.El Arzobispo Jorge pidi\u00f3 el reconocimiento de los movimientos populares que trabajan en las comunidades todos los d\u00edas: \"a San Cayetano, que es como el o\u00eddo de Dios, le pedimos que escuche al pueblo y le lleve a Dios todas nuestras necesidades.\" Y entusiasmado por la multitudinaria presencia agreg\u00f3: \"hoy Dios dice: bien ah\u00ed por mi pueblo que se anima a seguir construyendo comunidad y la Patria entre todos.\"Sobre el final de la actividad tuvimos ocasi\u00f3n de dialogar con Lito Borello, Secretario de Derechos Humanos de la UTEP quien reflexionando sobre la jornada nos hablaba de la esperanza que genera la alegr\u00eda con que nuestro pueblo celebra sus luchas y que, a pesar de una adversa situaci\u00f3n donde pareciera que la centralidad pol\u00edtica est\u00e1 s\u00f3lo en las elecciones, nuestro pueblo humilde, trabajador, los compa\u00f1eros y compa\u00f1eras de la econom\u00eda popular siguen entendiendo la importancia que tienen estos gestos, acciones y s\u00edmbolos en la calle. En una fecha simb\u00f3lica e ic\u00f3nica para los trabajadores en la Argentina. <\/p>\n\n\n\n<figure class=\"wp-block-image size-large\"><img loading=\"lazy\" decoding=\"async\" width=\"1024\" height=\"461\" src=\"https:\/\/comunicadas.com.ar\/wp-content\/uploads\/2023\/08\/366271246_675198444631958_5169083160366210280_n-1024x461.jpg\" alt=\"\" class=\"wp-image-7465\" srcset=\"https:\/\/comunicadas.com.ar\/wp-content\/uploads\/2023\/08\/366271246_675198444631958_5169083160366210280_n-1024x461.jpg 1024w, https:\/\/comunicadas.com.ar\/wp-content\/uploads\/2023\/08\/366271246_675198444631958_5169083160366210280_n-300x135.jpg 300w, https:\/\/comunicadas.com.ar\/wp-content\/uploads\/2023\/08\/366271246_675198444631958_5169083160366210280_n-768x346.jpg 768w, https:\/\/comunicadas.com.ar\/wp-content\/uploads\/2023\/08\/366271246_675198444631958_5169083160366210280_n-1536x692.jpg 1536w, https:\/\/comunicadas.com.ar\/wp-content\/uploads\/2023\/08\/366271246_675198444631958_5169083160366210280_n.jpg 2048w\" sizes=\"(max-width: 1024px) 100vw, 1024px\" \/><\/figure>\n\n\n\n<div class=\"wp-block-image\"><figure class=\"aligncenter size-large is-resized\"><img loading=\"lazy\" decoding=\"async\" src=\"https:\/\/comunicadas.com.ar\/wp-content\/uploads\/2023\/08\/366229240_675197801298689_2155329520457055641_n-1024x978.jpg\" alt=\"\" class=\"wp-image-7466\" width=\"678\" height=\"647\" srcset=\"https:\/\/comunicadas.com.ar\/wp-content\/uploads\/2023\/08\/366229240_675197801298689_2155329520457055641_n-1024x978.jpg 1024w, https:\/\/comunicadas.com.ar\/wp-content\/uploads\/2023\/08\/366229240_675197801298689_2155329520457055641_n-300x286.jpg 300w, https:\/\/comunicadas.com.ar\/wp-content\/uploads\/2023\/08\/366229240_675197801298689_2155329520457055641_n-768x733.jpg 768w, https:\/\/comunicadas.com.ar\/wp-content\/uploads\/2023\/08\/366229240_675197801298689_2155329520457055641_n.jpg 1280w\" sizes=\"(max-width: 678px) 100vw, 678px\" \/><\/figure><\/div>\n\n\n\n<p>Tambi\u00e9n destac\u00f3 la calidad de una iglesia cercana al pueblo con sacerdotes comprometidos que no dudan un segundo en d\u00f3nde tienen que estar y cu\u00e1les son las palabras de aliento y la gu\u00eda espiritual que se necesitan para las batallas que vienen. Agreg\u00f3: \u201cson esos curitas que resistiendo a la comodidad de la jerarqu\u00eda de sus cargos siguen estando del lado del pueblo; verdaderos pastores que tienen olor a oveja y que eligen estar junto a los sentimientos de nuestro pueblo, preservando su espiritualidad.\u201d Desde su cercan\u00eda con el Movimiento Misioneros de Francisco, Borello hizo referencia a lo que considera la impronta del Papa en este nuevo tiempo de la iglesia, con curas que toman el camino fuera de los muros, en la calle y en los pasillos de cada barrio, para estar cerca de los pobres. Se trata de una iglesia comprometida con la liberaci\u00f3n de los pueblos y en contra de los poderosos que nos quiere imponer un capitalismo salvaje, depredador con un sistema de vida que pone al dios dinero en el centro. Y agreg\u00f3: \u201cqu\u00e9 bueno, qu\u00e9 alegr\u00eda es saber que estos curas est\u00e1n al lado nuestro, que nosotros estamos al lado de ellos, que esa iglesia del pueblo avanza, camina, peregrina y misiona hacia esa hermosa utop\u00eda de otro mundo posible, un mundo donde quepan todos los mundos.\u201dConsultado por la importancia de recuperar la espiritualidad como valor de nuestro pueblo el Secretario de DDHH de la UTEP hizo menci\u00f3n a que: \u201cel Papa Francisco nos habla de la crisis civilizatoria, de una crisis integral y que los movimientos populares venimos hablando de una crisis multidimensional en medio de una contraofensiva restauradora global.\u201d Por eso, agreg\u00f3: \u201ccaminar juntos y fortalecer a los movimientos populares es rearmar la columna vertebral de este siglo con una anatom\u00eda distinta a la de varias d\u00e9cadas atr\u00e1s, construida y organizada con trabajadores y trabajadoras con una fisonom\u00eda distinta a la que antes ten\u00edan, con la espiritualidad como soporte fundamental en el coraz\u00f3n, en la cabeza y en las tripas de los sectores populares.\u201d <\/p>\n\n\n\n<div class=\"wp-block-image\"><figure class=\"aligncenter size-full is-resized\"><img loading=\"lazy\" decoding=\"async\" src=\"https:\/\/comunicadas.com.ar\/wp-content\/uploads\/2023\/08\/366308621_675197274632075_4380519347112904529_n.jpg\" alt=\"\" class=\"wp-image-7467\" width=\"741\" height=\"494\" srcset=\"https:\/\/comunicadas.com.ar\/wp-content\/uploads\/2023\/08\/366308621_675197274632075_4380519347112904529_n.jpg 997w, https:\/\/comunicadas.com.ar\/wp-content\/uploads\/2023\/08\/366308621_675197274632075_4380519347112904529_n-300x200.jpg 300w, https:\/\/comunicadas.com.ar\/wp-content\/uploads\/2023\/08\/366308621_675197274632075_4380519347112904529_n-768x512.jpg 768w\" sizes=\"(max-width: 741px) 100vw, 741px\" \/><\/figure><\/div>\n\n\n\n<p>Para finalizar, Borello se refiri\u00f3 a la espiritualidad popular que hace posible que la esperanza de conquistar una vida digna, llena de amor contin\u00fae viva, y con ella la voluntad de luchar. Valorar la religiosidad de nuestros pueblos no es otra cosa que abrazar nuestras ganas de vencer: \"Es imposible caminar hacia otro mundo posible, hacia una sociedad que viva en forma fraterna, hacia una sociedad que viva en armon\u00eda con el medio ambiente, con la Pachamama. Es imposible so\u00f1ar con un mundo distinto y caminar hacia un mundo de hermanos sin el soporte fundamental que tienen los pueblos de una espiritualidad popular.\u201d As\u00ed es un 7 de agosto d\u00eda de San Cayetano, el Patrono de nuestro pueblo humilde que lucha en la calle por paz, pan, techo, tierra y trabajo. Contrario de lo que se piensa desde cierta comodidad, en las situaciones de crisis nuestro pueblo pobre, desde la profundidad de nuestra patria, se une y confluye desde el inevitable hacer cotidiano para la supervivencia. Es esa sinergia que va organizando y construyendo cada vez mayores niveles de conciencia y a la vez fortalece la espiritualidad de nuestros pueblos, la espiritualidad de nuestras compa\u00f1eras y compa\u00f1eros, de nuestras familias: la espiritualidad de los movimientos populares.<\/p>\n\n\n\n<p><a href=\"https:\/\/www.facebook.com\/photo\/?fbid=675196964632106&amp;set=pcb.675197194632083&amp;__cft__[0]=AZVb4mv2RSQwp1trMOAuzIjOXi_A_zysdITAJof-k-tmQgJRy6ckMIHYyv637TfAaL1OMyU3KtAWb91IxhfBywosv8XlCo32Hf4yKv1McHKewSJ_f65n8cW3PyDiBUiPdlwNcFSDulPp5ltDaNMzKu2r&amp;__tn__=*bH-R\"><\/a><a href=\"https:\/\/www.facebook.com\/photo\/?fbid=675197001298769&amp;set=pcb.675197194632083&amp;__cft__[0]=AZVb4mv2RSQwp1trMOAuzIjOXi_A_zysdITAJof-k-tmQgJRy6ckMIHYyv637TfAaL1OMyU3KtAWb91IxhfBywosv8XlCo32Hf4yKv1McHKewSJ_f65n8cW3PyDiBUiPdlwNcFSDulPp5ltDaNMzKu2r&amp;__tn__=*bH-R\"><\/a><a href=\"https:\/\/www.facebook.com\/photo\/?fbid=675197044632098&amp;set=pcb.675197194632083&amp;__cft__[0]=AZVb4mv2RSQwp1trMOAuzIjOXi_A_zysdITAJof-k-tmQgJRy6ckMIHYyv637TfAaL1OMyU3KtAWb91IxhfBywosv8XlCo32Hf4yKv1McHKewSJ_f65n8cW3PyDiBUiPdlwNcFSDulPp5ltDaNMzKu2r&amp;__tn__=*bH-R\"><\/a><a href=\"https:\/\/www.facebook.com\/photo\/?fbid=675197084632094&amp;set=pcb.675197194632083&amp;__cft__[0]=AZVb4mv2RSQwp1trMOAuzIjOXi_A_zysdITAJof-k-tmQgJRy6ckMIHYyv637TfAaL1OMyU3KtAWb91IxhfBywosv8XlCo32Hf4yKv1McHKewSJ_f65n8cW3PyDiBUiPdlwNcFSDulPp5ltDaNMzKu2r&amp;__tn__=*bH-R\"><\/a><\/p>\n\n\n\n<figure class=\"wp-block-image\"><img decoding=\"async\" src=\"\" alt=\"\"\/><\/figure>\n\n\n\n<figure class=\"wp-block-image\"><img decoding=\"async\" src=\"\" alt=\"\"\/><\/figure>\n\n\n\n<figure class=\"wp-block-image\"><img decoding=\"async\" src=\"\" alt=\"\"\/><\/figure>\n\n\n\n<p>Todas las reacciones:88<\/p>\n","protected":false},"excerpt":{"rendered":"<p>El 7 de agosto de 2023 trabajadores y trabajadoras de la Econom\u00eda Popular se concentraron en la cercan\u00eda del Santuario de San Cayetano. Lentamente fueron templando los \u00e1nimos de la fr\u00eda ma\u00f1ana, en el d\u00eda del Patrono de Pan, Paz y Trabajo, a la espera de la ya habitual bendici\u00f3n de herramientas de trabajo con las que cotidianamente construyen en los barrios populares un mundo distinto basado en los valores del amor, la solidaridad y la fraternidad.<\/p>\n","protected":false},"author":1,"featured_media":7463,"comment_status":"open","ping_status":"open","sticky":false,"template":"","format":"standard","meta":{"inline_featured_image":false,"_monsterinsights_skip_tracking":false,"_monsterinsights_sitenote_active":false,"_monsterinsights_sitenote_note":"","_monsterinsights_sitenote_category":0,"lzb_camalote_bajada":"El 7 de agosto de 2023 trabajadores y trabajadoras de la Econom\u00eda Popular se concentraron en la cercan\u00eda del Santuario de San Cayetano. Lentamente fueron templando los \u00e1nimos de la fr\u00eda ma\u00f1ana, en el d\u00eda del Patrono de Pan, Paz y Trabajo, a la espera de la ya habitual bendici\u00f3n de herramientas de trabajo con las que cotidianamente construyen en los barrios populares un mundo distinto basado en los valores del amor, la solidaridad y la fraternidad.\n","lzb_camalote_fotogalerias_repeater":"","lzb_camalote_fotogalerias_desc":"","lzb_camalote_fotogalerias_autorxs":"%5B%5D","lzb_camalote_post_imagen_destacada":"%7B%22alt%22:%22%22,%22title%22:%22366080626_675197081298761_7733362648823405430_n%22,%22caption%22:%22%22,%22description%22:%7B%22raw%22:%22%22,%22rendered%22:%22%3Cp%20class=%5C%22attachment%5C%22%3E%3Ca%20href='https:\/\/comunicadas.com.ar\/wp-content\/uploads\/2023\/08\/366080626_675197081298761_7733362648823405430_n.jpg'%3E%3Cimg%20width=%5C%22300%5C%22%20height=%5C%22200%5C%22%20src=%5C%22https:\/\/comunicadas.com.ar\/wp-content\/uploads\/2023\/08\/366080626_675197081298761_7733362648823405430_n-300x200.jpg%5C%22%20class=%5C%22attachment-medium%20size-medium%5C%22%20alt=%5C%22%5C%22%20loading=%5C%22lazy%5C%22%20srcset=%5C%22https:\/\/comunicadas.com.ar\/wp-content\/uploads\/2023\/08\/366080626_675197081298761_7733362648823405430_n-300x200.jpg%20300w,%20https:\/\/comunicadas.com.ar\/wp-content\/uploads\/2023\/08\/366080626_675197081298761_7733362648823405430_n-768x512.jpg%20768w,%20https:\/\/comunicadas.com.ar\/wp-content\/uploads\/2023\/08\/366080626_675197081298761_7733362648823405430_n.jpg%20901w%5C%22%20sizes=%5C%22(max-width:%20300px)%20100vw,%20300px%5C%22%20\/%3E%3C\/a%3E%3C\/p%3E%5Cn%22%7D,%22id%22:7463,%22link%22:%22https:\/\/comunicadas.com.ar\/?attachment_id=7463%22,%22url%22:%22https:\/\/comunicadas.com.ar\/wp-content\/uploads\/2023\/08\/366080626_675197081298761_7733362648823405430_n.jpg%22,%22sizes%22:%22%22%7D","lzb_camalote_post_imagen_destacada_fotografx":"FM RIACHUELO","lzb_camalote_post_imagen_destacada_fotografx_url":"","_jetpack_memberships_contains_paid_content":false,"footnotes":""},"categories":[19],"tags":[],"class_list":["post-7462","post","type-post","status-publish","format-standard","has-post-thumbnail","hentry","category-noticias"],"aioseo_notices":[],"jetpack_featured_media_url":"https:\/\/comunicadas.com.ar\/wp-content\/uploads\/2023\/08\/366080626_675197081298761_7733362648823405430_n.jpg","jetpack_sharing_enabled":true,"jetpack_likes_enabled":true,"_links":{"self":[{"href":"https:\/\/comunicadas.com.ar\/index.php\/wp-json\/wp\/v2\/posts\/7462"}],"collection":[{"href":"https:\/\/comunicadas.com.ar\/index.php\/wp-json\/wp\/v2\/posts"}],"about":[{"href":"https:\/\/comunicadas.com.ar\/index.php\/wp-json\/wp\/v2\/types\/post"}],"author":[{"embeddable":true,"href":"https:\/\/comunicadas.com.ar\/index.php\/wp-json\/wp\/v2\/users\/1"}],"replies":[{"embeddable":true,"href":"https:\/\/comunicadas.com.ar\/index.php\/wp-json\/wp\/v2\/comments?post=7462"}],"version-history":[{"count":2,"href":"https:\/\/comunicadas.com.ar\/index.php\/wp-json\/wp\/v2\/posts\/7462\/revisions"}],"predecessor-version":[{"id":7469,"href":"https:\/\/comunicadas.com.ar\/index.php\/wp-json\/wp\/v2\/posts\/7462\/revisions\/7469"}],"wp:featuredmedia":[{"embeddable":true,"href":"https:\/\/comunicadas.com.ar\/index.php\/wp-json\/wp\/v2\/media\/7463"}],"wp:attachment":[{"href":"https:\/\/comunicadas.com.ar\/index.php\/wp-json\/wp\/v2\/media?parent=7462"}],"wp:term":[{"taxonomy":"category","embeddable":true,"href":"https:\/\/comunicadas.com.ar\/index.php\/wp-json\/wp\/v2\/categories?post=7462"},{"taxonomy":"post_tag","embeddable":true,"href":"https:\/\/comunicadas.com.ar\/index.php\/wp-json\/wp\/v2\/tags?post=7462"}],"curies":[{"name":"wp","href":"https:\/\/api.w.org\/{rel}","templated":true}]}}