{"id":7436,"date":"2023-07-12T06:31:12","date_gmt":"2023-07-12T06:31:12","guid":{"rendered":"https:\/\/comunicadas.com.ar\/?p=7436"},"modified":"2023-08-17T19:19:40","modified_gmt":"2023-08-17T19:19:40","slug":"las-areas-de-genero-y-diversidad-en-unidad-en-el-marco-del-ultimo-consejo-federal","status":"publish","type":"post","link":"https:\/\/comunicadas.com.ar\/index.php\/2023\/07\/12\/las-areas-de-genero-y-diversidad-en-unidad-en-el-marco-del-ultimo-consejo-federal\/","title":{"rendered":"Las \u00e1reas de G\u00e9nero y Diversidad en unidad en el marco del \u00faltimo Consejo Federal"},"content":{"rendered":"\n\n\n\n\n<div class=\"wp-block-image\"><figure class=\"aligncenter size-large is-resized\"><img loading=\"lazy\" decoding=\"async\" src=\"https:\/\/comunicadas.com.ar\/wp-content\/uploads\/2023\/07\/WhatsApp-Image-2023-07-07-at-16.10.03-1024x682.jpeg\" alt=\"\" class=\"wp-image-7438\" width=\"707\" height=\"470\" srcset=\"https:\/\/comunicadas.com.ar\/wp-content\/uploads\/2023\/07\/WhatsApp-Image-2023-07-07-at-16.10.03-1024x682.jpeg 1024w, https:\/\/comunicadas.com.ar\/wp-content\/uploads\/2023\/07\/WhatsApp-Image-2023-07-07-at-16.10.03-300x200.jpeg 300w, https:\/\/comunicadas.com.ar\/wp-content\/uploads\/2023\/07\/WhatsApp-Image-2023-07-07-at-16.10.03-768x512.jpeg 768w, https:\/\/comunicadas.com.ar\/wp-content\/uploads\/2023\/07\/WhatsApp-Image-2023-07-07-at-16.10.03-1536x1023.jpeg 1536w, https:\/\/comunicadas.com.ar\/wp-content\/uploads\/2023\/07\/WhatsApp-Image-2023-07-07-at-16.10.03.jpeg 1600w\" sizes=\"(max-width: 707px) 100vw, 707px\" \/><\/figure><\/div>\n\n\n\n<p>El pasado viernes 7 de julio, la ministra de las Mujeres, Pol\u00edticas de G\u00e9nero y Diversidad Sexual de la provincia de Buenos Aires, <strong>Estela D\u00edaz<\/strong>, junto a su par de la Naci\u00f3n, <strong>Ayel\u00e9n Mazzina<\/strong> y con la presencia de autoridades de <strong>20 provincias del pa\u00eds<\/strong>, dieron cierre a la <strong>II Sesi\u00f3n Ordinaria 2023 del Consejo Federal<\/strong>, desarrollada en el edificio Sergio Karakachoff de la Universidad Nacional de La Plata. <\/p>\n\n\n\n<p>Durante su intervenci\u00f3n en la segunda jornada del Consejo, Estela D\u00edaz hizo un repaso por las principales pol\u00edticas de diversidad que se impulsaron a partir de la creaci\u00f3n del Ministerio: <em>\u201cEn el gobierno de la provincia de Buenos Aires, 300 personas aproximadamente han ingresado a partir de la implementaci\u00f3n del cupo laboral travesti-trans. Se realiz\u00f3 un arduo trabajo para la adhesi\u00f3n de los municipios a la Ley: cerca de 130 de los 135 municipios se han adherido y hay toda una l\u00ednea de trabajo para que el sector privado tambi\u00e9n la incluya\u201d<\/em>.<\/p>\n\n\n\n<div class=\"wp-block-image\"><figure class=\"aligncenter size-large is-resized\"><img loading=\"lazy\" decoding=\"async\" src=\"https:\/\/comunicadas.com.ar\/wp-content\/uploads\/2023\/07\/WhatsApp-Image-2023-07-07-at-16.13.07-1024x682.jpeg\" alt=\"\" class=\"wp-image-7440\" width=\"677\" height=\"451\" srcset=\"https:\/\/comunicadas.com.ar\/wp-content\/uploads\/2023\/07\/WhatsApp-Image-2023-07-07-at-16.13.07-1024x682.jpeg 1024w, https:\/\/comunicadas.com.ar\/wp-content\/uploads\/2023\/07\/WhatsApp-Image-2023-07-07-at-16.13.07-300x200.jpeg 300w, https:\/\/comunicadas.com.ar\/wp-content\/uploads\/2023\/07\/WhatsApp-Image-2023-07-07-at-16.13.07-768x512.jpeg 768w, https:\/\/comunicadas.com.ar\/wp-content\/uploads\/2023\/07\/WhatsApp-Image-2023-07-07-at-16.13.07-1536x1023.jpeg 1536w, https:\/\/comunicadas.com.ar\/wp-content\/uploads\/2023\/07\/WhatsApp-Image-2023-07-07-at-16.13.07.jpeg 1600w\" sizes=\"(max-width: 677px) 100vw, 677px\" \/><\/figure><\/div>\n\n\n\n<p><\/p>\n\n\n\n<p>Por su parte, la ministra Mazzina valor\u00f3 el Consejo Federal por ser <em>\"un lugar que nos permite la articulaci\u00f3n, poner en valor todas las pol\u00edticas p\u00fablicas y seguir trabajando para lo que falta\", y continu\u00f3: \"Nuestros ministerios y \u00e1reas de g\u00e9nero son espacios que no vamos a negociar, como tampoco la vida, la libertad, ni la dignidad de las personas\"<\/em>.\u00a0<\/p>\n\n\n\n<p class=\"has-white-color has-vivid-purple-background-color has-text-color has-background\">Con respecto al contexto electoral y a los embates contra la institucionalidad en materia de g\u00e9nero y diversidad, indic\u00f3: <em>\"Escuchamos candidatos que hablan de cerrar el Ministerio o de recortar presupuestos, pero \u00bfcu\u00e1les son las propuestas para erradicar las violencias? No hay. Entonces nos hemos parado bien firmes con todas las provincias en cuanto a cu\u00e1les van a ser las defensas de estos espacios, y para defenderlos hay que conocer la pel\u00edcula completa. Por eso, tenemos que fortalecerlos y darles m\u00fasculo para lo que falta. La violencia de g\u00e9nero es estructural y necesitamos de transformaciones sociales sustanciales que van a llevar su tiempo\"<\/em>.<\/p>\n\n\n\n<p>El encuentro se desarroll\u00f3 en la capital bonaerense e incluy\u00f3 dos jornadas de trabajo centradas en debatir y articular estrategias para abordar la violencia econ\u00f3mica, avanzar en una reorganizaci\u00f3n m\u00e1s justa de los cuidados y en pol\u00edticas de reparaci\u00f3n y reconocimiento a las travesti-trans.<\/p>\n\n\n\n<div class=\"wp-block-image\"><figure class=\"aligncenter size-large is-resized\"><img loading=\"lazy\" decoding=\"async\" src=\"https:\/\/comunicadas.com.ar\/wp-content\/uploads\/2023\/07\/WhatsApp-Image-2023-07-07-at-16.10.04-1024x682.jpeg\" alt=\"\" class=\"wp-image-7441\" width=\"722\" height=\"480\" srcset=\"https:\/\/comunicadas.com.ar\/wp-content\/uploads\/2023\/07\/WhatsApp-Image-2023-07-07-at-16.10.04-1024x682.jpeg 1024w, https:\/\/comunicadas.com.ar\/wp-content\/uploads\/2023\/07\/WhatsApp-Image-2023-07-07-at-16.10.04-300x200.jpeg 300w, https:\/\/comunicadas.com.ar\/wp-content\/uploads\/2023\/07\/WhatsApp-Image-2023-07-07-at-16.10.04-768x512.jpeg 768w, https:\/\/comunicadas.com.ar\/wp-content\/uploads\/2023\/07\/WhatsApp-Image-2023-07-07-at-16.10.04-1536x1023.jpeg 1536w, https:\/\/comunicadas.com.ar\/wp-content\/uploads\/2023\/07\/WhatsApp-Image-2023-07-07-at-16.10.04.jpeg 1600w\" sizes=\"(max-width: 722px) 100vw, 722px\" \/><\/figure><\/div>\n\n\n\n<p>Previo a la apertura de la segunda jornada, las funcionarias brindaron una conferencia de prensa y dieron a conocer detalles de la declaraci\u00f3n conjunta elaborada en el marco del Consejo. <\/p>\n\n\n\n<p class=\"has-white-color has-vivid-purple-background-color has-text-color has-background\">La declaraci\u00f3n destaca la jerarquizaci\u00f3n de las \u00e1reas de g\u00e9nero y diversidad en todo el pa\u00eds, lo que permiti\u00f3 impulsar las pol\u00edticas p\u00fablicas para el abordaje integral de las violencias y en favor de la igualdad. Adem\u00e1s, destaca que la institucionalidad construida es un piso desde el cual seguir trabajando para una Argentina m\u00e1s justa.<\/p>\n\n\n\n<p><em>\u201cEl Estado que construimos en los temas del trabajo, la producci\u00f3n, la salud, la educaci\u00f3n, las pol\u00edticas de diversidad, fue precedido por\u00a0 las luchas y despu\u00e9s vino la institucionalidad que las hace realidad\u201d,<\/em> se\u00f1al\u00f3 Estela D\u00edaz y agradeci\u00f3 que nuestra Provincia sea anfitriona del Consejo Federal: <em>\u201cColectivamente nos enriquecemos, crecemos m\u00e1s, y la producci\u00f3n colectiva siempre es superadora de lo que puede hacer cualquier individualidad\u201d<\/em>.<\/p>\n\n\n\n<p>La declaraci\u00f3n se puede leer y descargar completa por aqu\u00ed:<\/p>\n\n\n\n<div data-wp-interactive=\"core\/file\" class=\"wp-block-file\"><object data-wp-bind--hidden=\"!state.hasPdfPreview\"  class=\"wp-block-file__embed\" data=\"https:\/\/comunicadas.com.ar\/wp-content\/uploads\/2023\/07\/06.07_Declaracio\u0301n-del-Consejo-Federal-del-MMGyD.pdf\" type=\"application\/pdf\" style=\"width:100%;height:600px\" aria-label=\"Incrustado de Incrustado de 06.07_Declaracio\u0301n-del-Consejo-Federal-del-MMGyD..\"><\/object><a id=\"wp-block-file--media-1341eea6-0e8c-45ef-a619-e6ec1ce8e4f7\" href=\"https:\/\/comunicadas.com.ar\/wp-content\/uploads\/2023\/07\/06.07_Declaracio\u0301n-del-Consejo-Federal-del-MMGyD.pdf\">06.07_Declaracio\u0301n-del-Consejo-Federal-del-MMGyD<\/a><a href=\"https:\/\/comunicadas.com.ar\/wp-content\/uploads\/2023\/07\/06.07_Declaracio\u0301n-del-Consejo-Federal-del-MMGyD.pdf\" class=\"wp-block-file__button\" download aria-describedby=\"wp-block-file--media-1341eea6-0e8c-45ef-a619-e6ec1ce8e4f7\">Descarga<\/a><\/div>\n\n\n\n<p>El Consejo Federal est\u00e1 integrado por las m\u00e1ximas autoridades con competencia en las pol\u00edticas de g\u00e9nero de todas las provincias del pa\u00eds. El objetivo del espacio es articular, coordinar y promover pol\u00edticas de alcance federal para dar cumplimiento a las obligaciones que asumi\u00f3 el Estado Nacional en el avance y promoci\u00f3n de los derechos humanos de las mujeres y LGBTI+.<\/p>\n\n\n\n<p><\/p>\n\n\n\n<p>Texto y fotos: Prensa Mujeres, Pol\u00edticas de G\u00e9nero y Diversidad Sexual.<\/p>\n\n\n\n<p>Edici\u00f3n: Comunicadas.<\/p>\n","protected":false},"excerpt":{"rendered":"<p>Durante el cierre de la II Sesi\u00f3n Ordinaria 2023 del Consejo Federal, desarrollada en el edificio Sergio Karakachoff de la Universidad Nacional de La Plata, las autoridades de g\u00e9nero y diversidad de 19 provincias llamaron a defender los derechos conquistados para seguir trabajando por la justicia y la igualdad. <\/p>\n","protected":false},"author":1,"featured_media":7437,"comment_status":"open","ping_status":"open","sticky":false,"template":"","format":"standard","meta":{"inline_featured_image":false,"_monsterinsights_skip_tracking":false,"_monsterinsights_sitenote_active":false,"_monsterinsights_sitenote_note":"","_monsterinsights_sitenote_category":0,"lzb_camalote_bajada":"Durante el cierre de la II Sesi\u00f3n Ordinaria 2023 del Consejo Federal, desarrollada en el edificio Sergio Karakachoff de la Universidad Nacional de La Plata, las autoridades de g\u00e9nero y diversidad de 19 provincias llamaron a defender los derechos conquistados para seguir trabajando por la justicia y la igualdad. ","lzb_camalote_fotogalerias_repeater":"","lzb_camalote_fotogalerias_desc":"","lzb_camalote_fotogalerias_autorxs":"%5B%5D","lzb_camalote_post_imagen_destacada":"%7B%22alt%22:%22%22,%22title%22:%22WhatsApp-Image-2023-07-07-at-16.10.05-1%22,%22caption%22:%22%22,%22description%22:%7B%22raw%22:%22%22,%22rendered%22:%22%3Cp%20class=%5C%22attachment%5C%22%3E%3Ca%20href='https:\/\/comunicadas.com.ar\/wp-content\/uploads\/2023\/07\/WhatsApp-Image-2023-07-07-at-16.10.05-1.jpeg'%3E%3Cimg%20width=%5C%22300%5C%22%20height=%5C%22200%5C%22%20src=%5C%22https:\/\/comunicadas.com.ar\/wp-content\/uploads\/2023\/07\/WhatsApp-Image-2023-07-07-at-16.10.05-1-300x200.jpeg%5C%22%20class=%5C%22attachment-medium%20size-medium%5C%22%20alt=%5C%22%5C%22%20loading=%5C%22lazy%5C%22%20srcset=%5C%22https:\/\/comunicadas.com.ar\/wp-content\/uploads\/2023\/07\/WhatsApp-Image-2023-07-07-at-16.10.05-1-300x200.jpeg%20300w,%20https:\/\/comunicadas.com.ar\/wp-content\/uploads\/2023\/07\/WhatsApp-Image-2023-07-07-at-16.10.05-1-1024x682.jpeg%201024w,%20https:\/\/comunicadas.com.ar\/wp-content\/uploads\/2023\/07\/WhatsApp-Image-2023-07-07-at-16.10.05-1-768x512.jpeg%20768w,%20https:\/\/comunicadas.com.ar\/wp-content\/uploads\/2023\/07\/WhatsApp-Image-2023-07-07-at-16.10.05-1-1536x1023.jpeg%201536w,%20https:\/\/comunicadas.com.ar\/wp-content\/uploads\/2023\/07\/WhatsApp-Image-2023-07-07-at-16.10.05-1.jpeg%201600w%5C%22%20sizes=%5C%22(max-width:%20300px)%20100vw,%20300px%5C%22%20\/%3E%3C\/a%3E%3C\/p%3E%5Cn%22%7D,%22id%22:7437,%22link%22:%22https:\/\/comunicadas.com.ar\/?attachment_id=7437%22,%22url%22:%22https:\/\/comunicadas.com.ar\/wp-content\/uploads\/2023\/07\/WhatsApp-Image-2023-07-07-at-16.10.05-1.jpeg%22,%22sizes%22:%22%22%7D","lzb_camalote_post_imagen_destacada_fotografx":"Prensa Ministerio Mujeres y Diversidad PBA","lzb_camalote_post_imagen_destacada_fotografx_url":"","_jetpack_memberships_contains_paid_content":false,"footnotes":""},"categories":[973],"tags":[],"class_list":["post-7436","post","type-post","status-publish","format-standard","has-post-thumbnail","hentry","category-politica"],"aioseo_notices":[],"jetpack_featured_media_url":"https:\/\/comunicadas.com.ar\/wp-content\/uploads\/2023\/07\/WhatsApp-Image-2023-07-07-at-16.10.05-1.jpeg","jetpack_sharing_enabled":true,"jetpack_likes_enabled":true,"_links":{"self":[{"href":"https:\/\/comunicadas.com.ar\/index.php\/wp-json\/wp\/v2\/posts\/7436"}],"collection":[{"href":"https:\/\/comunicadas.com.ar\/index.php\/wp-json\/wp\/v2\/posts"}],"about":[{"href":"https:\/\/comunicadas.com.ar\/index.php\/wp-json\/wp\/v2\/types\/post"}],"author":[{"embeddable":true,"href":"https:\/\/comunicadas.com.ar\/index.php\/wp-json\/wp\/v2\/users\/1"}],"replies":[{"embeddable":true,"href":"https:\/\/comunicadas.com.ar\/index.php\/wp-json\/wp\/v2\/comments?post=7436"}],"version-history":[{"count":3,"href":"https:\/\/comunicadas.com.ar\/index.php\/wp-json\/wp\/v2\/posts\/7436\/revisions"}],"predecessor-version":[{"id":7445,"href":"https:\/\/comunicadas.com.ar\/index.php\/wp-json\/wp\/v2\/posts\/7436\/revisions\/7445"}],"wp:featuredmedia":[{"embeddable":true,"href":"https:\/\/comunicadas.com.ar\/index.php\/wp-json\/wp\/v2\/media\/7437"}],"wp:attachment":[{"href":"https:\/\/comunicadas.com.ar\/index.php\/wp-json\/wp\/v2\/media?parent=7436"}],"wp:term":[{"taxonomy":"category","embeddable":true,"href":"https:\/\/comunicadas.com.ar\/index.php\/wp-json\/wp\/v2\/categories?post=7436"},{"taxonomy":"post_tag","embeddable":true,"href":"https:\/\/comunicadas.com.ar\/index.php\/wp-json\/wp\/v2\/tags?post=7436"}],"curies":[{"name":"wp","href":"https:\/\/api.w.org\/{rel}","templated":true}]}}