{"id":7427,"date":"2023-07-07T19:33:00","date_gmt":"2023-07-07T19:33:00","guid":{"rendered":"https:\/\/comunicadas.com.ar\/?p=7427"},"modified":"2023-07-07T19:33:46","modified_gmt":"2023-07-07T19:33:46","slug":"riachuelo-se-cumplen-15-anos-del-fallo-de-la-causa-mendoza","status":"publish","type":"post","link":"https:\/\/comunicadas.com.ar\/index.php\/2023\/07\/07\/riachuelo-se-cumplen-15-anos-del-fallo-de-la-causa-mendoza\/","title":{"rendered":"Riachuelo: Se cumplen 15 a\u00f1os del Fallo de la Causa Mendoza\u00a0\u00a0"},"content":{"rendered":"\n\n\n\n\n<p>El 8 de julio de 2008 la Corte Suprema de Justicia de la Naci\u00f3n, condenaba a los estados Nacional, de la provincia de Buenos Aires, de la Ciudad Aut\u00f3noma de Buenos Aires, y los instaba a ejecutar un plan de saneamiento para la Cuenca Matanza Riachuelo que tuviera como ejes tres premisas clave: mejorar la calidad de vida de sus habitantes, recomponer el ambiente y prevenir futuros da\u00f1os.<\/p>\n\n\n\n<p>Pasaron 15 a\u00f1os de ese fallo y la realidad de la Cuenca, que es parte de la semblanza de un territorio con m\u00e1s de 200 a\u00f1os de historia y memoria, se transform\u00f3. Y si bien es cierto que a\u00fan falta trabajo por hacer, se encuentra en una nueva etapa en el proceso de saneamiento. Porque hoy se est\u00e1 atacando de origen la contaminaci\u00f3n que se remonta a los tiempos de la colonia.<\/p>\n\n\n\n<p>El presidente del organismo, Mart\u00edn Sabbatella se refiri\u00f3 a este nuevo aniversario: <em>\u201cEstos 15 a\u00f1os fueron de grandes avances de la Cuenca Matanza Riachuelo que ingresa en una nueva etapa del proceso de saneamiento y recuperaci\u00f3n. Cambios tangibles, como la mudanza del Mercado de Hacienda de Liniers o la entrega de nuevas soluciones habitacionales a familias en riesgo ambiental, fueron acompa\u00f1ados tambi\u00e9n por transformaciones sobre lo que nos permitimos pensar colectivamente qu\u00e9 es o puede ser el Riachuelo\u201d<\/em>.&nbsp;<\/p>\n\n\n\n<div class=\"wp-block-image\"><figure class=\"aligncenter size-large is-resized\"><img loading=\"lazy\" decoding=\"async\" src=\"https:\/\/comunicadas.com.ar\/wp-content\/uploads\/2023\/07\/beed2244a3502662d956e-1024x682.jpg\" alt=\"\" class=\"wp-image-7430\" width=\"739\" height=\"492\" srcset=\"https:\/\/comunicadas.com.ar\/wp-content\/uploads\/2023\/07\/beed2244a3502662d956e-1024x682.jpg 1024w, https:\/\/comunicadas.com.ar\/wp-content\/uploads\/2023\/07\/beed2244a3502662d956e-300x200.jpg 300w, https:\/\/comunicadas.com.ar\/wp-content\/uploads\/2023\/07\/beed2244a3502662d956e-768x511.jpg 768w, https:\/\/comunicadas.com.ar\/wp-content\/uploads\/2023\/07\/beed2244a3502662d956e-1536x1022.jpg 1536w, https:\/\/comunicadas.com.ar\/wp-content\/uploads\/2023\/07\/beed2244a3502662d956e.jpg 1920w\" sizes=\"(max-width: 739px) 100vw, 739px\" \/><\/figure><\/div>\n\n\n\n<p>Pero tambi\u00e9n Sabbatella advirti\u00f3 que hablar del futuro es referirnos al avance de obras como el Sistema Riachuelo, que ser\u00e1 un antes y despu\u00e9s en el tratamiento de una de las principales fuentes actuales de contaminaci\u00f3n de la Cuenca: los desechos cloacales: <em>\u201cEl Sistema Riachuelo es la mega obra de saneamiento m\u00e1s importante del pa\u00eds. Se trata de una ampliaci\u00f3n cloacal que beneficiar\u00e1 a m\u00e1s de 4.3 millones de habitantes en la regi\u00f3n y, en un futuro, permitir\u00e1 incorporar a 1.5 mill\u00f3n de habitantes a la red de cloacas, evitando as\u00ed que los desechos org\u00e1nicos se viertan directamente en el cauce del Riachuelo, lo que constituye hoy una de sus principales causas de contaminaci\u00f3n\u201d<\/em>.&nbsp;<\/p>\n\n\n\n<p>Y agreg\u00f3: <em>\u201cEs tambi\u00e9n saber que las industrias son fiscalizadas y controladas, pero que adem\u00e1s, con la supervisi\u00f3n de ACUMAR se inician las obras necesarias para producir de forma sostenible y amigable con el ambiente y que con proyectos como el Parque Industrial Curtidor avanzamos para alcanzar una Cuenca con sostenibilidad ambiental y social\u201d<\/em>.&nbsp;&nbsp;<\/p>\n\n\n\n<p>En un contexto global de profunda incertidumbre y angustia social en torno a las capacidades que demostramos como colectivo humano para afrontar los desaf\u00edos del cambio clim\u00e1tico, proponer nuevos horizontes, concretos y alcanzables, debe ser un mandato para la gesti\u00f3n p\u00fablica de lo ambiental.&nbsp;<\/p>\n\n\n\n<div class=\"wp-block-image\"><figure class=\"aligncenter size-large is-resized\"><img loading=\"lazy\" decoding=\"async\" src=\"https:\/\/comunicadas.com.ar\/wp-content\/uploads\/2023\/07\/1fd45e94ff15225cb2689-1024x683.jpg\" alt=\"\" class=\"wp-image-7431\" width=\"723\" height=\"482\" srcset=\"https:\/\/comunicadas.com.ar\/wp-content\/uploads\/2023\/07\/1fd45e94ff15225cb2689-1024x683.jpg 1024w, https:\/\/comunicadas.com.ar\/wp-content\/uploads\/2023\/07\/1fd45e94ff15225cb2689-300x200.jpg 300w, https:\/\/comunicadas.com.ar\/wp-content\/uploads\/2023\/07\/1fd45e94ff15225cb2689-768x512.jpg 768w, https:\/\/comunicadas.com.ar\/wp-content\/uploads\/2023\/07\/1fd45e94ff15225cb2689-1536x1024.jpg 1536w, https:\/\/comunicadas.com.ar\/wp-content\/uploads\/2023\/07\/1fd45e94ff15225cb2689.jpg 1920w\" sizes=\"(max-width: 723px) 100vw, 723px\" \/><\/figure><\/div>\n\n\n\n<p><em>\u201cDebemos y queremos trabajar por una Cuenca que proteja su biodiversidad y la calidad de sus suelos, arroyos, r\u00edos y aire, tanto como por una Cuenca que contemple el rol decisivo de la generaci\u00f3n de empleo en la calidad de vida de su poblaci\u00f3n\u201d<\/em>, afirm\u00f3 el presidente del organismo.<\/p>\n\n\n\n<p>Este tipo de debates es posible gracias al trabajo sostenido que <strong>ACUMAR<\/strong> lleva adelante todos los d\u00edas en articulaci\u00f3n con los gobiernos de competencia en la Cuenca, as\u00ed como por el compromiso de una comunidad fuertemente organizada en defensa de su derecho al disfrute de un ambiente sano.<\/p>\n\n\n\n<p><em>\u201cCon la misma impronta del r\u00edo, que no entiende de l\u00edmites distritales, sino que afecta a su paso a todas, todes y todos por igual, seguimos trabajando en comunidad para recuperar y cuidar lo que nos une: el amor por este territorio y el deseo de legar a las generaciones que vienen una Cuenca diferente libre de contaminaci\u00f3n\u201d<\/em>, finaliz\u00f3 Sabbatella.<\/p>\n\n\n\n<h4 class=\"wp-block-heading\" id=\"Con-la-mirada-puesta-en-el-futuro\">Con la mirada puesta en el futuro<\/h4>\n\n\n\n<p>Con motivo de cumplirse 15 a\u00f1os del Fallo en la causa Mendoza, <strong>ACUMAR<\/strong> llev\u00f3 a cabo una serie de jornadas participativas que tienen como objetivo compartir los balances, tanto de la ejecuci\u00f3n de obras estructurales, como de las tareas continuas que el organismo lleva adelante y perspectivas a futuro sobre el saneamiento.<\/p>\n\n\n\n<p>El 5 de julio se llev\u00f3 a cabo un Seminario internacional sobre experiencias de saneamiento y recomposici\u00f3n ambiental de r\u00edos urbanos, y el 7 de julio se celebra una Audiencia P\u00fablica que propone tratar la tem\u00e1tica \u201cCalidad del agua de la Cuenca Matanza Riachuelo. Conocer, medir e intervenir\u201d, que se desarrollar\u00e1 en Avellaneda.<\/p>\n\n\n\n<p><\/p>\n\n\n\n<p>Fuente: Prensa ACUMAR.<\/p>\n","protected":false},"excerpt":{"rendered":"<p>En este tiempo la Cuenca Matanza Riachuelo comenz\u00f3 a cambiar su cara y hoy ya se puede hablar de una nueva etapa en el proceso de saneamiento y recomposici\u00f3n ambiental. En ese marco, ACUMAR desarrolla actividades de divulgaci\u00f3n y debate.<\/p>\n","protected":false},"author":1,"featured_media":7434,"comment_status":"open","ping_status":"open","sticky":false,"template":"","format":"standard","meta":{"inline_featured_image":false,"_monsterinsights_skip_tracking":false,"_monsterinsights_sitenote_active":false,"_monsterinsights_sitenote_note":"","_monsterinsights_sitenote_category":0,"lzb_camalote_bajada":"En este tiempo la Cuenca Matanza Riachuelo comenz\u00f3 a cambiar su cara y hoy ya se puede hablar de una nueva etapa en el proceso de saneamiento y recomposici\u00f3n ambiental. En ese marco, ACUMAR desarrolla actividades de divulgaci\u00f3n y debate.\n\n","lzb_camalote_fotogalerias_repeater":"","lzb_camalote_fotogalerias_desc":"","lzb_camalote_fotogalerias_autorxs":"%5B%5D","lzb_camalote_post_imagen_destacada":"%7B%22alt%22:%22%22,%22title%22:%22542877e60782c447b67d1-1%22,%22caption%22:%22%22,%22description%22:%7B%22raw%22:%22%22,%22rendered%22:%22%3Cp%20class=%5C%22attachment%5C%22%3E%3Ca%20href='https:\/\/comunicadas.com.ar\/wp-content\/uploads\/2023\/07\/542877e60782c447b67d1-1-scaled.jpg'%3E%3Cimg%20width=%5C%22300%5C%22%20height=%5C%22169%5C%22%20src=%5C%22https:\/\/comunicadas.com.ar\/wp-content\/uploads\/2023\/07\/542877e60782c447b67d1-1-300x169.jpg%5C%22%20class=%5C%22attachment-medium%20size-medium%5C%22%20alt=%5C%22%5C%22%20loading=%5C%22lazy%5C%22%20srcset=%5C%22https:\/\/comunicadas.com.ar\/wp-content\/uploads\/2023\/07\/542877e60782c447b67d1-1-300x169.jpg%20300w,%20https:\/\/comunicadas.com.ar\/wp-content\/uploads\/2023\/07\/542877e60782c447b67d1-1-1024x578.jpg%201024w,%20https:\/\/comunicadas.com.ar\/wp-content\/uploads\/2023\/07\/542877e60782c447b67d1-1-768x433.jpg%20768w,%20https:\/\/comunicadas.com.ar\/wp-content\/uploads\/2023\/07\/542877e60782c447b67d1-1-1536x866.jpg%201536w,%20https:\/\/comunicadas.com.ar\/wp-content\/uploads\/2023\/07\/542877e60782c447b67d1-1-2048x1155.jpg%202048w,%20https:\/\/comunicadas.com.ar\/wp-content\/uploads\/2023\/07\/542877e60782c447b67d1-1-scaled.jpg%202560w%5C%22%20sizes=%5C%22(max-width:%20300px)%20100vw,%20300px%5C%22%20\/%3E%3C\/a%3E%3C\/p%3E%5Cn%22%7D,%22id%22:7434,%22link%22:%22https:\/\/comunicadas.com.ar\/index.php\/2023\/07\/07\/riachuelo-se-cumplen-15-anos-del-fallo-de-la-causa-mendoza\/542877e60782c447b67d1-1\/%22,%22url%22:%22https:\/\/comunicadas.com.ar\/wp-content\/uploads\/2023\/07\/542877e60782c447b67d1-1-scaled.jpg%22,%22sizes%22:%22%22%7D","lzb_camalote_post_imagen_destacada_fotografx":"ACUMAR","lzb_camalote_post_imagen_destacada_fotografx_url":"","_jetpack_memberships_contains_paid_content":false,"footnotes":""},"categories":[972],"tags":[],"class_list":["post-7427","post","type-post","status-publish","format-standard","has-post-thumbnail","hentry","category-ambiente"],"aioseo_notices":[],"jetpack_featured_media_url":"https:\/\/comunicadas.com.ar\/wp-content\/uploads\/2023\/07\/542877e60782c447b67d1-1-scaled.jpg","jetpack_sharing_enabled":true,"jetpack_likes_enabled":true,"_links":{"self":[{"href":"https:\/\/comunicadas.com.ar\/index.php\/wp-json\/wp\/v2\/posts\/7427"}],"collection":[{"href":"https:\/\/comunicadas.com.ar\/index.php\/wp-json\/wp\/v2\/posts"}],"about":[{"href":"https:\/\/comunicadas.com.ar\/index.php\/wp-json\/wp\/v2\/types\/post"}],"author":[{"embeddable":true,"href":"https:\/\/comunicadas.com.ar\/index.php\/wp-json\/wp\/v2\/users\/1"}],"replies":[{"embeddable":true,"href":"https:\/\/comunicadas.com.ar\/index.php\/wp-json\/wp\/v2\/comments?post=7427"}],"version-history":[{"count":3,"href":"https:\/\/comunicadas.com.ar\/index.php\/wp-json\/wp\/v2\/posts\/7427\/revisions"}],"predecessor-version":[{"id":7435,"href":"https:\/\/comunicadas.com.ar\/index.php\/wp-json\/wp\/v2\/posts\/7427\/revisions\/7435"}],"wp:featuredmedia":[{"embeddable":true,"href":"https:\/\/comunicadas.com.ar\/index.php\/wp-json\/wp\/v2\/media\/7434"}],"wp:attachment":[{"href":"https:\/\/comunicadas.com.ar\/index.php\/wp-json\/wp\/v2\/media?parent=7427"}],"wp:term":[{"taxonomy":"category","embeddable":true,"href":"https:\/\/comunicadas.com.ar\/index.php\/wp-json\/wp\/v2\/categories?post=7427"},{"taxonomy":"post_tag","embeddable":true,"href":"https:\/\/comunicadas.com.ar\/index.php\/wp-json\/wp\/v2\/tags?post=7427"}],"curies":[{"name":"wp","href":"https:\/\/api.w.org\/{rel}","templated":true}]}}