{"id":7411,"date":"2023-07-03T06:40:03","date_gmt":"2023-07-03T06:40:03","guid":{"rendered":"https:\/\/comunicadas.com.ar\/?p=7411"},"modified":"2023-08-08T20:44:47","modified_gmt":"2023-08-08T20:44:47","slug":"la-juventud-marcho-por-una-ley-de-emergencia-contra-las-adicciones","status":"publish","type":"post","link":"https:\/\/comunicadas.com.ar\/index.php\/2023\/07\/03\/la-juventud-marcho-por-una-ley-de-emergencia-contra-las-adicciones\/","title":{"rendered":"La juventud march\u00f3 por una Ley de Emergencia contra las Adicciones"},"content":{"rendered":"\n\n\n\n\n<div class=\"wp-block-image\"><figure class=\"aligncenter size-full\"><img loading=\"lazy\" decoding=\"async\" width=\"623\" height=\"291\" src=\"https:\/\/comunicadas.com.ar\/wp-content\/uploads\/2023\/07\/adicciones.jpg\" alt=\"\" class=\"wp-image-7413\" srcset=\"https:\/\/comunicadas.com.ar\/wp-content\/uploads\/2023\/07\/adicciones.jpg 623w, https:\/\/comunicadas.com.ar\/wp-content\/uploads\/2023\/07\/adicciones-300x140.jpg 300w\" sizes=\"(max-width: 623px) 100vw, 623px\" \/><figcaption>Ph: Ni un pibe y piba menos por la droga. <\/figcaption><\/figure><\/div>\n\n\n\n<p>En el marco de lo que fue el d\u00eda internacional de la lucha contra la droga y el narcotr\u00e1fico, j\u00f3venes que integran distintas organizaciones sociales, movilizaron al Congreso para exigir una <strong>Ley de Emergencia en Adicciones<\/strong>, ya que consideran que el Estado debe hacerse cargo de contener a miles de personas en situaci\u00f3n de consumo. <\/p>\n\n\n\n<div class=\"wp-block-image\"><figure class=\"aligncenter size-full is-resized\"><img loading=\"lazy\" decoding=\"async\" src=\"https:\/\/comunicadas.com.ar\/wp-content\/uploads\/2023\/07\/flyer-adicciones.jpg\" alt=\"\" class=\"wp-image-7414\" width=\"447\" height=\"553\" srcset=\"https:\/\/comunicadas.com.ar\/wp-content\/uploads\/2023\/07\/flyer-adicciones.jpg 695w, https:\/\/comunicadas.com.ar\/wp-content\/uploads\/2023\/07\/flyer-adicciones-243x300.jpg 243w\" sizes=\"(max-width: 447px) 100vw, 447px\" \/><\/figure><\/div>\n\n\n\n<p><\/p>\n\n\n\n<p>Desde el movimiento <strong>Ni un Pibe y Piba Menos por la Droga<\/strong> mantuvieron la consigna <em>\"Ley de emergencia en adicciones, la deuda es con los pibes y las pibas\" <\/em>, en di\u00e1logo con Comunicadas, Mar\u00eda Mangione, coordinadora de una casa de acompa\u00f1amiento y atenci\u00f3n comunitaria en la zona del AMBA, explic\u00f3: <\/p>\n\n\n\n<p class=\"has-white-color has-luminous-vivid-orange-background-color has-text-color has-background\"><em>\"Nosotrxs entendemos que la droga es una estaci\u00f3n de llegada a un mont\u00f3n de derechos que fueron rotos y sabemos que estamos en emergencia en relaci\u00f3n al aumento de las adicciones. Por eso, consideramos que <strong>sin tierra, sin techo y sin trabajo es muy dif\u00edcil que los pibes y las pibas puedan salir de la droga<\/strong>. Por eso decimos que no al pago del FMI, justamente para que ese dinero sea destinado a la emergencia\". <\/em><\/p>\n\n\n\n<p><\/p>\n\n\n\n<p>El canal comunitario Barricada TV, estuvo realizando una cobertura completa sobre la movilizaci\u00f3n:<\/p>\n\n\n\n<figure class=\"wp-block-embed is-type-video is-provider-youtube wp-block-embed-youtube wp-embed-aspect-16-9 wp-has-aspect-ratio\"><div class=\"wp-block-embed__wrapper\">\n<iframe loading=\"lazy\" title=\"NOTICIERO POPULAR (28\/6) | EN VIVO\" width=\"500\" height=\"281\" src=\"https:\/\/www.youtube.com\/embed\/tbqCtulCvac?start=1929&feature=oembed\" frameborder=\"0\" allow=\"accelerometer; autoplay; clipboard-write; encrypted-media; gyroscope; picture-in-picture; web-share\" referrerpolicy=\"strict-origin-when-cross-origin\" allowfullscreen><\/iframe>\n<\/div><\/figure>\n\n\n\n<p><\/p>\n","protected":false},"excerpt":{"rendered":"<p>El pasado mi\u00e9rcoles 28 de junio, miles de j\u00f3venes se movilizaron al Congreso Nacional para pedir el tratamiento de una norma que aborde esta problem\u00e1tica de manera integral.<\/p>\n","protected":false},"author":1,"featured_media":7412,"comment_status":"open","ping_status":"open","sticky":false,"template":"","format":"standard","meta":{"inline_featured_image":false,"_monsterinsights_skip_tracking":false,"_monsterinsights_sitenote_active":false,"_monsterinsights_sitenote_note":"","_monsterinsights_sitenote_category":0,"lzb_camalote_bajada":"El pasado mi\u00e9rcoles 28 de junio, miles de j\u00f3venes se movilizaron al Congreso Nacional para pedir el tratamiento de una norma que aborde esta problem\u00e1tica de manera integral.","lzb_camalote_fotogalerias_repeater":"","lzb_camalote_fotogalerias_desc":"","lzb_camalote_fotogalerias_autorxs":"%5B%5D","lzb_camalote_post_imagen_destacada":"%7B%22alt%22:%22%22,%22title%22:%22adicciones-2%22,%22caption%22:%22%22,%22description%22:%7B%22raw%22:%22%22,%22rendered%22:%22%3Cp%20class=%5C%22attachment%5C%22%3E%3Ca%20href='https:\/\/comunicadas.com.ar\/wp-content\/uploads\/2023\/07\/adicciones-2.jpg'%3E%3Cimg%20width=%5C%22300%5C%22%20height=%5C%22212%5C%22%20src=%5C%22https:\/\/comunicadas.com.ar\/wp-content\/uploads\/2023\/07\/adicciones-2-300x212.jpg%5C%22%20class=%5C%22attachment-medium%20size-medium%5C%22%20alt=%5C%22%5C%22%20loading=%5C%22lazy%5C%22%20srcset=%5C%22https:\/\/comunicadas.com.ar\/wp-content\/uploads\/2023\/07\/adicciones-2-300x212.jpg%20300w,%20https:\/\/comunicadas.com.ar\/wp-content\/uploads\/2023\/07\/adicciones-2-768x542.jpg%20768w,%20https:\/\/comunicadas.com.ar\/wp-content\/uploads\/2023\/07\/adicciones-2.jpg%20863w%5C%22%20sizes=%5C%22(max-width:%20300px)%20100vw,%20300px%5C%22%20\/%3E%3C\/a%3E%3C\/p%3E%5Cn%22%7D,%22id%22:7412,%22link%22:%22https:\/\/comunicadas.com.ar\/?attachment_id=7412%22,%22url%22:%22https:\/\/comunicadas.com.ar\/wp-content\/uploads\/2023\/07\/adicciones-2.jpg%22,%22sizes%22:%22%22%7D","lzb_camalote_post_imagen_destacada_fotografx":"Ni Un Pibe y Piba Menos x La Droga","lzb_camalote_post_imagen_destacada_fotografx_url":"","_jetpack_memberships_contains_paid_content":false,"footnotes":""},"categories":[971],"tags":[],"class_list":["post-7411","post","type-post","status-publish","format-standard","has-post-thumbnail","hentry","category-salud"],"aioseo_notices":[],"jetpack_featured_media_url":"https:\/\/comunicadas.com.ar\/wp-content\/uploads\/2023\/07\/adicciones-2.jpg","jetpack_sharing_enabled":true,"jetpack_likes_enabled":true,"_links":{"self":[{"href":"https:\/\/comunicadas.com.ar\/index.php\/wp-json\/wp\/v2\/posts\/7411"}],"collection":[{"href":"https:\/\/comunicadas.com.ar\/index.php\/wp-json\/wp\/v2\/posts"}],"about":[{"href":"https:\/\/comunicadas.com.ar\/index.php\/wp-json\/wp\/v2\/types\/post"}],"author":[{"embeddable":true,"href":"https:\/\/comunicadas.com.ar\/index.php\/wp-json\/wp\/v2\/users\/1"}],"replies":[{"embeddable":true,"href":"https:\/\/comunicadas.com.ar\/index.php\/wp-json\/wp\/v2\/comments?post=7411"}],"version-history":[{"count":5,"href":"https:\/\/comunicadas.com.ar\/index.php\/wp-json\/wp\/v2\/posts\/7411\/revisions"}],"predecessor-version":[{"id":7420,"href":"https:\/\/comunicadas.com.ar\/index.php\/wp-json\/wp\/v2\/posts\/7411\/revisions\/7420"}],"wp:featuredmedia":[{"embeddable":true,"href":"https:\/\/comunicadas.com.ar\/index.php\/wp-json\/wp\/v2\/media\/7412"}],"wp:attachment":[{"href":"https:\/\/comunicadas.com.ar\/index.php\/wp-json\/wp\/v2\/media?parent=7411"}],"wp:term":[{"taxonomy":"category","embeddable":true,"href":"https:\/\/comunicadas.com.ar\/index.php\/wp-json\/wp\/v2\/categories?post=7411"},{"taxonomy":"post_tag","embeddable":true,"href":"https:\/\/comunicadas.com.ar\/index.php\/wp-json\/wp\/v2\/tags?post=7411"}],"curies":[{"name":"wp","href":"https:\/\/api.w.org\/{rel}","templated":true}]}}