{"id":7402,"date":"2023-07-03T05:45:15","date_gmt":"2023-07-03T05:45:15","guid":{"rendered":"https:\/\/comunicadas.com.ar\/?p=7402"},"modified":"2023-07-17T06:07:39","modified_gmt":"2023-07-17T06:07:39","slug":"convocan-a-movilizar-hacia-el-nuevo-juicio-por-el-femicidio-de-luna-ortiz","status":"publish","type":"post","link":"https:\/\/comunicadas.com.ar\/index.php\/2023\/07\/03\/convocan-a-movilizar-hacia-el-nuevo-juicio-por-el-femicidio-de-luna-ortiz\/","title":{"rendered":"Convocan a movilizar hacia el nuevo juicio por el femicidio de Luna Ort\u00edz"},"content":{"rendered":"\n\n\n\n\n<div class=\"wp-block-image\"><figure class=\"aligncenter size-large is-resized\"><img loading=\"lazy\" decoding=\"async\" src=\"https:\/\/comunicadas.com.ar\/wp-content\/uploads\/2023\/07\/7488-despues-de-liberar-al-femicida-de-luna-ortiz-el-juez-intenta-amedrentar-la-lucha-de-su-familia-1024x541.png\" alt=\"\" class=\"wp-image-7404\" width=\"732\" height=\"386\" srcset=\"https:\/\/comunicadas.com.ar\/wp-content\/uploads\/2023\/07\/7488-despues-de-liberar-al-femicida-de-luna-ortiz-el-juez-intenta-amedrentar-la-lucha-de-su-familia-1024x541.png 1024w, https:\/\/comunicadas.com.ar\/wp-content\/uploads\/2023\/07\/7488-despues-de-liberar-al-femicida-de-luna-ortiz-el-juez-intenta-amedrentar-la-lucha-de-su-familia-300x158.png 300w, https:\/\/comunicadas.com.ar\/wp-content\/uploads\/2023\/07\/7488-despues-de-liberar-al-femicida-de-luna-ortiz-el-juez-intenta-amedrentar-la-lucha-de-su-familia-768x406.png 768w, https:\/\/comunicadas.com.ar\/wp-content\/uploads\/2023\/07\/7488-despues-de-liberar-al-femicida-de-luna-ortiz-el-juez-intenta-amedrentar-la-lucha-de-su-familia.png 1280w\" sizes=\"(max-width: 732px) 100vw, 732px\" \/><figcaption>PH: Prensa Obrera. <\/figcaption><\/figure><\/div>\n\n\n\n<p><em>\"Luna Ortiz, fue asesinada en Benav\u00eddez (Tigre) el 3 de junio de 2017, ten\u00eda 19 a\u00f1os y por hoy no s\u00f3lo no la tenemos en vida, sino que adem\u00e1s tampoco tenemos justicia. En mayo del a\u00f1o pasado, <strong>la justicia decidi\u00f3 dejar en libertad al \u00fanico detenido por su muerte, al femicida Isa\u00edas Villareal<\/strong>, qui\u00e9n drog\u00f3, vendi\u00f3 a otros hombres por sexo (de los cuales tambi\u00e9n las causas est\u00e1n frenadas) y abus\u00f3 de Luna hasta su muerte. Hoy se pasea c\u00f3modamente viviendo s\u00f3lo a 6 cuadras de la casa de la familia, porque los jueces despu\u00e9s de liberarlo otorgaron, \u201ccasualmente\u201d, una perimetral s\u00f3lo por 500 metros\",<\/em> explica el comunicado de la asamblea activa que impulsan principalmente, los padres de Luna Ort\u00edz, Marisa y Facundo. <\/p>\n\n\n\n<div class=\"wp-block-image\"><figure class=\"aligncenter size-large is-resized\"><img loading=\"lazy\" decoding=\"async\" src=\"https:\/\/comunicadas.com.ar\/wp-content\/uploads\/2023\/07\/WhatsApp-Image-2023-07-03-at-01.43.18-1-1024x1024.jpeg\" alt=\"\" class=\"wp-image-7405\" width=\"653\" height=\"653\" srcset=\"https:\/\/comunicadas.com.ar\/wp-content\/uploads\/2023\/07\/WhatsApp-Image-2023-07-03-at-01.43.18-1-1024x1024.jpeg 1024w, https:\/\/comunicadas.com.ar\/wp-content\/uploads\/2023\/07\/WhatsApp-Image-2023-07-03-at-01.43.18-1-300x300.jpeg 300w, https:\/\/comunicadas.com.ar\/wp-content\/uploads\/2023\/07\/WhatsApp-Image-2023-07-03-at-01.43.18-1-150x150.jpeg 150w, https:\/\/comunicadas.com.ar\/wp-content\/uploads\/2023\/07\/WhatsApp-Image-2023-07-03-at-01.43.18-1-768x768.jpeg 768w, https:\/\/comunicadas.com.ar\/wp-content\/uploads\/2023\/07\/WhatsApp-Image-2023-07-03-at-01.43.18-1.jpeg 1080w\" sizes=\"(max-width: 653px) 100vw, 653px\" \/><figcaption>La convocatoria para la movilizaci\u00f3n del d\u00eda martes 4 de julio. <\/figcaption><\/figure><\/div>\n\n\n\n<p class=\"has-white-color has-vivid-purple-background-color has-text-color has-background\">Contin\u00faa el texto difundido, <em>\"Desde que ocurri\u00f3 el femicidio de Luna, en 2017, la justicia s\u00f3lo ha puesto trabas al proceso de investigaci\u00f3n, favoreciendo como en much\u00edsimos otros casos a los femicidas, abusadores y violentos. El crimen de Luna fue dividido en 5 causas por la Fiscal\u00eda de G\u00e9nero de Tigre, una causa como abandono de persona seguida de muerte con suministro de estupefacientes a t\u00edtulo gratuito, otra causa de abuso sexual, una causa de facilitaci\u00f3n de la prostituci\u00f3n y dos causas de narcotr\u00e1fico, esta \u00faltima que la familia investigando por su cuenta descubri\u00f3 en octubre del a\u00f1o pasado. En 2019, despu\u00e9s de movilizaciones y acciones en toda la zona norte de Buenos Aires, conseguimos la condena de 14 a\u00f1os de prisi\u00f3n, dictada por los jueces Mar\u00eda Cohelo, Marcelo Gaig y Alejandro Lago, del TOC 7 de San Isidro, pero no bajo la causa de femicidio que reclamamos incesantemente. <strong>Al llegar a instancia de Casaci\u00f3n a la Sala Primera, los jueces Ricardo Ram\u00f3n Maidana y Daniel Alfredo Carral cambian la car\u00e1tula a homicidio culposo con suministro de estupefacientes, y el mismo TOC 7 de San Isidro deja a Villarreal en libertad, en mayo del 2022, sin antes notificar a la familia de la v\u00edctima como corresponde.<\/strong> En esta instancia de juicio de cesura, los jueces Ver\u00f3nica Di Tomasso, Ariel Introzzi Trugli e Hip\u00f3lito Urquijo deben realizar un nuevo fallo<\/em>\". <\/p>\n\n\n\n<p><\/p>\n\n\n\n<div class=\"wp-block-image\"><figure class=\"aligncenter size-large is-resized\"><img loading=\"lazy\" decoding=\"async\" src=\"https:\/\/comunicadas.com.ar\/wp-content\/uploads\/2023\/07\/WhatsApp-Image-2023-07-03-at-01.42.06-1-576x1024.jpeg\" alt=\"\" class=\"wp-image-7406\" width=\"302\" height=\"537\" srcset=\"https:\/\/comunicadas.com.ar\/wp-content\/uploads\/2023\/07\/WhatsApp-Image-2023-07-03-at-01.42.06-1-576x1024.jpeg 576w, https:\/\/comunicadas.com.ar\/wp-content\/uploads\/2023\/07\/WhatsApp-Image-2023-07-03-at-01.42.06-1-169x300.jpeg 169w, https:\/\/comunicadas.com.ar\/wp-content\/uploads\/2023\/07\/WhatsApp-Image-2023-07-03-at-01.42.06-1.jpeg 720w\" sizes=\"(max-width: 302px) 100vw, 302px\" \/><figcaption>La asamblea activa realiz\u00f3 afichadas en varios puntos de la zona norte. <\/figcaption><\/figure><\/div>\n\n\n\n<p class=\"has-white-color has-vivid-purple-background-color has-text-color has-background\">Al finalizar, el comunicado pidi\u00f3 que <strong><em>\"este martes 4 de julio convocamos a todos los medios, familias y organizaciones a acompa\u00f1arnos a las puertas del TOC7 (Av. Centenario 460, y Diego Palma, San Isidro), desde las 10.30 hs, para seguir exigiendo que la causa sea caratulada como femicidio y que se reconozca que Luna fue captada, abusada y vendida por intercambio de drogas. Abajo la libertad para Isa\u00edas Villarreal. Basta de liberar femicidas<\/em><\/strong>\". <\/p>\n\n\n\n<p><\/p>\n\n\n\n<p>Texto: Comunicadas y asamblea por Luna Ort\u00edz. <\/p>\n","protected":false},"excerpt":{"rendered":"<p>Familiares, organizaciones y amigxs de la joven asesinada en Tigre en 2017, convocan a movilizar este martes 4 de julio a partir de las 10.30 hs. hacia el Tribunal Oral en lo Criminal (TOC) N\u00b07 de San isidro, cito en Av. Centenario 460, donde se desarrollar\u00e1 un nuevo juicio de cesura. \"Convocamos a concentrar en las puertas, exigiendo, una vez m\u00e1s, justicia por Luna\", expres\u00f3 la familia. <\/p>\n","protected":false},"author":1,"featured_media":7403,"comment_status":"open","ping_status":"open","sticky":false,"template":"","format":"standard","meta":{"inline_featured_image":false,"_monsterinsights_skip_tracking":false,"_monsterinsights_sitenote_active":false,"_monsterinsights_sitenote_note":"","_monsterinsights_sitenote_category":0,"lzb_camalote_bajada":"Familiares, organizaciones y amigxs de la joven asesinada en Tigre en 2017, convocan a movilizar este martes 4 de julio a partir de las 10.30 hs. hacia el Tribunal Oral en lo Criminal (TOC) N\u00b07 de San isidro, cito en Av. Centenario 460, donde se desarrollar\u00e1 un nuevo juicio de cesura. \"Convocamos a concentrar en las puertas, exigiendo, una vez m\u00e1s, justicia por Luna\", expres\u00f3 la familia. ","lzb_camalote_fotogalerias_repeater":"","lzb_camalote_fotogalerias_desc":"","lzb_camalote_fotogalerias_autorxs":"%5B%5D","lzb_camalote_post_imagen_destacada":"%7B%22alt%22:%22%22,%22title%22:%22web-33-Justicia-por-Luna-Ortiz-4%22,%22caption%22:%22%22,%22description%22:%7B%22raw%22:%22%22,%22rendered%22:%22%3Cp%20class=%5C%22attachment%5C%22%3E%3Ca%20href='https:\/\/comunicadas.com.ar\/wp-content\/uploads\/2023\/07\/web-33-Justicia-por-Luna-Ortiz-4.jpg'%3E%3Cimg%20width=%5C%22300%5C%22%20height=%5C%22200%5C%22%20src=%5C%22https:\/\/comunicadas.com.ar\/wp-content\/uploads\/2023\/07\/web-33-Justicia-por-Luna-Ortiz-4-300x200.jpg%5C%22%20class=%5C%22attachment-medium%20size-medium%5C%22%20alt=%5C%22%5C%22%20loading=%5C%22lazy%5C%22%20srcset=%5C%22https:\/\/comunicadas.com.ar\/wp-content\/uploads\/2023\/07\/web-33-Justicia-por-Luna-Ortiz-4-300x200.jpg%20300w,%20https:\/\/comunicadas.com.ar\/wp-content\/uploads\/2023\/07\/web-33-Justicia-por-Luna-Ortiz-4-1024x683.jpg%201024w,%20https:\/\/comunicadas.com.ar\/wp-content\/uploads\/2023\/07\/web-33-Justicia-por-Luna-Ortiz-4-768x512.jpg%20768w,%20https:\/\/comunicadas.com.ar\/wp-content\/uploads\/2023\/07\/web-33-Justicia-por-Luna-Ortiz-4.jpg%201200w%5C%22%20sizes=%5C%22(max-width:%20300px)%20100vw,%20300px%5C%22%20\/%3E%3C\/a%3E%3C\/p%3E%5Cn%22%7D,%22id%22:7403,%22link%22:%22https:\/\/comunicadas.com.ar\/?attachment_id=7403%22,%22url%22:%22https:\/\/comunicadas.com.ar\/wp-content\/uploads\/2023\/07\/web-33-Justicia-por-Luna-Ortiz-4.jpg%22,%22sizes%22:%22%22%7D","lzb_camalote_post_imagen_destacada_fotografx":"Tiempo Argentino","lzb_camalote_post_imagen_destacada_fotografx_url":"","_jetpack_memberships_contains_paid_content":false,"footnotes":""},"categories":[961],"tags":[],"class_list":["post-7402","post","type-post","status-publish","format-standard","has-post-thumbnail","hentry","category-justicia"],"aioseo_notices":[],"jetpack_featured_media_url":"https:\/\/comunicadas.com.ar\/wp-content\/uploads\/2023\/07\/web-33-Justicia-por-Luna-Ortiz-4.jpg","jetpack_sharing_enabled":true,"jetpack_likes_enabled":true,"_links":{"self":[{"href":"https:\/\/comunicadas.com.ar\/index.php\/wp-json\/wp\/v2\/posts\/7402"}],"collection":[{"href":"https:\/\/comunicadas.com.ar\/index.php\/wp-json\/wp\/v2\/posts"}],"about":[{"href":"https:\/\/comunicadas.com.ar\/index.php\/wp-json\/wp\/v2\/types\/post"}],"author":[{"embeddable":true,"href":"https:\/\/comunicadas.com.ar\/index.php\/wp-json\/wp\/v2\/users\/1"}],"replies":[{"embeddable":true,"href":"https:\/\/comunicadas.com.ar\/index.php\/wp-json\/wp\/v2\/comments?post=7402"}],"version-history":[{"count":4,"href":"https:\/\/comunicadas.com.ar\/index.php\/wp-json\/wp\/v2\/posts\/7402\/revisions"}],"predecessor-version":[{"id":7410,"href":"https:\/\/comunicadas.com.ar\/index.php\/wp-json\/wp\/v2\/posts\/7402\/revisions\/7410"}],"wp:featuredmedia":[{"embeddable":true,"href":"https:\/\/comunicadas.com.ar\/index.php\/wp-json\/wp\/v2\/media\/7403"}],"wp:attachment":[{"href":"https:\/\/comunicadas.com.ar\/index.php\/wp-json\/wp\/v2\/media?parent=7402"}],"wp:term":[{"taxonomy":"category","embeddable":true,"href":"https:\/\/comunicadas.com.ar\/index.php\/wp-json\/wp\/v2\/categories?post=7402"},{"taxonomy":"post_tag","embeddable":true,"href":"https:\/\/comunicadas.com.ar\/index.php\/wp-json\/wp\/v2\/tags?post=7402"}],"curies":[{"name":"wp","href":"https:\/\/api.w.org\/{rel}","templated":true}]}}