{"id":7369,"date":"2023-06-07T06:32:53","date_gmt":"2023-06-07T06:32:53","guid":{"rendered":"https:\/\/comunicadas.com.ar\/?p=7369"},"modified":"2023-07-07T19:26:25","modified_gmt":"2023-07-07T19:26:25","slug":"sipreba-ratifica-su-personeria-mediante-una-sentencia-del-poder-judicial","status":"publish","type":"post","link":"https:\/\/comunicadas.com.ar\/index.php\/2023\/06\/07\/sipreba-ratifica-su-personeria-mediante-una-sentencia-del-poder-judicial\/","title":{"rendered":"SiPreBA ratifica su personer\u00eda mediante una sentencia del Poder Judicial"},"content":{"rendered":"\n\n\n\n\n<figure class=\"wp-block-image size-large\"><img loading=\"lazy\" decoding=\"async\" width=\"1024\" height=\"683\" src=\"https:\/\/comunicadas.com.ar\/wp-content\/uploads\/2023\/06\/FIM_5131-1024x683.jpg\" alt=\"\" class=\"wp-image-7371\" srcset=\"https:\/\/comunicadas.com.ar\/wp-content\/uploads\/2023\/06\/FIM_5131-1024x683.jpg 1024w, https:\/\/comunicadas.com.ar\/wp-content\/uploads\/2023\/06\/FIM_5131-300x200.jpg 300w, https:\/\/comunicadas.com.ar\/wp-content\/uploads\/2023\/06\/FIM_5131-768x512.jpg 768w, https:\/\/comunicadas.com.ar\/wp-content\/uploads\/2023\/06\/FIM_5131-1536x1024.jpg 1536w, https:\/\/comunicadas.com.ar\/wp-content\/uploads\/2023\/06\/FIM_5131-2048x1365.jpg 2048w, https:\/\/comunicadas.com.ar\/wp-content\/uploads\/2023\/06\/FIM_5131-scaled.jpg 2560w\" sizes=\"(max-width: 1024px) 100vw, 1024px\" \/><\/figure>\n\n\n\n<p><\/p>\n\n\n\n<p>Con un acto en la sede del sindicato, dirigencia y afiliades celebraron la confirmaci\u00f3n de la personer\u00eda gremial. Resulta que <strong><em>\"la C\u00e1mara Nacional de Apelaciones del Trabajo rechaz\u00f3 el recurso presentado por la Utpba y ratific\u00f3 la <a href=\"https:\/\/www.sipreba.org\/sindicato\/conquistamos-la-personeria-gremial-el-sipreba-es-el-sindicato-que-representa-legalmente-a-les-trabajadores-de-prensa-de-buenos-aires\/\">decisi\u00f3n del Ministerio de Trabajo<\/a>\"<\/em><\/strong>, explicaron a trav\u00e9s de una circular. <\/p>\n\n\n\n<p>Adem\u00e1s, comentaron que <em>\"la noticia lleg\u00f3 horas antes a la movilizaci\u00f3n que \u00edbamos a realizar frente a la sede del Poder Judicial. La convocatoria ten\u00eda el objetivo de reclama celeridad en la resoluci\u00f3n de este tr\u00e1mite, tal como hab\u00edamos pedido en una <a href=\"https:\/\/www.sipreba.org\/sindicato\/solicitada-sipreba-2023\/\">solicitada<\/a> con m\u00e1s de 2000 firmas de periodistas el \u00faltimo domingo\"<\/em>.<\/p>\n\n\n\n<p class=\"has-white-color has-vivid-cyan-blue-background-color has-text-color has-background\"><em>\u201cYa hab\u00edamos demostrado la legitimidad en las redacciones, en las calles y en el Ministerio. Ahora no podr\u00e1 haber m\u00e1s dilaciones. Es un triunfo de la organizaci\u00f3n colectiva, de las asambleas y de la uni\u00f3n con el movimiento sindical y el campo de la comunicaci\u00f3n. El pr\u00f3ximo paso es hoy mismo presentar el pedido de reapertura de paritarias\u201d<\/em>, se\u00f1al\u00f3 Agust\u00edn Lecchi, secretario general del SiPreBA.<\/p>\n\n\n\n<p>Por su parte Guillermo Gianibelli, miembro del equipo de abogados del sindicato que llev\u00f3 adelante todo el proceso para la conquista de la personer\u00eda, subray\u00f3 que <em><strong>\u201ca partir de hoy SiPreBA ya puede pedir a los empresarios de medios la conformaci\u00f3n de la comisi\u00f3n paritaria\u201d.<\/strong><\/em><\/p>\n\n\n\n<p>A su turno Ana Paoletti, secretaria adjunta, record\u00f3 que desde que se constituy\u00f3 el sindicato hace 8 a\u00f1os <em>\u201cso\u00f1\u00e1bamos con este d\u00eda, junto con Tato Dondero y el compa\u00f1ero Rub\u00e9n Schofrin\u201d<\/em>. Y agreg\u00f3: <em>\u201cLa situaci\u00f3n de les trabajadores de prensa es deplorable. Despejado el camino de obst\u00e1culos, tenemos que avanzar en darla vuelta\u201d<\/em>.<\/p>\n\n\n\n<figure class=\"wp-block-image size-large\"><img loading=\"lazy\" decoding=\"async\" width=\"1024\" height=\"683\" src=\"https:\/\/comunicadas.com.ar\/wp-content\/uploads\/2023\/06\/FIM_5219-1024x683.jpg\" alt=\"\" class=\"wp-image-7372\" srcset=\"https:\/\/comunicadas.com.ar\/wp-content\/uploads\/2023\/06\/FIM_5219-1024x683.jpg 1024w, https:\/\/comunicadas.com.ar\/wp-content\/uploads\/2023\/06\/FIM_5219-300x200.jpg 300w, https:\/\/comunicadas.com.ar\/wp-content\/uploads\/2023\/06\/FIM_5219-768x512.jpg 768w, https:\/\/comunicadas.com.ar\/wp-content\/uploads\/2023\/06\/FIM_5219-1536x1024.jpg 1536w, https:\/\/comunicadas.com.ar\/wp-content\/uploads\/2023\/06\/FIM_5219-2048x1365.jpg 2048w, https:\/\/comunicadas.com.ar\/wp-content\/uploads\/2023\/06\/FIM_5219-scaled.jpg 2560w\" sizes=\"(max-width: 1024px) 100vw, 1024px\" \/><\/figure>\n\n\n\n<p>El secretario gremial Francisco \u201cPaco\u201d Rabini destac\u00f3 que <em>\u201cse abre una nueva etapa que no va a ser f\u00e1cil\u201d<\/em>. \u201c<em>Pero vamos a poder definir nuestros destinos. Les invitamos a que nos ayuden. Creemos en el valor del periodismo. No puede haber periodismo con salarios de hambre. Vamos todos y todas por salarios dignos\u201d<\/em>, complet\u00f3.<\/p>\n\n\n\n<p>Finalmente Carla Gaudensi, secretaria general de la Fatpren y adjunta de SiPreBA, apunt\u00f3: <em>\u201cNos unimos con todos los sindicatos de prensa del pa\u00eds y con otras organizaciones gremiales. La situaci\u00f3n es muy adversa. Pero tenemos la convicci\u00f3n de que podemos lograr que el periodismo est\u00e9 al servicio de la informaci\u00f3n. Hoy, festejemos\u201d<\/em>.<\/p>\n\n\n\n<p>Fuente: Prensa SiPreBA.<\/p>\n\n\n\n<p>Fotos: Federico Imas.<\/p>\n","protected":false},"excerpt":{"rendered":"<p>Este martes 6\/6 la C\u00e1mara Nacional de Apelaciones del Trabajo confirm\u00f3 lo que ya hab\u00eda dictaminado el Ministerio de Trabajo en enero y rechaz\u00f3 el recurso presentado por la Utpba.<\/p>\n","protected":false},"author":1,"featured_media":7370,"comment_status":"open","ping_status":"open","sticky":false,"template":"","format":"standard","meta":{"inline_featured_image":false,"_monsterinsights_skip_tracking":false,"_monsterinsights_sitenote_active":false,"_monsterinsights_sitenote_note":"","_monsterinsights_sitenote_category":0,"lzb_camalote_bajada":"Este martes 6\/6 la C\u00e1mara Nacional de Apelaciones del Trabajo confirm\u00f3 lo que ya hab\u00eda dictaminado el Ministerio de Trabajo en enero y rechaz\u00f3 el recurso presentado por la Utpba.\n","lzb_camalote_fotogalerias_repeater":"","lzb_camalote_fotogalerias_desc":"","lzb_camalote_fotogalerias_autorxs":"%5B%5D","lzb_camalote_post_imagen_destacada":"%7B%22alt%22:%22%22,%22title%22:%22FIM_4923%22,%22caption%22:%22%22,%22description%22:%7B%22raw%22:%22%22,%22rendered%22:%22%3Cp%20class=%5C%22attachment%5C%22%3E%3Ca%20href='https:\/\/comunicadas.com.ar\/wp-content\/uploads\/2023\/06\/FIM_4923-scaled.jpg'%3E%3Cimg%20width=%5C%22300%5C%22%20height=%5C%22200%5C%22%20src=%5C%22https:\/\/comunicadas.com.ar\/wp-content\/uploads\/2023\/06\/FIM_4923-300x200.jpg%5C%22%20class=%5C%22attachment-medium%20size-medium%5C%22%20alt=%5C%22%5C%22%20loading=%5C%22lazy%5C%22%20srcset=%5C%22https:\/\/comunicadas.com.ar\/wp-content\/uploads\/2023\/06\/FIM_4923-300x200.jpg%20300w,%20https:\/\/comunicadas.com.ar\/wp-content\/uploads\/2023\/06\/FIM_4923-1024x683.jpg%201024w,%20https:\/\/comunicadas.com.ar\/wp-content\/uploads\/2023\/06\/FIM_4923-768x512.jpg%20768w,%20https:\/\/comunicadas.com.ar\/wp-content\/uploads\/2023\/06\/FIM_4923-1536x1024.jpg%201536w,%20https:\/\/comunicadas.com.ar\/wp-content\/uploads\/2023\/06\/FIM_4923-2048x1365.jpg%202048w,%20https:\/\/comunicadas.com.ar\/wp-content\/uploads\/2023\/06\/FIM_4923-scaled.jpg%202560w%5C%22%20sizes=%5C%22(max-width:%20300px)%20100vw,%20300px%5C%22%20\/%3E%3C\/a%3E%3C\/p%3E%5Cn%22%7D,%22id%22:7370,%22link%22:%22https:\/\/comunicadas.com.ar\/?attachment_id=7370%22,%22url%22:%22https:\/\/comunicadas.com.ar\/wp-content\/uploads\/2023\/06\/FIM_4923-scaled.jpg%22,%22sizes%22:%22%22%7D","lzb_camalote_post_imagen_destacada_fotografx":"Federico Imas","lzb_camalote_post_imagen_destacada_fotografx_url":"","_jetpack_memberships_contains_paid_content":false,"footnotes":""},"categories":[961],"tags":[],"class_list":["post-7369","post","type-post","status-publish","format-standard","has-post-thumbnail","hentry","category-justicia"],"aioseo_notices":[],"jetpack_featured_media_url":"https:\/\/comunicadas.com.ar\/wp-content\/uploads\/2023\/06\/FIM_4923-scaled.jpg","jetpack_sharing_enabled":true,"jetpack_likes_enabled":true,"_links":{"self":[{"href":"https:\/\/comunicadas.com.ar\/index.php\/wp-json\/wp\/v2\/posts\/7369"}],"collection":[{"href":"https:\/\/comunicadas.com.ar\/index.php\/wp-json\/wp\/v2\/posts"}],"about":[{"href":"https:\/\/comunicadas.com.ar\/index.php\/wp-json\/wp\/v2\/types\/post"}],"author":[{"embeddable":true,"href":"https:\/\/comunicadas.com.ar\/index.php\/wp-json\/wp\/v2\/users\/1"}],"replies":[{"embeddable":true,"href":"https:\/\/comunicadas.com.ar\/index.php\/wp-json\/wp\/v2\/comments?post=7369"}],"version-history":[{"count":3,"href":"https:\/\/comunicadas.com.ar\/index.php\/wp-json\/wp\/v2\/posts\/7369\/revisions"}],"predecessor-version":[{"id":7375,"href":"https:\/\/comunicadas.com.ar\/index.php\/wp-json\/wp\/v2\/posts\/7369\/revisions\/7375"}],"wp:featuredmedia":[{"embeddable":true,"href":"https:\/\/comunicadas.com.ar\/index.php\/wp-json\/wp\/v2\/media\/7370"}],"wp:attachment":[{"href":"https:\/\/comunicadas.com.ar\/index.php\/wp-json\/wp\/v2\/media?parent=7369"}],"wp:term":[{"taxonomy":"category","embeddable":true,"href":"https:\/\/comunicadas.com.ar\/index.php\/wp-json\/wp\/v2\/categories?post=7369"},{"taxonomy":"post_tag","embeddable":true,"href":"https:\/\/comunicadas.com.ar\/index.php\/wp-json\/wp\/v2\/tags?post=7369"}],"curies":[{"name":"wp","href":"https:\/\/api.w.org\/{rel}","templated":true}]}}