{"id":7280,"date":"2022-12-14T21:50:49","date_gmt":"2022-12-14T21:50:49","guid":{"rendered":"https:\/\/comunicadas.com.ar\/?p=7280"},"modified":"2023-05-23T20:36:23","modified_gmt":"2023-05-23T20:36:23","slug":"tucuman-abuso-sexual-en-tafi-viejo","status":"publish","type":"post","link":"https:\/\/comunicadas.com.ar\/index.php\/2022\/12\/14\/tucuman-abuso-sexual-en-tafi-viejo\/","title":{"rendered":"Tucum\u00e1n: Abuso sexual en Taf\u00ed Viejo"},"content":{"rendered":"\n\n\n\n\n<p>Por Milagro Mariona, <a href=\"https:\/\/lanotatucuman.com\/abuso-sexual-en-tafi-viejo-vengo-luchando-sola-hace-6-anos\/genero-y-diversidad\/14\/12\/2022\/74658\/\" title=\"para La Nota de Tucum\u00e1n.\">para La Nota de Tucum\u00e1n.<\/a><\/p>\n\n\n\n<p><\/p>\n\n\n\n<p>El 3 de julio de 2016 Carolina sali\u00f3 a bailar con una amiga al boliche Lancaster, en la ciudad de<strong>&nbsp;Taf\u00ed Viejo<\/strong>. A la salida,&nbsp; Carolina no recuerda c\u00f3mo termin\u00f3 en el auto de<strong>&nbsp;Franco Trapani<\/strong>, un chico de 27 a\u00f1os,&nbsp; quien era familiar de su novio de aquel momento y con quien hab\u00eda compartido en varias oportunidades eventos familiares.&nbsp;&nbsp;<\/p>\n\n\n\n<p>\u201cMe sent\u00eda rara, estaba un poco alcoholizada, ten\u00eda destellos de lucidez\u201d, relata Carolina sobre esa noche. Pensaba que la iban a dejar en su casa. \u201cEn el camino, \u00e9l hablaba con alguien por tel\u00e9fono y despu\u00e9s me doy vuelta y veo que se hab\u00eda subido Rodriguez\u201d. Trapani condujo hasta la casa de sus padres, \u201cun predio grande y descampado que se encuentra m\u00e1s alejado de la ciudad\u201d, describe la joven.&nbsp;<\/p>\n\n\n\n<p>El ingreso a esa casa qued\u00f3 registrado en las c\u00e1maras de seguridad que fueron obtenidas a trav\u00e9s de un allanamiento.<\/p>\n\n\n\n<p>Dentro de la casa, Carolina denunci\u00f3 que fue violada por ambas personas. Que se turnaban, que uno la sosten\u00eda mientras el otro la abusaba. Que ella lloraba, que les ped\u00eda que por favor se detuvieran. Reci\u00e9n horas despu\u00e9s pudo reincorporarse, los amenaz\u00f3 con sacarles fotos si no la dejaban ir. Se subieron al auto y la dejaron en la esquina de su casa.<\/p>\n\n\n\n<p>En 2016 los abusos sexuales continuaban siendo tema tab\u00fa. A\u00fan estaba instalado el silencio como mecanismo de autodefensa, ante una justicia lerda y revictimizante, y ante una sociedad que condenaba a las v\u00edctimas. A Carolina le cost\u00f3 poner en palabras lo que hab\u00eda vivido. Sab\u00eda que hab\u00eda sido una situaci\u00f3n violenta y en contra de su voluntad. Recordaba en su mente estar diciendo que no, forcejeando con dos hombres que los sent\u00eda encima suyo. Hablar con sus amigas, relatarles lo que vivi\u00f3, ver las marcas en su cuerpo. Su cabeza hizo un click y entendi\u00f3 lo que hab\u00eda vivido y por que la angustia no la dejaba dormir tranquila.<\/p>\n\n\n\n<p>El imaginario alrededor de las violaciones y los abusos sexuales que hace algunos a\u00f1os circulaba ten\u00eda que ver con escenas hollywoodenses, donde una mujer era atacada por un desconocido en un callej\u00f3n oscuro. Hoy, las estad\u00edsticas dan cuenta que en el mayor porcentaje de los casos, los victimarios son personas conocidas de las v\u00edctimas.&nbsp;<\/p>\n\n\n\n<p>Acompa\u00f1ada de un abogado conocido de su hermana, a los tres d\u00edas de lo sucedido, fue a comisar\u00eda de Los Pocitos a radicar la denuncia. La joven, que en ese momento ten\u00eda 19 a\u00f1os, relata que luego recibi\u00f3 amenazas por parte de la familia de uno de los j\u00f3venes, una familia con poder econ\u00f3mico vinculada a la producci\u00f3n citr\u00edcola. Si no ratificaba la denuncia ellos iban a olvidar todo el malestar que les estaba causando, pero que si segu\u00eda adelante, le iban a hacer una contradenunciase, encargar\u00edan de que nunca consiguiera un trabajo, y si consegu\u00eda, le iban a embargar todo.&nbsp;&nbsp;<\/p>\n\n\n\n<p class=\"has-white-color has-vivid-purple-background-color has-text-color has-background\">Taf\u00ed Viejo es una ciudad que en los \u00faltimos a\u00f1os tuvo un gran crecimiento. Se caracteriza por producci\u00f3n de limones, una industria pujante que creci\u00f3 casi un 76% , el lim\u00f3n que se cosecha en Argentina se exporta a Estados Unidos, Europa y China. Trapani es una reconocida empresa dedicada a la industria del lim\u00f3n.<\/p>\n\n\n\n<p>Luego lleg\u00f3 el momento de la ratificaci\u00f3n. El padre de Carolina estaba saliendo de un c\u00e1ncer, su familia con miedo ante las amenazas que manifest\u00f3 haber recibido. Su incertidumbre era&nbsp; muy grande. Pero la certeza de que necesitaba seguir adelante con su b\u00fasqueda de justicia era m\u00e1s fuerte.<\/p>\n\n\n\n<p>\u201cTuve desamparo del Estado, acud\u00ed con las pocas fuerzas que ten\u00eda y mucha incertidumbre a una oficina que hab\u00eda abierto el Gobierno para mujeres, pero no me dieron contenci\u00f3n ni asesoramiento. Ni en ese momento ni en estos seis a\u00f1os\u201d, apunta Carolina. Ese mismo a\u00f1o, la Legislatura de Tucum\u00e1n hab\u00eda declarado la emergencia por violencia contra la mujer con los objetivos de \u201crevertir el n\u00famero de v\u00edctimas, reforzar la pol\u00edtica preventiva en la materia, y optimizar los recursos del Estado en la lucha contra este grave flagelo social\u201d.<\/p>\n\n\n\n<p>Carolina recuerda sus moretones en la entrepierna, los dolores internos. El m\u00e9dico forense que le realiz\u00f3 las pericias m\u00e9dicas le dijo que en 21 d\u00edas iban a desaparecer, pero ese recordatorio del horror que hab\u00eda vivido estuvo presente en su piel durante cuatro meses.<\/p>\n\n\n\n<p>Adem\u00e1s de las pericias ginecol\u00f3gicas, tambi\u00e9n le hicieron una pericia psicol\u00f3gica, porque cuando una mujer denuncia que la atacaron y la violaron una de las primeras acciones legales que el Poder Judicial realiza es una pericia psicol\u00f3gica y f\u00edsica, para ver si no est\u00e1 mintiendo. Esa pericia, adem\u00e1s, prob\u00f3 que se encontraba con estr\u00e9s postraum\u00e1tico. Entreg\u00f3 la ropa que hab\u00eda usado ese d\u00eda y un celular. La causa cay\u00f3 en la Fiscal\u00eda de Instrucci\u00f3n en lo Penal de la V Nominaci\u00f3n de&nbsp;<strong>Washington Navarro D\u00e1vila<\/strong>, con tan mala \u201csuerte\u201d que a los pocos d\u00edas entraron a robar y se llevaron el celular que ella hab\u00eda aportado como prueba con un foto que hab\u00eda logrado sacar esa madrugada.<\/p>\n\n\n\n<p>Cada una de las pruebas fueron cayendo a cuentagotas, al igual que la citaci\u00f3n a los testigos. La causa qued\u00f3 estancada, durmiendo en alg\u00fan caj\u00f3n por al menos 4 a\u00f1os.&nbsp;<\/p>\n\n\n\n<p class=\"has-white-color has-vivid-purple-background-color has-text-color has-background\">Mientras, la vida de Carolina se transformaba lentamente. Entr\u00f3 en un pozo depresivo que la llev\u00f3 a estar internada en dos oportunidades. \u201cEstuve un a\u00f1o sin salir, fines de semana enteros encerrada en mi casa. Intent\u00e9 empezar la facultad, hac\u00eda lo que pod\u00eda. Pero ten\u00eda un dolor en el alma muy grande. Mi familia no entend\u00eda, mi entorno no entend\u00eda. Me sentaba sola a ver las estrellas, sin saber d\u00f3nde estaba mi causa, ni que iba a pasar.\u201d<\/p>\n\n\n\n<p>Cuando le dieron el alta la primera vez que estuvo internada no quer\u00eda volver a Taf\u00ed Viejo. \u201cSent\u00eda rechazo, les ped\u00eda por favor que me dejen quedar. Siempre aparece el apellido de ellos, hay una camioneta que siempre est\u00e1 en la ciudad que tiene su nombre. Y lo veo y me acuerdo.\u201d<\/p>\n\n\n\n<p>Fue estando internada que decidi\u00f3 juntar fuerzas para seguir con la causa. Empez\u00f3 a buscar un representante legal ya que no ten\u00eda abogado y su causa, con la sola voluntad de la fiscal\u00eda, no avanzaba. Conoci\u00f3 a otra chica que tambi\u00e9n hab\u00eda sido abusada por la pareja de la madre entre los 9 y 11 a\u00f1os. \u201cElla me ayudaba mucho en ese momento, entre las dos nos ayud\u00e1bamos. Ten\u00edamos la misma edad pero ella ten\u00eda m\u00e1s fuerza que yo\u201d.<\/p>\n\n\n\n<p>Otra chica que estaba internada ten\u00eda una hermana abogada. \u201cMi hermana te puede ayudar\u201d, le dijo. Si bien no prosper\u00f3, logr\u00f3 darle un impulso a la causa. Finalmente, en octubre de 2021 lleg\u00f3 hasta el abogado&nbsp;<strong>Jos\u00e9 Ignacio Ferrari<\/strong>, quien asumi\u00f3 la querella, por recomendaci\u00f3n de una de las psic\u00f3logas que la atend\u00edan en la cl\u00ednica.<\/p>\n\n\n\n<p>En un mes,<strong>&nbsp;la Justicia los cit\u00f3 a declarar en calidad de imputados a Trapani y Rodriguez, se pidi\u00f3 restricci\u00f3n de acercamiento y prohibici\u00f3n de salir del pa\u00eds.<\/strong>&nbsp;Hoy Trapani, a\u00fan imputado y con la elevaci\u00f3n a juicio, le otorgaron el cese de la prohibici\u00f3n de salir del pa\u00eds. Ambos est\u00e1n imputados por el delito de abuso sexual con acceso carnal, agravado por haber sido cometido por dos personas.&nbsp;<strong>En dos oportunidades fueron negados los pedidos de sobreseimiento.&nbsp;<\/strong><\/p>\n\n\n\n<p>Durante a\u00f1os vivi\u00f3 con miedo de que las amenazas se conviertan en realidad. \u201cImaginate vivir con miedo y con todas esas incertidumbres. M\u00e1s el silencio y el ultraje de mi cuerpo y mi alma\u201d, dice Carolina con la voz firme. \u201cNo me quedo quieta. Tengo mucho estr\u00e9s, a veces siento que mi cerebro se va a desconectar, sin embargo junto un poquito de fuerza y sigo. Siempre estoy tratando de formar redes\u201d.<\/p>\n\n\n\n<p>\u201cHacer esto p\u00fablico es para m\u00ed una cuesti\u00f3n personal, pero tambi\u00e9n social. Estoy cansada de escuchar situaciones de violencia, de violaciones. Mi amiga que conoc\u00ed estando internada se suicid\u00f3 hace un mes atr\u00e1s. Fue abusada a los 9 a\u00f1itos. Esto nos pasa a todas\u201d.&nbsp;<\/p>\n\n\n\n<p>Esta semana se cumplieron 4 a\u00f1os desde que&nbsp;<strong>Thelma Fard\u00edn&nbsp;<\/strong>hizo p\u00fablica la denuncia contra<strong>&nbsp;Juan Darthes<\/strong>. El fen\u00f3meno se apoder\u00f3 de las redes sociales y marc\u00f3 un punto de inflexi\u00f3n en la lucha contra la violencia de g\u00e9nero. Luego de que Thelma rompiera el silencio las llamadas a la L\u00ednes contra el abuso sexual infantil aumentaron un 1200% y las llamadas a la L\u00ednea 144 aumentaron en un 123%.<\/p>\n\n\n\n<p>En su libro, \u201c<strong>El arte de no callar<\/strong>\u201d, Thelma escribi\u00f3 \u201c\u00bfPor qu\u00e9 yo necesit\u00e9 hacer la denuncia con la contundencia con que la hice? Porque hab\u00eda que intentar romper algo que siempre pareci\u00f3 indestructible. Una muralla gigante para las v\u00edctimas, invisible para la sociedad. Invisible hasta ahora. Porque hab\u00eda que golpear y quebrar algo instalado, siniestro, da\u00f1ino y naturalizado. Porque un d\u00eda vi claramente los hilos, negros, que amenazaban a mujeres que fueron m\u00e1s valientes de lo que yo hab\u00eda sido hasta ese momento. (\u2026) \u00bfC\u00f3mo no indignarse viendo esa amenaza t\u00e1cita para todas aquellas que a\u00fan no hab\u00edamos hablado? Un ataque por contar que fuiste atacada\u201d.<\/p>\n\n\n\n<p>Carolina es de esas valientes que incluso, dos a\u00f1os antes de que la sociedad abriera los ojos ante la realidad cruda y tajante de la violencia sexual,&nbsp;<strong>se anim\u00f3 a denunciar.<\/strong><\/p>\n\n\n\n<p>La violencia sexual es transversal a todas las identidades feminizadas. M\u00e1s o menos violentas, un conocido, o un desconocido. En tu casa o en la v\u00eda p\u00fablica. Con o sin denuncias. De una u otra manera, cada una logra resolverlo mentalmente, pero a todas les modifica el rumbo de sus vidas. Llegar a juicio oral, luego de tanta espera, ayudar\u00e1 a cerrar un largo y doloroso cap\u00edtulo de su historia que ven\u00eda cargando sola.\u00a0<strong>Hoy para Carolina poder hablar significa una parte de esa reparaci\u00f3n.<\/strong> <\/p>\n","protected":false},"excerpt":{"rendered":"<p>\u201cVengo luchando sola hace seis a\u00f1os\u201d. Carolina Monteros tiene 26 a\u00f1os. Cuando ten\u00eda 19 fue v\u00edctima de una violaci\u00f3n perpetuada por dos personas. Durante seis a\u00f1os vivi\u00f3 con temor a las represalias por haber denunciado, con verg\u00fcenza y miedo. La causa fue elevada a juicio y, con fortaleza y convicci\u00f3n, logr\u00f3 superar el miedo para contar su historia. \u00c1lvaro Rodr\u00edguez y Franco Trapani, de 34 y 33 a\u00f1os, est\u00e1n imputados por \u201cabuso sexual con acceso carnal agravado por haber sido cometido por dos personas\u201d. Enfrentan una pena de entre ocho a veinte a\u00f1os de prisi\u00f3n.<\/p>\n","protected":false},"author":1,"featured_media":7281,"comment_status":"open","ping_status":"open","sticky":false,"template":"","format":"standard","meta":{"inline_featured_image":false,"_monsterinsights_skip_tracking":false,"_monsterinsights_sitenote_active":false,"_monsterinsights_sitenote_note":"","_monsterinsights_sitenote_category":0,"lzb_camalote_bajada":"\u201cVengo luchando sola hace seis a\u00f1os\u201d. Carolina Monteros tiene 26 a\u00f1os. Cuando ten\u00eda 19 fue v\u00edctima de una violaci\u00f3n perpetuada por dos personas. Durante seis a\u00f1os vivi\u00f3 con temor a las represalias por haber denunciado, con verg\u00fcenza y miedo. La causa fue elevada a juicio y, con fortaleza y convicci\u00f3n, logr\u00f3 superar el miedo para contar su historia. \u00c1lvaro Rodr\u00edguez y Franco Trapani, de 34 y 33 a\u00f1os, est\u00e1n imputados por \u201cabuso sexual con acceso carnal agravado por haber sido cometido por dos personas\u201d. Enfrentan una pena de entre ocho a veinte a\u00f1os de prisi\u00f3n.\n\n","lzb_camalote_fotogalerias_repeater":"","lzb_camalote_fotogalerias_desc":"","lzb_camalote_fotogalerias_autorxs":"%5B%5D","lzb_camalote_post_imagen_destacada":"%7B%22alt%22:%22%22,%22title%22:%22Portada-1200-%C3%97-900-px-7-800x500-1%22,%22caption%22:%22%22,%22description%22:%7B%22raw%22:%22%22,%22rendered%22:%22%3Cp%20class=%5C%22attachment%5C%22%3E%3Ca%20href='https:\/\/comunicadas.com.ar\/wp-content\/uploads\/2022\/12\/Portada-1200-%C3%97-900-px-7-800x500-1.webp'%3E%3Cimg%20width=%5C%22300%5C%22%20height=%5C%22188%5C%22%20src=%5C%22https:\/\/comunicadas.com.ar\/wp-content\/uploads\/2022\/12\/Portada-1200-%C3%97-900-px-7-800x500-1-300x188.webp%5C%22%20class=%5C%22attachment-medium%20size-medium%5C%22%20alt=%5C%22%5C%22%20loading=%5C%22lazy%5C%22%20srcset=%5C%22https:\/\/comunicadas.com.ar\/wp-content\/uploads\/2022\/12\/Portada-1200-%C3%97-900-px-7-800x500-1-300x188.webp%20300w,%20https:\/\/comunicadas.com.ar\/wp-content\/uploads\/2022\/12\/Portada-1200-%C3%97-900-px-7-800x500-1-768x480.webp%20768w,%20https:\/\/comunicadas.com.ar\/wp-content\/uploads\/2022\/12\/Portada-1200-%C3%97-900-px-7-800x500-1.webp%20800w%5C%22%20sizes=%5C%22(max-width:%20300px)%20100vw,%20300px%5C%22%20\/%3E%3C\/a%3E%3C\/p%3E%5Cn%22%7D,%22id%22:7281,%22link%22:%22https:\/\/comunicadas.com.ar\/?attachment_id=7281%22,%22url%22:%22https:\/\/comunicadas.com.ar\/wp-content\/uploads\/2022\/12\/Portada-1200-%C3%97-900-px-7-800x500-1.webp%22,%22sizes%22:%22%22%7D","lzb_camalote_post_imagen_destacada_fotografx":"La Nota","lzb_camalote_post_imagen_destacada_fotografx_url":"","_jetpack_memberships_contains_paid_content":false,"footnotes":""},"categories":[963],"tags":[],"class_list":["post-7280","post","type-post","status-publish","format-standard","has-post-thumbnail","hentry","category-denuncia"],"aioseo_notices":[],"jetpack_featured_media_url":"https:\/\/comunicadas.com.ar\/wp-content\/uploads\/2022\/12\/Portada-1200-\u00d7-900-px-7-800x500-1.webp","jetpack_sharing_enabled":true,"jetpack_likes_enabled":true,"_links":{"self":[{"href":"https:\/\/comunicadas.com.ar\/index.php\/wp-json\/wp\/v2\/posts\/7280"}],"collection":[{"href":"https:\/\/comunicadas.com.ar\/index.php\/wp-json\/wp\/v2\/posts"}],"about":[{"href":"https:\/\/comunicadas.com.ar\/index.php\/wp-json\/wp\/v2\/types\/post"}],"author":[{"embeddable":true,"href":"https:\/\/comunicadas.com.ar\/index.php\/wp-json\/wp\/v2\/users\/1"}],"replies":[{"embeddable":true,"href":"https:\/\/comunicadas.com.ar\/index.php\/wp-json\/wp\/v2\/comments?post=7280"}],"version-history":[{"count":2,"href":"https:\/\/comunicadas.com.ar\/index.php\/wp-json\/wp\/v2\/posts\/7280\/revisions"}],"predecessor-version":[{"id":7283,"href":"https:\/\/comunicadas.com.ar\/index.php\/wp-json\/wp\/v2\/posts\/7280\/revisions\/7283"}],"wp:featuredmedia":[{"embeddable":true,"href":"https:\/\/comunicadas.com.ar\/index.php\/wp-json\/wp\/v2\/media\/7281"}],"wp:attachment":[{"href":"https:\/\/comunicadas.com.ar\/index.php\/wp-json\/wp\/v2\/media?parent=7280"}],"wp:term":[{"taxonomy":"category","embeddable":true,"href":"https:\/\/comunicadas.com.ar\/index.php\/wp-json\/wp\/v2\/categories?post=7280"},{"taxonomy":"post_tag","embeddable":true,"href":"https:\/\/comunicadas.com.ar\/index.php\/wp-json\/wp\/v2\/tags?post=7280"}],"curies":[{"name":"wp","href":"https:\/\/api.w.org\/{rel}","templated":true}]}}