{"id":7053,"date":"2022-08-01T20:31:47","date_gmt":"2022-08-01T20:31:47","guid":{"rendered":"https:\/\/comunicadas.com.ar\/?p=7053"},"modified":"2022-08-01T20:42:29","modified_gmt":"2022-08-01T20:42:29","slug":"1-de-agosto-dia-de-la-pachamama-sus-mas-bellos-atributos-y-bendiciones","status":"publish","type":"post","link":"https:\/\/comunicadas.com.ar\/index.php\/2022\/08\/01\/1-de-agosto-dia-de-la-pachamama-sus-mas-bellos-atributos-y-bendiciones\/","title":{"rendered":"1\u00b0 de Agosto-D\u00eda de la Pachamama: sus m\u00e1s bellos atributos y bendiciones"},"content":{"rendered":"\n<p>Por <strong>VER\u00d3NICA FENGSHUI<\/strong><\/p>\n\n\n\n<p><strong>Durante todo el mes de agosto la Madre Tierra es honrada con celebraciones por los pueblos originarios de Am\u00e9rica Latina.<\/strong><\/p>\n\n\n\n<p>El primero de agosto de cada a\u00f1o, los pueblos originarios de Am\u00e9rica Latina celebran el D\u00eda de la Pachamama o D\u00eda de la Madre Tierra, un ritual que consiste en pedir, bendecir y agradecer las buenas cosechas, el buen clima, la abundancia del suelo y los animales.<\/p>\n\n\n\n<p class=\"has-white-color has-luminous-vivid-orange-background-color has-text-color has-background\">El t\u00e9rmino \"Pachamama\", est\u00e1 formado por dos palabras de origen Quechua: \"Pacha\" significa mundo, tiempo, universo y lugar; y \"Mama\" significa madre. La Pachamama es la diosa de la tierra, la que concibe la vida, la madre protectora que nutre, sustenta y protege a los seres humanos. Y es por ello, que es honrada.<\/p>\n\n\n\n<p><strong>El ritual central de la celebraci\u00f3n es la <em>challa<\/em>, pago o tributo que se le realiza el primer d\u00eda del mes de agosto<\/strong>, tambi\u00e9n se ofrenda durante el transcurso de todo el mes y en algunos lugares tambi\u00e9n el primer viernes.<\/p>\n\n\n\n<figure class=\"wp-block-image size-full\"><img loading=\"lazy\" decoding=\"async\" width=\"960\" height=\"720\" src=\"https:\/\/comunicadas.com.ar\/wp-content\/uploads\/2022\/07\/pachamama1.jpg\" alt=\"\" class=\"wp-image-7055\" srcset=\"https:\/\/comunicadas.com.ar\/wp-content\/uploads\/2022\/07\/pachamama1.jpg 960w, https:\/\/comunicadas.com.ar\/wp-content\/uploads\/2022\/07\/pachamama1-300x225.jpg 300w, https:\/\/comunicadas.com.ar\/wp-content\/uploads\/2022\/07\/pachamama1-768x576.jpg 768w\" sizes=\"(max-width: 960px) 100vw, 960px\" \/><figcaption>PH: Internet.<\/figcaption><\/figure>\n\n\n\n<p>Es un rito que las comunidades andinas celebran desde hace varios siglos.<strong> En esta fecha, se realiza un acto religioso en el que las personas purifican la tierra, agradecen, y le piden buenas cosechas y protecci\u00f3n para todos los pobladores. <\/strong>En provincias del norte como Salta y Jujuy, se le ofrendan hojas de coca, chicha, alimentos cocidos y cigarros.<\/p>\n\n\n\n<p class=\"has-white-color has-luminous-vivid-orange-background-color has-text-color has-background\">El ritual se hace alrededor de un pozo cavado en la tierra (la boca de la Pachamama), en donde se depositan las distintas ofrendas, las cuales se adornan con serpentinas y lanas de colores, frutas, semillas, ma\u00edz y tambi\u00e9n se colocan peque\u00f1os braceros encendidos con abundantes preparaciones especiales del incienso.<\/p>\n\n\n\n<figure class=\"wp-block-image size-full\"><img loading=\"lazy\" decoding=\"async\" width=\"912\" height=\"568\" src=\"https:\/\/comunicadas.com.ar\/wp-content\/uploads\/2022\/07\/Pachamama-2.jpg\" alt=\"\" class=\"wp-image-7056\" srcset=\"https:\/\/comunicadas.com.ar\/wp-content\/uploads\/2022\/07\/Pachamama-2.jpg 912w, https:\/\/comunicadas.com.ar\/wp-content\/uploads\/2022\/07\/Pachamama-2-300x187.jpg 300w, https:\/\/comunicadas.com.ar\/wp-content\/uploads\/2022\/07\/Pachamama-2-768x478.jpg 768w\" sizes=\"(max-width: 912px) 100vw, 912px\" \/><\/figure>\n\n\n\n<p class=\"has-white-color has-luminous-vivid-orange-background-color has-text-color has-background\">Tomar unos tragos de ca\u00f1a con ruda es una tradici\u00f3n que tiene origen en el homenaje a la Pachamama cada primero de agosto. Es por eso, que se la honra espantando los males del invierno para conservar la buena salud. Los guaran\u00edes entend\u00edan que durante este mes, se produc\u00edan la mayor cantidad de muertes entre su comunidad por fr\u00edo y lluvias.<\/p>\n\n\n\n<figure class=\"wp-block-image size-full\"><img loading=\"lazy\" decoding=\"async\" width=\"1000\" height=\"570\" src=\"https:\/\/comunicadas.com.ar\/wp-content\/uploads\/2022\/07\/pachamama3.jpg\" alt=\"\" class=\"wp-image-7057\" srcset=\"https:\/\/comunicadas.com.ar\/wp-content\/uploads\/2022\/07\/pachamama3.jpg 1000w, https:\/\/comunicadas.com.ar\/wp-content\/uploads\/2022\/07\/pachamama3-300x171.jpg 300w, https:\/\/comunicadas.com.ar\/wp-content\/uploads\/2022\/07\/pachamama3-768x438.jpg 768w\" sizes=\"(max-width: 1000px) 100vw, 1000px\" \/><\/figure>\n\n\n\n<p>La ca\u00f1a con ruda se usaba como medicina, contra los par\u00e1sitos, los malestares intestinales y las picaduras de bichos. En este sentido fue que se transform\u00f3 en un ritual y una tradici\u00f3n hacerlo. Se deben tomar s\u00f3lo tres tragos en ayunas.<\/p>\n\n\n\n<p><em>VITO VITO VITO!!!<\/em> que significa <em>\"salud\"<\/em>.<\/p>\n","protected":false},"excerpt":{"rendered":"<p>Por VER\u00d3NICA FENGSHUI Durante todo el mes de agosto la Madre Tierra es honrada con celebraciones por los pueblos originarios de Am\u00e9rica Latina. El primero de agosto de cada a\u00f1o, los pueblos originarios de Am\u00e9rica Latina celebran el D\u00eda de la Pachamama o D\u00eda de la Madre Tierra, un ritual que consiste en pedir, bendecir [&hellip;]<\/p>\n","protected":false},"author":1,"featured_media":7054,"comment_status":"open","ping_status":"open","sticky":false,"template":"","format":"standard","meta":{"inline_featured_image":false,"_monsterinsights_skip_tracking":false,"_monsterinsights_sitenote_active":false,"_monsterinsights_sitenote_note":"","_monsterinsights_sitenote_category":0,"lzb_camalote_bajada":"","lzb_camalote_fotogalerias_repeater":"","lzb_camalote_fotogalerias_desc":"","lzb_camalote_fotogalerias_autorxs":"%5B%5D","lzb_camalote_post_imagen_destacada":"","lzb_camalote_post_imagen_destacada_fotografx":"","lzb_camalote_post_imagen_destacada_fotografx_url":"","_jetpack_memberships_contains_paid_content":false,"footnotes":""},"categories":[19,21],"tags":[],"class_list":["post-7053","post","type-post","status-publish","format-standard","has-post-thumbnail","hentry","category-noticias","category-recomendacion"],"aioseo_notices":[],"jetpack_featured_media_url":"https:\/\/comunicadas.com.ar\/wp-content\/uploads\/2022\/07\/pachamamadestacada.jpg","jetpack_sharing_enabled":true,"jetpack_likes_enabled":true,"_links":{"self":[{"href":"https:\/\/comunicadas.com.ar\/index.php\/wp-json\/wp\/v2\/posts\/7053"}],"collection":[{"href":"https:\/\/comunicadas.com.ar\/index.php\/wp-json\/wp\/v2\/posts"}],"about":[{"href":"https:\/\/comunicadas.com.ar\/index.php\/wp-json\/wp\/v2\/types\/post"}],"author":[{"embeddable":true,"href":"https:\/\/comunicadas.com.ar\/index.php\/wp-json\/wp\/v2\/users\/1"}],"replies":[{"embeddable":true,"href":"https:\/\/comunicadas.com.ar\/index.php\/wp-json\/wp\/v2\/comments?post=7053"}],"version-history":[{"count":3,"href":"https:\/\/comunicadas.com.ar\/index.php\/wp-json\/wp\/v2\/posts\/7053\/revisions"}],"predecessor-version":[{"id":7060,"href":"https:\/\/comunicadas.com.ar\/index.php\/wp-json\/wp\/v2\/posts\/7053\/revisions\/7060"}],"wp:featuredmedia":[{"embeddable":true,"href":"https:\/\/comunicadas.com.ar\/index.php\/wp-json\/wp\/v2\/media\/7054"}],"wp:attachment":[{"href":"https:\/\/comunicadas.com.ar\/index.php\/wp-json\/wp\/v2\/media?parent=7053"}],"wp:term":[{"taxonomy":"category","embeddable":true,"href":"https:\/\/comunicadas.com.ar\/index.php\/wp-json\/wp\/v2\/categories?post=7053"},{"taxonomy":"post_tag","embeddable":true,"href":"https:\/\/comunicadas.com.ar\/index.php\/wp-json\/wp\/v2\/tags?post=7053"}],"curies":[{"name":"wp","href":"https:\/\/api.w.org\/{rel}","templated":true}]}}