{"id":7033,"date":"2022-07-27T20:17:31","date_gmt":"2022-07-27T20:17:31","guid":{"rendered":"https:\/\/comunicadas.com.ar\/?p=7033"},"modified":"2022-07-27T20:20:13","modified_gmt":"2022-07-27T20:20:13","slug":"caba-comercio-ya-tiene-su-primera-candidata-a-secretaria-general","status":"publish","type":"post","link":"https:\/\/comunicadas.com.ar\/index.php\/2022\/07\/27\/caba-comercio-ya-tiene-su-primera-candidata-a-secretaria-general\/","title":{"rendered":"CABA: Comercio ya tiene su primera candidata a Secretaria General"},"content":{"rendered":"\n<p>(Por Anred. PH Jos\u00e9 Nico). <strong>Eva Serrano se desempe\u00f1a como cajera y delegada en Easy Cencosud de Palermo hace siete a\u00f1os. Construy\u00f3 junto a compa\u00f1erxs la Lista Negra y Roja que competir\u00e1 a las listas azul de Armando Cavalieri y Granate de Ram\u00f3n Muerza.<\/strong><\/p>\n\n\n\n<p>Es la primera mujer en presentarse como candidata a Secretaria General del Sindicato de Comercio en la Ciudad Aut\u00f3noma de Buenos Aires. Con el apoyo de trabajadoras y trabajadores, pudieron conformar la lista de base Negra y Roja, que enfrentar\u00e1 a la Lista Azul del dirigente Armando Cavalieri , dirigente del gremio desde 1985, y a la Lista Granate de Ram\u00f3n Muerza.<\/p>\n\n\n\n<p class=\"has-white-color has-vivid-purple-background-color has-text-color has-background\">Bajo las consignas: <em><strong>\"Recuperemos nuestro sindicato, ni Cavalieri ni Muerza\"<\/strong><\/em>, Eva presenta las siguientes propuestas: Equidad en salud para afiliadxs; paritarias en un s\u00f3lo tramo; libertad sindical plena; adicional por extra cash a cajerxs; basta de despidos y cierres de sucursales; eliminaci\u00f3n de jornadas part-time y basta de complicidad entre el sindicato y las empresas.<\/p>\n\n\n\n<div class=\"wp-block-image\"><figure class=\"aligncenter size-full is-resized\"><img loading=\"lazy\" decoding=\"async\" src=\"https:\/\/comunicadas.com.ar\/wp-content\/uploads\/2022\/07\/Eva-Serrano-1.jpg\" alt=\"\" class=\"wp-image-7039\" width=\"503\" height=\"712\" srcset=\"https:\/\/comunicadas.com.ar\/wp-content\/uploads\/2022\/07\/Eva-Serrano-1.jpg 424w, https:\/\/comunicadas.com.ar\/wp-content\/uploads\/2022\/07\/Eva-Serrano-1-212x300.jpg 212w\" sizes=\"(max-width: 503px) 100vw, 503px\" \/><\/figure><\/div>\n\n\n\n<p><a href=\"https:\/\/www.anred.org\/2022\/07\/22\/la-historia-de-eva-serrano-la-primera-candidata-a-secretaria-general-del-sindicato-de-comercio\/\" title=\"En una entrevista para ANRed\">En una entrevista para ANRed<\/a>, Eva coment\u00f3 que el rol tomado por la direcci\u00f3n del sindicato durante todos estos a\u00f1os, ha sido la de llegar a un acuerdo con las empresas directamente, excluyendo a los delegadxs que hab\u00edan sido elegidxs democr\u00e1ticamente por lxs trabajorxs.<\/p>\n\n\n\n<p>\"<strong>La situaci\u00f3n actual de las mujeres y las disidencias en sus lugares de trabajo es grave, ya que sufren desde hostigamientos hasta acosos y maltratos<\/strong>\", expres\u00f3.<\/p>\n\n\n\n<p class=\"has-white-color has-vivid-purple-background-color has-text-color has-background\">Adem\u00e1s, agreg\u00f3: \"<strong>Tenemos compa\u00f1eras que han perdido el \u00fatero porque se negaban a acostarse con dirigentes sindicales y les negaban la obra social en forma de castigo<\/strong>\". A su vez, remarc\u00f3 que <strong>\"Azucena Heredia, que ya no se encuentra con nosotros, denunci\u00f3 los abusos sistem\u00e1ticos que sufri\u00f3 durante 35 a\u00f1os, donde recibi\u00f3 descargas el\u00e9ctricas y abusos\".<\/strong>&nbsp;<\/p>\n\n\n\n<p><strong>El Sindicato de Comercio es el gremio<\/strong> <strong>m\u00e1s grande de Latinoam\u00e9rica<\/strong>, y recuperarlo para los trabajadores y trabajadoras de base, representa en la Lista Negra y Roja, la lucha entre clases, entre la burocracia sindical y la base. Eva sentencia que <strong><em>\"los que dirigen el sindicato han hecho del sindicato una empresa privada para ellos y han hecho enormes negociados\".<\/em><\/strong><\/p>\n\n\n\n<p>Las elecciones del Sindicato de Comercio se llevar\u00e1n a cabo el pr\u00f3ximo 15 de septiembre.<\/p>\n\n\n\n<p>Fuente: ANRed (Agencia de Noticias Red Acci\u00f3n)<\/p>\n","protected":false},"excerpt":{"rendered":"<p>(Por Anred. PH Jos\u00e9 Nico). Eva Serrano se desempe\u00f1a como cajera y delegada en Easy Cencosud de Palermo hace siete a\u00f1os. Construy\u00f3 junto a compa\u00f1erxs la Lista Negra y Roja que competir\u00e1 a las listas azul de Armando Cavalieri y Granate de Ram\u00f3n Muerza. Es la primera mujer en presentarse como candidata a Secretaria General [&hellip;]<\/p>\n","protected":false},"author":1,"featured_media":7040,"comment_status":"open","ping_status":"open","sticky":false,"template":"","format":"standard","meta":{"inline_featured_image":false,"_monsterinsights_skip_tracking":false,"_monsterinsights_sitenote_active":false,"_monsterinsights_sitenote_note":"","_monsterinsights_sitenote_category":0,"lzb_camalote_bajada":"","lzb_camalote_fotogalerias_repeater":"","lzb_camalote_fotogalerias_desc":"","lzb_camalote_fotogalerias_autorxs":"%5B%5D","lzb_camalote_post_imagen_destacada":"","lzb_camalote_post_imagen_destacada_fotografx":"","lzb_camalote_post_imagen_destacada_fotografx_url":"","_jetpack_memberships_contains_paid_content":false,"footnotes":""},"categories":[948,19],"tags":[],"class_list":["post-7033","post","type-post","status-publish","format-standard","has-post-thumbnail","hentry","category-gremios","category-noticias"],"aioseo_notices":[],"jetpack_featured_media_url":"https:\/\/comunicadas.com.ar\/wp-content\/uploads\/2022\/07\/serrano.webp","jetpack_sharing_enabled":true,"jetpack_likes_enabled":true,"_links":{"self":[{"href":"https:\/\/comunicadas.com.ar\/index.php\/wp-json\/wp\/v2\/posts\/7033"}],"collection":[{"href":"https:\/\/comunicadas.com.ar\/index.php\/wp-json\/wp\/v2\/posts"}],"about":[{"href":"https:\/\/comunicadas.com.ar\/index.php\/wp-json\/wp\/v2\/types\/post"}],"author":[{"embeddable":true,"href":"https:\/\/comunicadas.com.ar\/index.php\/wp-json\/wp\/v2\/users\/1"}],"replies":[{"embeddable":true,"href":"https:\/\/comunicadas.com.ar\/index.php\/wp-json\/wp\/v2\/comments?post=7033"}],"version-history":[{"count":3,"href":"https:\/\/comunicadas.com.ar\/index.php\/wp-json\/wp\/v2\/posts\/7033\/revisions"}],"predecessor-version":[{"id":7043,"href":"https:\/\/comunicadas.com.ar\/index.php\/wp-json\/wp\/v2\/posts\/7033\/revisions\/7043"}],"wp:featuredmedia":[{"embeddable":true,"href":"https:\/\/comunicadas.com.ar\/index.php\/wp-json\/wp\/v2\/media\/7040"}],"wp:attachment":[{"href":"https:\/\/comunicadas.com.ar\/index.php\/wp-json\/wp\/v2\/media?parent=7033"}],"wp:term":[{"taxonomy":"category","embeddable":true,"href":"https:\/\/comunicadas.com.ar\/index.php\/wp-json\/wp\/v2\/categories?post=7033"},{"taxonomy":"post_tag","embeddable":true,"href":"https:\/\/comunicadas.com.ar\/index.php\/wp-json\/wp\/v2\/tags?post=7033"}],"curies":[{"name":"wp","href":"https:\/\/api.w.org\/{rel}","templated":true}]}}