{"id":6930,"date":"2022-06-11T04:46:09","date_gmt":"2022-06-11T04:46:09","guid":{"rendered":"https:\/\/comunicadas.com.ar\/?p=6930"},"modified":"2022-06-11T05:06:12","modified_gmt":"2022-06-11T05:06:12","slug":"multitudinaria-primera-marcha-del-orgullo-lgbitq-en-tigre","status":"publish","type":"post","link":"https:\/\/comunicadas.com.ar\/index.php\/2022\/06\/11\/multitudinaria-primera-marcha-del-orgullo-lgbitq-en-tigre\/","title":{"rendered":"Multitudinaria primera Marcha del Orgullo LGBITQ+ en Tigre"},"content":{"rendered":"\n<p>*<strong>El s\u00e1bado 28 de mayo, Tigre tuvo su multitudinaria primera marcha del orgullo LGBITQ+ autoconvocada, en la cual se realizaron diferentes actividades para compartir y reivindicar la igualdad de derechos.<\/strong><\/p>\n\n\n\n<p>Vecines y orgulloses de quienes son, se autoconvocaron para visibilizarse en una tarde llena de color, amor, entendimiento y lucha. Adem\u00e1s, desde distintos espacios como Diverencuentro y Orgullo Tigre, junto a otras organizaciones, conformaron la comisi\u00f3n organizadora que llev\u00f3 adelante la convocatoria y la realizaci\u00f3n de la marcha.<\/p>\n\n\n\n<p class=\"has-white-color has-vivid-green-cyan-background-color has-text-color has-background\">La movilizaci\u00f3n tuvo como ejes, dos consignas: una referida a la pregunta sobre <em>\u00bfPor qu\u00e9 marchamos?<\/em> y la segunda <em>\"Ya no nos quedamos m\u00e1s en el closet\"<\/em>.<\/p>\n\n\n\n<figure class=\"wp-block-image size-large\"><img loading=\"lazy\" decoding=\"async\" width=\"1024\" height=\"683\" src=\"https:\/\/comunicadas.com.ar\/wp-content\/uploads\/2022\/06\/WhatsApp-Image-2022-06-02-at-12.29.11-AM-1024x683.jpeg\" alt=\"\" class=\"wp-image-6941\" srcset=\"https:\/\/comunicadas.com.ar\/wp-content\/uploads\/2022\/06\/WhatsApp-Image-2022-06-02-at-12.29.11-AM-1024x683.jpeg 1024w, https:\/\/comunicadas.com.ar\/wp-content\/uploads\/2022\/06\/WhatsApp-Image-2022-06-02-at-12.29.11-AM-300x200.jpeg 300w, https:\/\/comunicadas.com.ar\/wp-content\/uploads\/2022\/06\/WhatsApp-Image-2022-06-02-at-12.29.11-AM-768x512.jpeg 768w, https:\/\/comunicadas.com.ar\/wp-content\/uploads\/2022\/06\/WhatsApp-Image-2022-06-02-at-12.29.11-AM-1536x1024.jpeg 1536w, https:\/\/comunicadas.com.ar\/wp-content\/uploads\/2022\/06\/WhatsApp-Image-2022-06-02-at-12.29.11-AM-580x386.jpeg 580w, https:\/\/comunicadas.com.ar\/wp-content\/uploads\/2022\/06\/WhatsApp-Image-2022-06-02-at-12.29.11-AM.jpeg 1599w\" sizes=\"(max-width: 1024px) 100vw, 1024px\" \/><\/figure>\n\n\n\n<p>En la zona fluvial del distrito de Tigre, donde fue la concentraci\u00f3n masiva, hubo exposiciones fotogr\u00e1ficas que visibilizaron la diversidad de los g\u00e9neros, feria de trabajadorxs y distintas performances a cargo de La Kiki, Coral Barcos, Mirko, FP Dance, Twerk Disidente, Socio Ballroom, todes activistas de la comunidad LGTBIQ+ local.<\/p>\n\n\n\n<div class=\"wp-block-image\"><figure class=\"aligncenter size-large\"><img loading=\"lazy\" decoding=\"async\" width=\"1024\" height=\"683\" src=\"https:\/\/comunicadas.com.ar\/wp-content\/uploads\/2022\/06\/WhatsApp-Image-2022-06-02-at-12.29.12-AM-3-1024x683.jpeg\" alt=\"\" class=\"wp-image-6942\" srcset=\"https:\/\/comunicadas.com.ar\/wp-content\/uploads\/2022\/06\/WhatsApp-Image-2022-06-02-at-12.29.12-AM-3-1024x683.jpeg 1024w, https:\/\/comunicadas.com.ar\/wp-content\/uploads\/2022\/06\/WhatsApp-Image-2022-06-02-at-12.29.12-AM-3-300x200.jpeg 300w, https:\/\/comunicadas.com.ar\/wp-content\/uploads\/2022\/06\/WhatsApp-Image-2022-06-02-at-12.29.12-AM-3-768x512.jpeg 768w, https:\/\/comunicadas.com.ar\/wp-content\/uploads\/2022\/06\/WhatsApp-Image-2022-06-02-at-12.29.12-AM-3-1536x1024.jpeg 1536w, https:\/\/comunicadas.com.ar\/wp-content\/uploads\/2022\/06\/WhatsApp-Image-2022-06-02-at-12.29.12-AM-3-580x386.jpeg 580w, https:\/\/comunicadas.com.ar\/wp-content\/uploads\/2022\/06\/WhatsApp-Image-2022-06-02-at-12.29.12-AM-3.jpeg 1599w\" sizes=\"(max-width: 1024px) 100vw, 1024px\" \/><\/figure><\/div>\n\n\n\n<figure class=\"wp-block-image size-large\"><img loading=\"lazy\" decoding=\"async\" width=\"1024\" height=\"683\" src=\"https:\/\/comunicadas.com.ar\/wp-content\/uploads\/2022\/06\/WhatsApp-Image-2022-06-02-at-12.29.12-AM-2-1024x683.jpeg\" alt=\"\" class=\"wp-image-6943\" srcset=\"https:\/\/comunicadas.com.ar\/wp-content\/uploads\/2022\/06\/WhatsApp-Image-2022-06-02-at-12.29.12-AM-2-1024x683.jpeg 1024w, https:\/\/comunicadas.com.ar\/wp-content\/uploads\/2022\/06\/WhatsApp-Image-2022-06-02-at-12.29.12-AM-2-300x200.jpeg 300w, https:\/\/comunicadas.com.ar\/wp-content\/uploads\/2022\/06\/WhatsApp-Image-2022-06-02-at-12.29.12-AM-2-768x512.jpeg 768w, https:\/\/comunicadas.com.ar\/wp-content\/uploads\/2022\/06\/WhatsApp-Image-2022-06-02-at-12.29.12-AM-2-1536x1024.jpeg 1536w, https:\/\/comunicadas.com.ar\/wp-content\/uploads\/2022\/06\/WhatsApp-Image-2022-06-02-at-12.29.12-AM-2-580x386.jpeg 580w, https:\/\/comunicadas.com.ar\/wp-content\/uploads\/2022\/06\/WhatsApp-Image-2022-06-02-at-12.29.12-AM-2.jpeg 1599w\" sizes=\"(max-width: 1024px) 100vw, 1024px\" \/><figcaption>La muestra fotogr\u00e1fica con identidades de la comunidad LGTBIQ+ fue la protagonista de la tarde.<\/figcaption><\/figure>\n\n\n\n<p><\/p>\n\n\n\n<p class=\"has-white-color has-vivid-green-cyan-background-color has-text-color has-background\">Adem\u00e1s de las exposiciones y las performance, hubo talleres abiertos para toda la comunidad presente con el objetivo de concientizar y sensibilizar la importancia de continuar visibilizando la diversidad de g\u00e9neros.<\/p>\n\n\n\n<div class=\"wp-block-image\"><figure class=\"aligncenter size-large is-resized\"><img loading=\"lazy\" decoding=\"async\" src=\"https:\/\/comunicadas.com.ar\/wp-content\/uploads\/2022\/06\/IMG_20220528_164127821_HDR-771x1024.jpg\" alt=\"\" class=\"wp-image-6949\" width=\"469\" height=\"623\" srcset=\"https:\/\/comunicadas.com.ar\/wp-content\/uploads\/2022\/06\/IMG_20220528_164127821_HDR-771x1024.jpg 771w, https:\/\/comunicadas.com.ar\/wp-content\/uploads\/2022\/06\/IMG_20220528_164127821_HDR-226x300.jpg 226w, https:\/\/comunicadas.com.ar\/wp-content\/uploads\/2022\/06\/IMG_20220528_164127821_HDR-768x1020.jpg 768w, https:\/\/comunicadas.com.ar\/wp-content\/uploads\/2022\/06\/IMG_20220528_164127821_HDR-1157x1536.jpg 1157w, https:\/\/comunicadas.com.ar\/wp-content\/uploads\/2022\/06\/IMG_20220528_164127821_HDR.jpg 1205w\" sizes=\"(max-width: 469px) 100vw, 469px\" \/><figcaption>Higui, junto a sus compa\u00f1eres, dijo presente en la primera Marcha del Orgullo en Tigre.<\/figcaption><\/figure><\/div>\n\n\n\n<p>Al momento de marchar por el casco c\u00e9ntrico, <strong>los reclamos se centraron en la comunidad trans que a pesar de tener la la ley de cupo laboral trans y ley de identidad de g\u00e9nero, sigue siendo el sector m\u00e1s vulnerable.<\/strong><\/p>\n\n\n\n<p><\/p>\n\n\n\n<figure class=\"wp-block-image size-large\"><img loading=\"lazy\" decoding=\"async\" width=\"1024\" height=\"683\" src=\"https:\/\/comunicadas.com.ar\/wp-content\/uploads\/2022\/06\/WhatsApp-Image-2022-06-02-at-12.29.10-AM-1-1024x683.jpeg\" alt=\"\" class=\"wp-image-6944\" srcset=\"https:\/\/comunicadas.com.ar\/wp-content\/uploads\/2022\/06\/WhatsApp-Image-2022-06-02-at-12.29.10-AM-1-1024x683.jpeg 1024w, https:\/\/comunicadas.com.ar\/wp-content\/uploads\/2022\/06\/WhatsApp-Image-2022-06-02-at-12.29.10-AM-1-300x200.jpeg 300w, https:\/\/comunicadas.com.ar\/wp-content\/uploads\/2022\/06\/WhatsApp-Image-2022-06-02-at-12.29.10-AM-1-768x512.jpeg 768w, https:\/\/comunicadas.com.ar\/wp-content\/uploads\/2022\/06\/WhatsApp-Image-2022-06-02-at-12.29.10-AM-1-1536x1024.jpeg 1536w, https:\/\/comunicadas.com.ar\/wp-content\/uploads\/2022\/06\/WhatsApp-Image-2022-06-02-at-12.29.10-AM-1-580x386.jpeg 580w, https:\/\/comunicadas.com.ar\/wp-content\/uploads\/2022\/06\/WhatsApp-Image-2022-06-02-at-12.29.10-AM-1.jpeg 1599w\" sizes=\"(max-width: 1024px) 100vw, 1024px\" \/><\/figure>\n\n\n\n<p><\/p>\n\n\n\n<div class=\"wp-block-image\"><figure class=\"aligncenter size-large is-resized\"><img loading=\"lazy\" decoding=\"async\" src=\"https:\/\/comunicadas.com.ar\/wp-content\/uploads\/2022\/06\/IMG_20220528_161220692-1024x968.jpg\" alt=\"\" class=\"wp-image-6951\" width=\"528\" height=\"499\" srcset=\"https:\/\/comunicadas.com.ar\/wp-content\/uploads\/2022\/06\/IMG_20220528_161220692-1024x968.jpg 1024w, https:\/\/comunicadas.com.ar\/wp-content\/uploads\/2022\/06\/IMG_20220528_161220692-300x284.jpg 300w, https:\/\/comunicadas.com.ar\/wp-content\/uploads\/2022\/06\/IMG_20220528_161220692-768x726.jpg 768w, https:\/\/comunicadas.com.ar\/wp-content\/uploads\/2022\/06\/IMG_20220528_161220692.jpg 1205w\" sizes=\"(max-width: 528px) 100vw, 528px\" \/><figcaption>No faltaron los carteles que expresaron la pronta aparici\u00f3n con vida del joven trans, Tehuel de la Torre.<\/figcaption><\/figure><\/div>\n\n\n\n<p>Para el cierre de la jornada, se realiz\u00f3 un festival colorido donde se presentaron Daniela Ela, Max Vanns, Azetacanta, Ginger Towa DJ. De esta manera, les artistas dieron el final de una jornada a puro brillo, lucha y convicci\u00f3n por vivir en un distrito donde la igualdad de derechos sea una realidad.<\/p>\n\n\n\n<div class=\"wp-block-jetpack-tiled-gallery aligncenter is-style-rectangular\"><div class=\"tiled-gallery__gallery\"><div class=\"tiled-gallery__row\"><div class=\"tiled-gallery__col\" style=\"flex-basis:18.62494%\"><figure class=\"tiled-gallery__item\"><img decoding=\"async\" srcset=\"https:\/\/i2.wp.com\/comunicadas.com.ar\/wp-content\/uploads\/2022\/06\/WhatsApp-Image-2022-06-02-at-12.29.12-AM-4.jpeg?strip=info&#038;w=600&#038;ssl=1 600w,https:\/\/i2.wp.com\/comunicadas.com.ar\/wp-content\/uploads\/2022\/06\/WhatsApp-Image-2022-06-02-at-12.29.12-AM-4.jpeg?strip=info&#038;w=900&#038;ssl=1 900w,https:\/\/i2.wp.com\/comunicadas.com.ar\/wp-content\/uploads\/2022\/06\/WhatsApp-Image-2022-06-02-at-12.29.12-AM-4.jpeg?strip=info&#038;w=1066&#038;ssl=1 1066w\" alt=\"\" data-height=\"1599\" data-id=\"6945\" data-link=\"https:\/\/comunicadas.com.ar\/?attachment_id=6945\" data-url=\"https:\/\/comunicadas.com.ar\/wp-content\/uploads\/2022\/06\/WhatsApp-Image-2022-06-02-at-12.29.12-AM-4.jpeg\" data-width=\"1066\" src=\"https:\/\/i2.wp.com\/comunicadas.com.ar\/wp-content\/uploads\/2022\/06\/WhatsApp-Image-2022-06-02-at-12.29.12-AM-4.jpeg?ssl=1\" data-amp-layout=\"responsive\"\/><\/figure><\/div><div class=\"tiled-gallery__col\" style=\"flex-basis:21.02190%\"><figure class=\"tiled-gallery__item\"><img decoding=\"async\" srcset=\"https:\/\/i0.wp.com\/comunicadas.com.ar\/wp-content\/uploads\/2022\/06\/IMG_20220528_163720814.jpg?strip=info&#038;w=600&#038;ssl=1 600w,https:\/\/i0.wp.com\/comunicadas.com.ar\/wp-content\/uploads\/2022\/06\/IMG_20220528_163720814.jpg?strip=info&#038;w=900&#038;ssl=1 900w,https:\/\/i0.wp.com\/comunicadas.com.ar\/wp-content\/uploads\/2022\/06\/IMG_20220528_163720814.jpg?strip=info&#038;w=1200&#038;ssl=1 1200w,https:\/\/i0.wp.com\/comunicadas.com.ar\/wp-content\/uploads\/2022\/06\/IMG_20220528_163720814.jpg?strip=info&#038;w=1205&#038;ssl=1 1205w\" alt=\"\" data-height=\"1600\" data-id=\"6946\" data-link=\"https:\/\/comunicadas.com.ar\/?attachment_id=6946\" data-url=\"https:\/\/comunicadas.com.ar\/wp-content\/uploads\/2022\/06\/IMG_20220528_163720814.jpg\" data-width=\"1205\" src=\"https:\/\/i0.wp.com\/comunicadas.com.ar\/wp-content\/uploads\/2022\/06\/IMG_20220528_163720814.jpg?ssl=1\" data-amp-layout=\"responsive\"\/><\/figure><\/div><div class=\"tiled-gallery__col\" style=\"flex-basis:18.62494%\"><figure class=\"tiled-gallery__item\"><img decoding=\"async\" srcset=\"https:\/\/i0.wp.com\/comunicadas.com.ar\/wp-content\/uploads\/2022\/06\/WhatsApp-Image-2022-06-02-at-12.29.13-AM.jpeg?strip=info&#038;w=600&#038;ssl=1 600w,https:\/\/i0.wp.com\/comunicadas.com.ar\/wp-content\/uploads\/2022\/06\/WhatsApp-Image-2022-06-02-at-12.29.13-AM.jpeg?strip=info&#038;w=900&#038;ssl=1 900w,https:\/\/i0.wp.com\/comunicadas.com.ar\/wp-content\/uploads\/2022\/06\/WhatsApp-Image-2022-06-02-at-12.29.13-AM.jpeg?strip=info&#038;w=1066&#038;ssl=1 1066w\" alt=\"\" data-height=\"1599\" data-id=\"6947\" data-link=\"https:\/\/comunicadas.com.ar\/?attachment_id=6947\" data-url=\"https:\/\/comunicadas.com.ar\/wp-content\/uploads\/2022\/06\/WhatsApp-Image-2022-06-02-at-12.29.13-AM.jpeg\" data-width=\"1066\" src=\"https:\/\/i0.wp.com\/comunicadas.com.ar\/wp-content\/uploads\/2022\/06\/WhatsApp-Image-2022-06-02-at-12.29.13-AM.jpeg?ssl=1\" data-amp-layout=\"responsive\"\/><\/figure><\/div><div class=\"tiled-gallery__col\" style=\"flex-basis:41.72822%\"><figure class=\"tiled-gallery__item\"><img decoding=\"async\" srcset=\"https:\/\/i2.wp.com\/comunicadas.com.ar\/wp-content\/uploads\/2022\/06\/WhatsApp-Image-2022-06-02-at-12.29.12-AM.jpeg?strip=info&#038;w=600&#038;ssl=1 600w,https:\/\/i2.wp.com\/comunicadas.com.ar\/wp-content\/uploads\/2022\/06\/WhatsApp-Image-2022-06-02-at-12.29.12-AM.jpeg?strip=info&#038;w=900&#038;ssl=1 900w,https:\/\/i2.wp.com\/comunicadas.com.ar\/wp-content\/uploads\/2022\/06\/WhatsApp-Image-2022-06-02-at-12.29.12-AM.jpeg?strip=info&#038;w=1200&#038;ssl=1 1200w,https:\/\/i2.wp.com\/comunicadas.com.ar\/wp-content\/uploads\/2022\/06\/WhatsApp-Image-2022-06-02-at-12.29.12-AM.jpeg?strip=info&#038;w=1500&#038;ssl=1 1500w,https:\/\/i2.wp.com\/comunicadas.com.ar\/wp-content\/uploads\/2022\/06\/WhatsApp-Image-2022-06-02-at-12.29.12-AM.jpeg?strip=info&#038;w=1599&#038;ssl=1 1599w\" alt=\"\" data-height=\"1066\" data-id=\"6948\" data-link=\"https:\/\/comunicadas.com.ar\/?attachment_id=6948\" data-url=\"https:\/\/comunicadas.com.ar\/wp-content\/uploads\/2022\/06\/WhatsApp-Image-2022-06-02-at-12.29.12-AM.jpeg\" data-width=\"1599\" src=\"https:\/\/i2.wp.com\/comunicadas.com.ar\/wp-content\/uploads\/2022\/06\/WhatsApp-Image-2022-06-02-at-12.29.12-AM.jpeg?ssl=1\" data-amp-layout=\"responsive\"\/><\/figure><\/div><\/div><\/div><\/div>\n\n\n\n<div class=\"wp-block-image\"><figure class=\"aligncenter size-large is-resized\"><img loading=\"lazy\" decoding=\"async\" src=\"https:\/\/comunicadas.com.ar\/wp-content\/uploads\/2022\/06\/IMG_20220528_161622066_HDR-771x1024.jpg\" alt=\"\" class=\"wp-image-6950\" width=\"564\" height=\"749\" srcset=\"https:\/\/comunicadas.com.ar\/wp-content\/uploads\/2022\/06\/IMG_20220528_161622066_HDR-771x1024.jpg 771w, https:\/\/comunicadas.com.ar\/wp-content\/uploads\/2022\/06\/IMG_20220528_161622066_HDR-226x300.jpg 226w, https:\/\/comunicadas.com.ar\/wp-content\/uploads\/2022\/06\/IMG_20220528_161622066_HDR-768x1020.jpg 768w, https:\/\/comunicadas.com.ar\/wp-content\/uploads\/2022\/06\/IMG_20220528_161622066_HDR-1157x1536.jpg 1157w, https:\/\/comunicadas.com.ar\/wp-content\/uploads\/2022\/06\/IMG_20220528_161622066_HDR.jpg 1205w\" sizes=\"(max-width: 564px) 100vw, 564px\" \/><\/figure><\/div>\n\n\n\n<p><\/p>\n\n\n\n<p>*Fotograf\u00eda y texto: Facundo Martz \/ Valeria Capornio para Comunicadas.<\/p>\n","protected":false},"excerpt":{"rendered":"<p>*El s\u00e1bado 28 de mayo, Tigre tuvo su multitudinaria primera marcha del orgullo LGBITQ+ autoconvocada, en la cual se realizaron diferentes actividades para compartir y reivindicar la igualdad de derechos. Vecines y orgulloses de quienes son, se autoconvocaron para visibilizarse en una tarde llena de color, amor, entendimiento y lucha. Adem\u00e1s, desde distintos espacios como [&hellip;]<\/p>\n","protected":false},"author":1,"featured_media":6940,"comment_status":"open","ping_status":"open","sticky":false,"template":"","format":"standard","meta":{"inline_featured_image":false,"_monsterinsights_skip_tracking":false,"_monsterinsights_sitenote_active":false,"_monsterinsights_sitenote_note":"","_monsterinsights_sitenote_category":0,"lzb_camalote_bajada":"","lzb_camalote_fotogalerias_repeater":"","lzb_camalote_fotogalerias_desc":"","lzb_camalote_fotogalerias_autorxs":"%5B%5D","lzb_camalote_post_imagen_destacada":"","lzb_camalote_post_imagen_destacada_fotografx":"","lzb_camalote_post_imagen_destacada_fotografx_url":"","_jetpack_memberships_contains_paid_content":false,"footnotes":""},"categories":[1],"tags":[],"class_list":["post-6930","post","type-post","status-publish","format-standard","has-post-thumbnail","hentry","category-sin-categoria"],"aioseo_notices":[],"jetpack_featured_media_url":"https:\/\/comunicadas.com.ar\/wp-content\/uploads\/2022\/05\/WhatsApp-Image-2022-06-02-at-12.29.10-AM.jpeg","jetpack_sharing_enabled":true,"jetpack_likes_enabled":true,"_links":{"self":[{"href":"https:\/\/comunicadas.com.ar\/index.php\/wp-json\/wp\/v2\/posts\/6930"}],"collection":[{"href":"https:\/\/comunicadas.com.ar\/index.php\/wp-json\/wp\/v2\/posts"}],"about":[{"href":"https:\/\/comunicadas.com.ar\/index.php\/wp-json\/wp\/v2\/types\/post"}],"author":[{"embeddable":true,"href":"https:\/\/comunicadas.com.ar\/index.php\/wp-json\/wp\/v2\/users\/1"}],"replies":[{"embeddable":true,"href":"https:\/\/comunicadas.com.ar\/index.php\/wp-json\/wp\/v2\/comments?post=6930"}],"version-history":[{"count":14,"href":"https:\/\/comunicadas.com.ar\/index.php\/wp-json\/wp\/v2\/posts\/6930\/revisions"}],"predecessor-version":[{"id":6968,"href":"https:\/\/comunicadas.com.ar\/index.php\/wp-json\/wp\/v2\/posts\/6930\/revisions\/6968"}],"wp:featuredmedia":[{"embeddable":true,"href":"https:\/\/comunicadas.com.ar\/index.php\/wp-json\/wp\/v2\/media\/6940"}],"wp:attachment":[{"href":"https:\/\/comunicadas.com.ar\/index.php\/wp-json\/wp\/v2\/media?parent=6930"}],"wp:term":[{"taxonomy":"category","embeddable":true,"href":"https:\/\/comunicadas.com.ar\/index.php\/wp-json\/wp\/v2\/categories?post=6930"},{"taxonomy":"post_tag","embeddable":true,"href":"https:\/\/comunicadas.com.ar\/index.php\/wp-json\/wp\/v2\/tags?post=6930"}],"curies":[{"name":"wp","href":"https:\/\/api.w.org\/{rel}","templated":true}]}}