{"id":6890,"date":"2022-05-12T15:06:15","date_gmt":"2022-05-12T15:06:15","guid":{"rendered":"https:\/\/comunicadas.com.ar\/?p=6890"},"modified":"2022-09-04T04:35:26","modified_gmt":"2022-09-04T04:35:26","slug":"luciana-peker-se-presentara-en-tigre","status":"publish","type":"post","link":"https:\/\/comunicadas.com.ar\/index.php\/2022\/05\/12\/luciana-peker-se-presentara-en-tigre\/","title":{"rendered":"Luciana Peker se presentar\u00e1 en Tigre"},"content":{"rendered":"\n<p><strong>La periodista argentina especializada en temas de g\u00e9nero y activista del movimiento feminista, se presentar\u00e1 \u00e9ste s\u00e1bado 14 de mayo en el distrito de Tigre para inaugurar el ciclo de charlas de la ONG local, Compromiso con Tigre. <\/strong><\/p>\n\n\n\n<p>Este s\u00e1bado 14 de mayo a las 16 horas, Luciana Peker inaugurar\u00e1 el ciclo de Conferencias <em>Comprometid@s con Tigre<\/em> de la ONG <strong>Compromiso con Tigre<\/strong>. El evento tendr\u00e1 lugar en Islas Orcadas 765, localidad de General Pacheco.<\/p>\n\n\n\n<p><\/p>\n\n\n\n<figure class=\"wp-block-gallery has-nested-images columns-default is-cropped wp-block-gallery-2 is-layout-flex wp-block-gallery-is-layout-flex\">\n<figure class=\"wp-block-image size-large\"><img loading=\"lazy\" decoding=\"async\" width=\"1024\" height=\"538\" data-id=\"6894\" src=\"https:\/\/comunicadas.com.ar\/wp-content\/uploads\/2022\/05\/WhatsApp-Image-2022-05-12-at-10.35.42-AM-1-1024x538.jpeg\" alt=\"\" class=\"wp-image-6894\" srcset=\"https:\/\/comunicadas.com.ar\/wp-content\/uploads\/2022\/05\/WhatsApp-Image-2022-05-12-at-10.35.42-AM-1-1024x538.jpeg 1024w, https:\/\/comunicadas.com.ar\/wp-content\/uploads\/2022\/05\/WhatsApp-Image-2022-05-12-at-10.35.42-AM-1-300x158.jpeg 300w, https:\/\/comunicadas.com.ar\/wp-content\/uploads\/2022\/05\/WhatsApp-Image-2022-05-12-at-10.35.42-AM-1-768x403.jpeg 768w, https:\/\/comunicadas.com.ar\/wp-content\/uploads\/2022\/05\/WhatsApp-Image-2022-05-12-at-10.35.42-AM-1.jpeg 1200w\" sizes=\"(max-width: 1024px) 100vw, 1024px\" \/><\/figure>\n<figcaption class=\"blocks-gallery-caption\">Convocatoria oficial de Compromiso con Tigre<\/figcaption><\/figure>\n\n\n\n<p><\/p>\n\n\n\n<p class=\"has-white-color has-vivid-purple-background-color has-text-color has-background\">A trav\u00e9s de un comunicado, la ONG organizadora indic\u00f3 que \"<em>la actividad consistir\u00e1 en una exposici\u00f3n de la renombrada periodista y activista especializada en g\u00e9nero en la que <strong>reflexionar\u00e1 sobre la revoluci\u00f3n de las mujeres y sus luchas<\/strong>, <strong>las mujeres y la pol\u00edtica, y la construcci\u00f3n de una sociedad m\u00e1s igualitaria<\/strong>. Luego, habr\u00e1 un espacio para el intercambio de preguntas y respuestas con el p\u00fablico\".<\/em><\/p>\n\n\n\n<p><br>Adem\u00e1s, remarc\u00f3 que el ciclo <em>Comprometid@s con Tigre<\/em> \"<em>es una iniciativa novedosa que plantea el abordaje de temas de actualidad y la construcci\u00f3n de conocimiento en un espacio en el que la interacci\u00f3n entre los participantes es la regla. Cada invitad@ tendr\u00e1 como consigna inaugurar un camino nuevo para los vecinos de Tigre, a trav\u00e9s de una pol\u00edtica, una actividad o simplemente una idea\"<\/em>. <\/p>\n","protected":false},"excerpt":{"rendered":"<p>La periodista argentina especializada en temas de g\u00e9nero y activista del movimiento feminista, se presentar\u00e1 \u00e9ste s\u00e1bado 14 de mayo en el distrito de Tigre para inaugurar el ciclo de charlas de la ONG local, Compromiso con Tigre. Este s\u00e1bado 14 de mayo a las 16 horas, Luciana Peker inaugurar\u00e1 el ciclo de Conferencias Comprometid@s [&hellip;]<\/p>\n","protected":false},"author":1,"featured_media":6893,"comment_status":"open","ping_status":"open","sticky":false,"template":"","format":"standard","meta":{"inline_featured_image":false,"_monsterinsights_skip_tracking":false,"_monsterinsights_sitenote_active":false,"_monsterinsights_sitenote_note":"","_monsterinsights_sitenote_category":0,"lzb_camalote_bajada":"","lzb_camalote_fotogalerias_repeater":"","lzb_camalote_fotogalerias_desc":"","lzb_camalote_fotogalerias_autorxs":"%5B%5D","lzb_camalote_post_imagen_destacada":"","lzb_camalote_post_imagen_destacada_fotografx":"","lzb_camalote_post_imagen_destacada_fotografx_url":"","_jetpack_memberships_contains_paid_content":false,"footnotes":""},"categories":[17],"tags":[],"class_list":["post-6890","post","type-post","status-publish","format-standard","has-post-thumbnail","hentry","category-mujeres-empoderadas"],"aioseo_notices":[],"jetpack_featured_media_url":"https:\/\/comunicadas.com.ar\/wp-content\/uploads\/2022\/05\/7QDXKSQHNBEMTCRUN2IPNUSXNM.jpg","jetpack_sharing_enabled":true,"jetpack_likes_enabled":true,"_links":{"self":[{"href":"https:\/\/comunicadas.com.ar\/index.php\/wp-json\/wp\/v2\/posts\/6890"}],"collection":[{"href":"https:\/\/comunicadas.com.ar\/index.php\/wp-json\/wp\/v2\/posts"}],"about":[{"href":"https:\/\/comunicadas.com.ar\/index.php\/wp-json\/wp\/v2\/types\/post"}],"author":[{"embeddable":true,"href":"https:\/\/comunicadas.com.ar\/index.php\/wp-json\/wp\/v2\/users\/1"}],"replies":[{"embeddable":true,"href":"https:\/\/comunicadas.com.ar\/index.php\/wp-json\/wp\/v2\/comments?post=6890"}],"version-history":[{"count":1,"href":"https:\/\/comunicadas.com.ar\/index.php\/wp-json\/wp\/v2\/posts\/6890\/revisions"}],"predecessor-version":[{"id":6895,"href":"https:\/\/comunicadas.com.ar\/index.php\/wp-json\/wp\/v2\/posts\/6890\/revisions\/6895"}],"wp:featuredmedia":[{"embeddable":true,"href":"https:\/\/comunicadas.com.ar\/index.php\/wp-json\/wp\/v2\/media\/6893"}],"wp:attachment":[{"href":"https:\/\/comunicadas.com.ar\/index.php\/wp-json\/wp\/v2\/media?parent=6890"}],"wp:term":[{"taxonomy":"category","embeddable":true,"href":"https:\/\/comunicadas.com.ar\/index.php\/wp-json\/wp\/v2\/categories?post=6890"},{"taxonomy":"post_tag","embeddable":true,"href":"https:\/\/comunicadas.com.ar\/index.php\/wp-json\/wp\/v2\/tags?post=6890"}],"curies":[{"name":"wp","href":"https:\/\/api.w.org\/{rel}","templated":true}]}}