{"id":6832,"date":"2022-04-20T19:18:15","date_gmt":"2022-04-20T19:18:15","guid":{"rendered":"https:\/\/comunicadas.com.ar\/?p=6832"},"modified":"2022-04-20T19:19:04","modified_gmt":"2022-04-20T19:19:04","slug":"cultura-en-foco-por-que-esta-en-riesgo-y-tenemos-que-defenderla","status":"publish","type":"post","link":"https:\/\/comunicadas.com.ar\/index.php\/2022\/04\/20\/cultura-en-foco-por-que-esta-en-riesgo-y-tenemos-que-defenderla\/","title":{"rendered":"Cultura en foco:  \u00bfPor qu\u00e9 est\u00e1 en riesgo y tenemos que defenderla?"},"content":{"rendered":"\n<p><strong>Por Ingrid Urrutia (@ingridurrut<\/strong>), <strong>polit\u00f3loga y delegada general de la Junta Interna de ATE en el INCAA.<\/strong><\/p>\n\n\n\n<p>Escuch\u00e9 decir alguna vez que el \u00e1rbol de la vida es inmensamente m\u00e1s rico que las hojas de la teor\u00eda, eso me sirve para resaltar el triunfo de haber echado a Luis Puenzo como presidente del INCAA en una jornada marcada por la represi\u00f3n que enfrentamos trabajadores y estudiantes en la calle el pasado lunes 11 de abril.<\/p>\n\n\n\n<p>La crisis en el sector de la cultura no es nueva.<strong> En 2017 el Congreso nacional vot\u00f3 la Ley 27.342 que le pone fecha de terminalidad para el 31 de diciembre de este a\u00f1o a los impuestos espec\u00edficos que financian a la cultura.<\/strong> Hasta el momento no hay argumentos serios que justifiquen su aprobaci\u00f3n, lo que reafirma que fue una de las tantas leyes que son moneda de cambio en plena discusi\u00f3n de la reforma previsional hasta el desembarco posterior del FMI en nuestro pa\u00eds. Lo cierto es que fue votado por los oficialistas de entonces y los de ahora con excepci\u00f3n de la izquierda. Por eso, tenemos el desaf\u00edo de difundir las consecuencias de que estos impuestos dejen de ir a la cultura y vayan a engrosar las arcas del tesoro nacional para otros destinos: perder parte de nuestra identidad, nuestra soberan\u00eda y alrededor de 700.000 puestos de trabajo.<\/p>\n\n\n\n<figure class=\"wp-block-image size-large\"><img loading=\"lazy\" decoding=\"async\" width=\"1024\" height=\"683\" src=\"https:\/\/comunicadas.com.ar\/wp-content\/uploads\/2022\/04\/WhatsApp-Image-2022-04-18-at-11.52.06-PM-1024x683.jpeg\" alt=\"\" class=\"wp-image-6835\" srcset=\"https:\/\/comunicadas.com.ar\/wp-content\/uploads\/2022\/04\/WhatsApp-Image-2022-04-18-at-11.52.06-PM-1024x683.jpeg 1024w, https:\/\/comunicadas.com.ar\/wp-content\/uploads\/2022\/04\/WhatsApp-Image-2022-04-18-at-11.52.06-PM-300x200.jpeg 300w, https:\/\/comunicadas.com.ar\/wp-content\/uploads\/2022\/04\/WhatsApp-Image-2022-04-18-at-11.52.06-PM-768x512.jpeg 768w, https:\/\/comunicadas.com.ar\/wp-content\/uploads\/2022\/04\/WhatsApp-Image-2022-04-18-at-11.52.06-PM-580x386.jpeg 580w, https:\/\/comunicadas.com.ar\/wp-content\/uploads\/2022\/04\/WhatsApp-Image-2022-04-18-at-11.52.06-PM.jpeg 1500w\" sizes=\"(max-width: 1024px) 100vw, 1024px\" \/><figcaption>Fotos de @pedro.pallero<\/figcaption><\/figure>\n\n\n\n<p>Para que entendamos todes <strong>\u00bfQu\u00e9 impuestos espec\u00edficos caducan?<\/strong> El gravamen a premios de juegos de sorteo y concursos deportivos de la Ley 20.630; el Impuesto a las entradas de espect\u00e1culos cinematogr\u00e1ficos e impuesto sobre los videogramas grabados previstos en la Ley 17.741 y el impuesto a los servicios de comunicaci\u00f3n audiovisual previsto en la Ley 26.522. Estos impuestos se recaudar\u00e1n igual pero no ir\u00e1n a la cultura. <strong>\u00bfQu\u00e9 fondos se van a&nbsp; ver afectados?<\/strong> Los fondos para el cine, la m\u00fasica, el teatro, las bibliotecas populares, los medios comunitarios y la defensor\u00eda del pueblo. A su vez, si no hay fondos, se vac\u00edan los organismos nacionales como el INCAA, INT, INAMU, CONABIP, ENACOM y FOMECA. Estamos a punto de perder un poco m\u00e1s de soberan\u00eda, un poco m\u00e1s de identidad. <strong>Les trabajadores y les estudiantes no estamos dispuestos a que eso suceda<\/strong>.<\/p>\n\n\n\n<p class=\"has-white-color has-black-background-color has-text-color has-background\">Desde que se sabe que estos fondos est\u00e1n en riesgo, ha costado visibilizar el tema. El gobierno nacional en sus dos a\u00f1os y medios se llam\u00f3 al silencio; tambi\u00e9n lo hizo la gesti\u00f3n de Luis Puenzo, el primer \u201cOscar argentino\u201d e impulsor de la Ley de Cine en 1994. El rechazo generalizado que ya acumulaba su gesti\u00f3n tuvo dos gotas que rebalsaron el vaso, por as\u00ed decirlo. Una fue un posteo en redes sociales de Lucrecia Cardoso, ex presidenta del INCAA, ahora funcionaria del Ministerio de Cultura de la Naci\u00f3n, festejando el estreno de Granizo en la plataforma de la \u201cN\u201d roja bajo el hashtag #CheNetflix, toda una provocaci\u00f3n en un contexto en el que estamos a meses de perder el fomento y el apoyo a la producci\u00f3n audiovisual independiente, federal, inclusiva y con perspectiva de g\u00e9nero\u2026 o lo que queda de ella, tras a\u00f1os de ajuste y vaciamiento que a\u00fan no se revierten. La segunda gota, tal vez la chispa que enfureci\u00f3 al sector, fue la circulaci\u00f3n del borrador que actualizar\u00eda el costo medio para las producciones medianas y grandes, estableciendo topes para las producciones menores (el 50% de las pel\u00edculas que se producen por a\u00f1o), un ataque directo a la producci\u00f3n independiente. As\u00ed las cosas, la convocatoria a una radio abierta en las puertas del INCAA el lunes pasado tuvo como consigna central #FueraPuenzo.<\/p>\n\n\n\n<p>La radio abierta estaba terminando y las personas nos movilizamos a la ENERC, que queda a la vuelta del Instituto. All\u00ed se pensaba llevar adelante una clase abierta, porque entre otras cosas hace dos semanas hab\u00edan despedido a la Secretaria Acad\u00e9mica (uso el tiempo pasado porque posteriormente fue reincorporada, otro triunfo de esta lucha), pero la sorpresiva represi\u00f3n de la Polic\u00eda de la Ciudad gener\u00f3 el inesperado desenlace que todes conocemos.<\/p>\n\n\n\n<p><strong>\u00bfQu\u00e9 perspectivas tiene esta pelea?<\/strong><\/p>\n\n\n\n<p>El tema empieza a ser visible; cruz\u00f3 el cerco medi\u00e1tico. Defender la continuidad de los fondos espec\u00edficos es urgente, al mismo tiempo, hay problemas estructurales. No se trata solo de garantizar los recursos, por eso me interesa hablar de bienes culturales para emparentar esta pelea con otras cercanas y ejemplares, como fueron las luchas por el mar argentino, por el agua en Mendoza, por la cordillera en Chubut. <strong>Esta pelea es por el futuro, es por la identidad simb\u00f3lica, por el derecho a producir y acceder a la cultura por parte de la clase trabajadora. Me niego a pensar que solo pueden narrarnos y mostrarnos un grupo reducido y minoritario; me niego yo y se niegan mis compa\u00f1eres y les estudiantes. Eso demostramos en la calle.<\/strong><\/p>\n\n\n\n<p class=\"has-white-color has-black-background-color has-text-color has-background\">Parece abstracto pero no lo es, es super concreto defender la cultura como un derecho y el fomento por parte del Estado es un derecho humano. Los institutos nacionales son triunfos de distintas luchas y estos fondos no vienen ni del IVA ni de ganancias, son impuestos que genera el mismo sector. Un ejemplo m\u00e1s: cada $1 que se invierte del Fondo del INCAA, tiene un efecto cinco veces mayor en el valor bruto de producci\u00f3n de la econom\u00eda argentina.<\/p>\n\n\n\n<p>Defender la cultura es una causa urgente, necesaria, justa y que podemos ganar si la coordinaci\u00f3n de todos los sectores presiona sobre todas las fuerzas pol\u00edticas que tienen en sus manos dar continuidad a los impuestos espec\u00edficos. Esa presi\u00f3n la generamos ganando fuerza en la calle. Con ese fin estamos invitando a un festival en defensa de la cultura el jueves 28 de abril frente al Congreso.<\/p>\n\n\n\n<div class=\"wp-block-image\"><figure class=\"aligncenter size-large is-resized\"><img loading=\"lazy\" decoding=\"async\" src=\"https:\/\/comunicadas.com.ar\/wp-content\/uploads\/2022\/04\/WhatsApp-Image-2022-04-18-at-11.50.48-PM-1024x1024.jpeg\" alt=\"\" class=\"wp-image-6834\" width=\"521\" height=\"521\" srcset=\"https:\/\/comunicadas.com.ar\/wp-content\/uploads\/2022\/04\/WhatsApp-Image-2022-04-18-at-11.50.48-PM.jpeg 1024w, https:\/\/comunicadas.com.ar\/wp-content\/uploads\/2022\/04\/WhatsApp-Image-2022-04-18-at-11.50.48-PM-300x300.jpeg 300w, https:\/\/comunicadas.com.ar\/wp-content\/uploads\/2022\/04\/WhatsApp-Image-2022-04-18-at-11.50.48-PM-150x150.jpeg 150w, https:\/\/comunicadas.com.ar\/wp-content\/uploads\/2022\/04\/WhatsApp-Image-2022-04-18-at-11.50.48-PM-768x768.jpeg 768w, https:\/\/comunicadas.com.ar\/wp-content\/uploads\/2022\/04\/WhatsApp-Image-2022-04-18-at-11.50.48-PM-90x90.jpeg 90w\" sizes=\"(max-width: 521px) 100vw, 521px\" \/><figcaption>Unidxs por la Cultura convoca a todxs a ser parte del Festival frente al Congreso el pr\u00f3ximo 28 de abril. Ver m\u00e1s informaci\u00f3n en @ateincaa @unidxs_por_la_cultura.<\/figcaption><\/figure><\/div>\n\n\n\n<p><\/p>\n","protected":false},"excerpt":{"rendered":"<p>Por Ingrid Urrutia (@ingridurrut), polit\u00f3loga y delegada general de la Junta Interna de ATE en el INCAA. Escuch\u00e9 decir alguna vez que el \u00e1rbol de la vida es inmensamente m\u00e1s rico que las hojas de la teor\u00eda, eso me sirve para resaltar el triunfo de haber echado a Luis Puenzo como presidente del INCAA en [&hellip;]<\/p>\n","protected":false},"author":1,"featured_media":6833,"comment_status":"open","ping_status":"open","sticky":false,"template":"","format":"standard","meta":{"inline_featured_image":false,"_monsterinsights_skip_tracking":false,"_monsterinsights_sitenote_active":false,"_monsterinsights_sitenote_note":"","_monsterinsights_sitenote_category":0,"lzb_camalote_bajada":"","lzb_camalote_fotogalerias_repeater":"","lzb_camalote_fotogalerias_desc":"","lzb_camalote_fotogalerias_autorxs":"%5B%5D","lzb_camalote_post_imagen_destacada":"","lzb_camalote_post_imagen_destacada_fotografx":"","lzb_camalote_post_imagen_destacada_fotografx_url":"","_jetpack_memberships_contains_paid_content":false,"footnotes":""},"categories":[1],"tags":[],"class_list":["post-6832","post","type-post","status-publish","format-standard","has-post-thumbnail","hentry","category-sin-categoria"],"aioseo_notices":[],"jetpack_featured_media_url":"https:\/\/comunicadas.com.ar\/wp-content\/uploads\/2022\/04\/WhatsApp-Image-2022-04-18-at-11.51.35-PM.jpeg","jetpack_sharing_enabled":true,"jetpack_likes_enabled":true,"_links":{"self":[{"href":"https:\/\/comunicadas.com.ar\/index.php\/wp-json\/wp\/v2\/posts\/6832"}],"collection":[{"href":"https:\/\/comunicadas.com.ar\/index.php\/wp-json\/wp\/v2\/posts"}],"about":[{"href":"https:\/\/comunicadas.com.ar\/index.php\/wp-json\/wp\/v2\/types\/post"}],"author":[{"embeddable":true,"href":"https:\/\/comunicadas.com.ar\/index.php\/wp-json\/wp\/v2\/users\/1"}],"replies":[{"embeddable":true,"href":"https:\/\/comunicadas.com.ar\/index.php\/wp-json\/wp\/v2\/comments?post=6832"}],"version-history":[{"count":2,"href":"https:\/\/comunicadas.com.ar\/index.php\/wp-json\/wp\/v2\/posts\/6832\/revisions"}],"predecessor-version":[{"id":6838,"href":"https:\/\/comunicadas.com.ar\/index.php\/wp-json\/wp\/v2\/posts\/6832\/revisions\/6838"}],"wp:featuredmedia":[{"embeddable":true,"href":"https:\/\/comunicadas.com.ar\/index.php\/wp-json\/wp\/v2\/media\/6833"}],"wp:attachment":[{"href":"https:\/\/comunicadas.com.ar\/index.php\/wp-json\/wp\/v2\/media?parent=6832"}],"wp:term":[{"taxonomy":"category","embeddable":true,"href":"https:\/\/comunicadas.com.ar\/index.php\/wp-json\/wp\/v2\/categories?post=6832"},{"taxonomy":"post_tag","embeddable":true,"href":"https:\/\/comunicadas.com.ar\/index.php\/wp-json\/wp\/v2\/tags?post=6832"}],"curies":[{"name":"wp","href":"https:\/\/api.w.org\/{rel}","templated":true}]}}