{"id":6795,"date":"2022-03-23T16:48:50","date_gmt":"2022-03-23T16:48:50","guid":{"rendered":"https:\/\/comunicadas.com.ar\/?p=6795"},"modified":"2022-03-23T16:49:54","modified_gmt":"2022-03-23T16:49:54","slug":"google-homenajea-con-un-doodle-a-elena-caffarena-una-historica-feminista-chilena","status":"publish","type":"post","link":"https:\/\/comunicadas.com.ar\/index.php\/2022\/03\/23\/google-homenajea-con-un-doodle-a-elena-caffarena-una-historica-feminista-chilena\/","title":{"rendered":"Google homenajea con un doodle a Elena Caffarena, una hist\u00f3rica feminista chilena"},"content":{"rendered":"\n<p><strong>Hoy se cumplen 119 a\u00f1os del nacimiento de Elena Caffarena, una hist\u00f3rica feminista chilena que milit\u00f3 por los derechos reproductivos y sexuales de las mujeres, y luch\u00f3 contra la dictadura de Augusto Pinochet. El buscador de internet m\u00e1s famoso del mundo, hoy decidi\u00f3 homenajearla a trav\u00e9s de un doodle ilustrado por la artista invitada radicada en Chile, Catalina Bu.<\/strong><\/p>\n\n\n\n<p class=\"has-white-color has-vivid-purple-background-color has-text-color has-background\">Elena Caffarena naci\u00f3 un 23 de marzo de 1903 en Iquique, Chile. Realiz\u00f3 sus estudios secundarios en el Liceo n4 de Santiago. Luego, ingres\u00f3 a la Escuela de Derecho de la Universidad de Chile, d\u00f3nde se recibi\u00f3 de abogada en 1926 con honores, convirti\u00e9ndose en una de las <strong>quince primeras profesionales mujeres de la Rep\u00fablica.<\/strong><\/p>\n\n\n\n<figure class=\"wp-block-gallery has-nested-images columns-default is-cropped wp-block-gallery-2 is-layout-flex wp-block-gallery-is-layout-flex\">\n<figure class=\"wp-block-image size-large\"><img loading=\"lazy\" decoding=\"async\" width=\"199\" height=\"253\" data-id=\"6796\" src=\"http:\/\/comunicadas.com.ar\/wp-content\/uploads\/2022\/03\/elenacaffarena2.jpg\" alt=\"\" class=\"wp-image-6796\"\/><\/figure>\n<\/figure>\n\n\n\n<p>Fue fundadora del Movimiento pro Emancipaci\u00f3n de la Mujer Chilena (Memch), de la Federaci\u00f3n Chilena de Instituciones Femeninas (Fechif) y de la Fundaci\u00f3n de Protecci\u00f3n de la Infancia Da\u00f1ada por los Estados de Emergencia (Pidee).&nbsp;<\/p>\n\n\n\n<p>Adem\u00e1s, fue una de las que impuls\u00f3 el voto femenino en Chile, <strong>particip\u00f3 de la redacci\u00f3n del proyecto de ley de voto femenino<\/strong>, que se aprob\u00f3 el 8 de enero de 1949.<\/p>\n\n\n\n<p>Por ello, hoy <strong>Google<\/strong> decidi\u00f3 homenajearla con un doodle, a una mujer que ha hecho historia en su pa\u00eds , con su militancia y dedicaci\u00f3n por los derechos pol\u00edticos de las mujeres y tambi\u00e9n en defensa de los Derechos Humanos contra la lucha durante la dictadura de Augusto Pinochet.<\/p>\n","protected":false},"excerpt":{"rendered":"<p>Hoy se cumplen 119 a\u00f1os del nacimiento de Elena Caffarena, una hist\u00f3rica feminista chilena que milit\u00f3 por los derechos reproductivos y sexuales de las mujeres, y luch\u00f3 contra la dictadura de Augusto Pinochet. El buscador de internet m\u00e1s famoso del mundo, hoy decidi\u00f3 homenajearla a trav\u00e9s de un doodle ilustrado por la artista invitada radicada [&hellip;]<\/p>\n","protected":false},"author":1,"featured_media":6798,"comment_status":"open","ping_status":"open","sticky":false,"template":"","format":"standard","meta":{"inline_featured_image":false,"_monsterinsights_skip_tracking":false,"_monsterinsights_sitenote_active":false,"_monsterinsights_sitenote_note":"","_monsterinsights_sitenote_category":0,"lzb_camalote_bajada":"","lzb_camalote_fotogalerias_repeater":"","lzb_camalote_fotogalerias_desc":"","lzb_camalote_fotogalerias_autorxs":"%5B%5D","lzb_camalote_post_imagen_destacada":"","lzb_camalote_post_imagen_destacada_fotografx":"","lzb_camalote_post_imagen_destacada_fotografx_url":"","_jetpack_memberships_contains_paid_content":false,"footnotes":""},"categories":[1],"tags":[],"class_list":["post-6795","post","type-post","status-publish","format-standard","has-post-thumbnail","hentry","category-sin-categoria"],"aioseo_notices":[],"jetpack_featured_media_url":"https:\/\/comunicadas.com.ar\/wp-content\/uploads\/2022\/03\/WhatsApp-Image-2022-03-23-at-9.15.29-AM.jpeg","jetpack_sharing_enabled":true,"jetpack_likes_enabled":true,"_links":{"self":[{"href":"https:\/\/comunicadas.com.ar\/index.php\/wp-json\/wp\/v2\/posts\/6795"}],"collection":[{"href":"https:\/\/comunicadas.com.ar\/index.php\/wp-json\/wp\/v2\/posts"}],"about":[{"href":"https:\/\/comunicadas.com.ar\/index.php\/wp-json\/wp\/v2\/types\/post"}],"author":[{"embeddable":true,"href":"https:\/\/comunicadas.com.ar\/index.php\/wp-json\/wp\/v2\/users\/1"}],"replies":[{"embeddable":true,"href":"https:\/\/comunicadas.com.ar\/index.php\/wp-json\/wp\/v2\/comments?post=6795"}],"version-history":[{"count":2,"href":"https:\/\/comunicadas.com.ar\/index.php\/wp-json\/wp\/v2\/posts\/6795\/revisions"}],"predecessor-version":[{"id":6799,"href":"https:\/\/comunicadas.com.ar\/index.php\/wp-json\/wp\/v2\/posts\/6795\/revisions\/6799"}],"wp:featuredmedia":[{"embeddable":true,"href":"https:\/\/comunicadas.com.ar\/index.php\/wp-json\/wp\/v2\/media\/6798"}],"wp:attachment":[{"href":"https:\/\/comunicadas.com.ar\/index.php\/wp-json\/wp\/v2\/media?parent=6795"}],"wp:term":[{"taxonomy":"category","embeddable":true,"href":"https:\/\/comunicadas.com.ar\/index.php\/wp-json\/wp\/v2\/categories?post=6795"},{"taxonomy":"post_tag","embeddable":true,"href":"https:\/\/comunicadas.com.ar\/index.php\/wp-json\/wp\/v2\/tags?post=6795"}],"curies":[{"name":"wp","href":"https:\/\/api.w.org\/{rel}","templated":true}]}}