{"id":6772,"date":"2022-03-11T03:16:38","date_gmt":"2022-03-11T03:16:38","guid":{"rendered":"https:\/\/comunicadas.com.ar\/?p=6772"},"modified":"2022-03-11T03:20:29","modified_gmt":"2022-03-11T03:20:29","slug":"todavia-seguimos-sin-saber-donde-esta-tehuel","status":"publish","type":"post","link":"https:\/\/comunicadas.com.ar\/index.php\/2022\/03\/11\/todavia-seguimos-sin-saber-donde-esta-tehuel\/","title":{"rendered":"1 a\u00f1o sin Tehuel: Todav\u00eda seguimos sin saber d\u00f3nde est\u00e1."},"content":{"rendered":"\n<p>PH Portada: Comunicadas.<\/p>\n\n\n\n<p><strong>El 11 de marzo de 2021 Tehuel de la Torre se dirigi\u00f3 desde San Vicente hasta la localidad de Alejandro Korn a una entrevista laboral, y nunca m\u00e1s se supo de \u00e9l.<\/strong><\/p>\n\n\n\n<p class=\"has-white-color has-luminous-vivid-orange-background-color has-text-color has-background\"><strong>Hace un a\u00f1o que Tehuel de la Torre se encuentra desaparecido y ninguna instancia estatal lo est\u00e1 buscando activa y sistem\u00e1ticamente. Actualmente, no se cuenta con ning\u00fan plan de b\u00fasqueda en ning\u00fan nivel, ya sea provincial o nacional, mientras la causa de los dos acusados de homicidio, Luis Alberto Ramos y Oscar Alfredo Montes, tiene pedido de elevaci\u00f3n de juicio.<\/strong><\/p>\n\n\n\n<p>De acuerdo al comunicado del CELS, <em><a href=\"https:\/\/www.cels.org.ar\/web\/2022\/03\/quien-esta-buscando-a-tehuel\/\" title=\"&quot;\u00bfQui\u00e9n est\u00e1 buscando a Tehuel?&quot;\">\"\u00bfQui\u00e9n est\u00e1 buscando a Tehuel?\"<\/a><\/em>, en nuestro pa\u00eds, no existe una pol\u00edtica de b\u00fasqueda de personas ni una agencia que se comprometa con ella y lo que ocurra en cada caso depender\u00e1 de la lucha y presi\u00f3n que puedan ejercer las familias, las redes y organizaciones comprometidas con la causa.<\/p>\n\n\n\n<p>La organizaci\u00f3n <a href=\"https:\/\/www.instagram.com\/autoconvocadxsportehuel\/?hl=es-la\" title=\"@autoconvocadxsportehuel\">@autoconvocadxsportehuel<\/a> convoca al activismo y organizaciones sociales a una movilizaci\u00f3n para seguir reclamando su aparici\u00f3n con vida.<\/p>\n\n\n\n<p><strong>La concentraci\u00f3n se realizar\u00e1 en la Casa de la Provincia de Buenos Aires, Callao 273, y se dirige hasta el Congreso de la Naci\u00f3n.<\/strong><\/p>\n","protected":false},"excerpt":{"rendered":"<p>PH Portada: Comunicadas. El 11 de marzo de 2021 Tehuel de la Torre se dirigi\u00f3 desde San Vicente hasta la localidad de Alejandro Korn a una entrevista laboral, y nunca m\u00e1s se supo de \u00e9l. Hace un a\u00f1o que Tehuel de la Torre se encuentra desaparecido y ninguna instancia estatal lo est\u00e1 buscando activa y [&hellip;]<\/p>\n","protected":false},"author":1,"featured_media":6773,"comment_status":"open","ping_status":"open","sticky":false,"template":"","format":"standard","meta":{"inline_featured_image":false,"_monsterinsights_skip_tracking":false,"_monsterinsights_sitenote_active":false,"_monsterinsights_sitenote_note":"","_monsterinsights_sitenote_category":0,"lzb_camalote_bajada":"","lzb_camalote_fotogalerias_repeater":"","lzb_camalote_fotogalerias_desc":"","lzb_camalote_fotogalerias_autorxs":"%5B%5D","lzb_camalote_post_imagen_destacada":"","lzb_camalote_post_imagen_destacada_fotografx":"","lzb_camalote_post_imagen_destacada_fotografx_url":"","_jetpack_memberships_contains_paid_content":false,"footnotes":""},"categories":[1],"tags":[],"class_list":["post-6772","post","type-post","status-publish","format-standard","has-post-thumbnail","hentry","category-sin-categoria"],"aioseo_notices":[],"jetpack_featured_media_url":"https:\/\/comunicadas.com.ar\/wp-content\/uploads\/2022\/03\/tehuel.jpg","jetpack_sharing_enabled":true,"jetpack_likes_enabled":true,"_links":{"self":[{"href":"https:\/\/comunicadas.com.ar\/index.php\/wp-json\/wp\/v2\/posts\/6772"}],"collection":[{"href":"https:\/\/comunicadas.com.ar\/index.php\/wp-json\/wp\/v2\/posts"}],"about":[{"href":"https:\/\/comunicadas.com.ar\/index.php\/wp-json\/wp\/v2\/types\/post"}],"author":[{"embeddable":true,"href":"https:\/\/comunicadas.com.ar\/index.php\/wp-json\/wp\/v2\/users\/1"}],"replies":[{"embeddable":true,"href":"https:\/\/comunicadas.com.ar\/index.php\/wp-json\/wp\/v2\/comments?post=6772"}],"version-history":[{"count":4,"href":"https:\/\/comunicadas.com.ar\/index.php\/wp-json\/wp\/v2\/posts\/6772\/revisions"}],"predecessor-version":[{"id":6778,"href":"https:\/\/comunicadas.com.ar\/index.php\/wp-json\/wp\/v2\/posts\/6772\/revisions\/6778"}],"wp:featuredmedia":[{"embeddable":true,"href":"https:\/\/comunicadas.com.ar\/index.php\/wp-json\/wp\/v2\/media\/6773"}],"wp:attachment":[{"href":"https:\/\/comunicadas.com.ar\/index.php\/wp-json\/wp\/v2\/media?parent=6772"}],"wp:term":[{"taxonomy":"category","embeddable":true,"href":"https:\/\/comunicadas.com.ar\/index.php\/wp-json\/wp\/v2\/categories?post=6772"},{"taxonomy":"post_tag","embeddable":true,"href":"https:\/\/comunicadas.com.ar\/index.php\/wp-json\/wp\/v2\/tags?post=6772"}],"curies":[{"name":"wp","href":"https:\/\/api.w.org\/{rel}","templated":true}]}}