{"id":6747,"date":"2022-03-09T14:57:48","date_gmt":"2022-03-09T14:57:48","guid":{"rendered":"https:\/\/comunicadas.com.ar\/?p=6747"},"modified":"2022-03-09T14:58:42","modified_gmt":"2022-03-09T14:58:42","slug":"documento-colectivo-8m-la-deuda-es-con-nosotras-y-nosotres-que-la-paguen-quienes-la-fugaron","status":"publish","type":"post","link":"https:\/\/comunicadas.com.ar\/index.php\/2022\/03\/09\/documento-colectivo-8m-la-deuda-es-con-nosotras-y-nosotres-que-la-paguen-quienes-la-fugaron\/","title":{"rendered":"Documento Colectivo 8M: La deuda es con nosotras y nosotres. Que la paguen quienes la fugaron."},"content":{"rendered":"\n<p>*PH: Brenda Gal\u00e1n.<\/p>\n\n\n\n<p><strong>Ayer, 8 de marzo de 2022, el movimiento feminista ocup\u00f3 nuevamente las calles reclamando por la violencia sufrida por aquellas mujeres que ya no est\u00e1n, la violencia ocasionada a otras mujeres que fueron v\u00edctimas de violaciones por varones cis y la aparici\u00f3n con vida de Tehuel, entre otras consignas.<\/strong> <\/p>\n\n\n\n<p>El colectivo 8M, elabor\u00f3 un documento donde expresan las demandas que este Paro Internacional Feminista lleva como bandera de lucha. Algunas de las demandas son las siguientes:<\/p>\n\n\n\n<p><strong>1. <\/strong> <strong>CUIDAR, ALIMENTAR Y CONSTRUIR ES TRABAJAR<\/strong><br><mark style=\"background-color:#9b51e0\" class=\"has-inline-color has-black-color\">Desde que se declar\u00f3 la pandemia, los trabajos de cuidado en las casas y en<\/mark><mark style=\"background-color:rgba(0, 0, 0, 0)\" class=\"has-inline-color has-black-color\"><br><\/mark><mark style=\"background-color:#9b51e0\" class=\"has-inline-color has-black-color\">los barrios se intensificaron: trabajos comunitarios de salud, alimentaci\u00f3n y<br>educaci\u00f3n cayeron especialmente sobre mujeres, lesbianas, travestis, trans y<br>no binaries y sobre las redes feministas. Las trabajadoras, les y los trabajadores de la econom\u00eda popular hemos salido a la calle durante el aislamiento para<br>ocuparnos de las urgencias en los \u00e1mbitos m\u00e1s vulnerados. Somos quienes<br>sostenemos los cuidados en los barrios antes, durante y despu\u00e9s de la pandemia. Tambi\u00e9n quienes cosechamos y distribuimos alimentos sanos, quienes<br>trabajamos en la construcci\u00f3n y en la producci\u00f3n textil.<\/mark><\/p>\n\n\n\n<figure class=\"wp-block-image size-large is-resized\"><img loading=\"lazy\" decoding=\"async\" src=\"https:\/\/comunicadas.com.ar\/wp-content\/uploads\/2022\/03\/imag4.8M-1024x682.jpg\" alt=\"\" class=\"wp-image-6751\" width=\"599\" height=\"398\" srcset=\"https:\/\/comunicadas.com.ar\/wp-content\/uploads\/2022\/03\/imag4.8M-1024x682.jpg 1024w, https:\/\/comunicadas.com.ar\/wp-content\/uploads\/2022\/03\/imag4.8M-300x200.jpg 300w, https:\/\/comunicadas.com.ar\/wp-content\/uploads\/2022\/03\/imag4.8M-768x512.jpg 768w, https:\/\/comunicadas.com.ar\/wp-content\/uploads\/2022\/03\/imag4.8M-1536x1023.jpg 1536w, https:\/\/comunicadas.com.ar\/wp-content\/uploads\/2022\/03\/imag4.8M-580x386.jpg 580w, https:\/\/comunicadas.com.ar\/wp-content\/uploads\/2022\/03\/imag4.8M.jpg 1600w\" sizes=\"(max-width: 599px) 100vw, 599px\" \/><\/figure>\n\n\n\n<p><strong>2. CONTRA LA PRECARIZACI\u00d3N: TRABAJADORAS Y TRABAJADORES SOMOS<br>TODAS, TODOS Y TODES<\/strong><br><mark style=\"background-color:#9b51e0\" class=\"has-inline-color\">Nosotras somos hijas y nietas, mujeres, travestis y trans y no binaries marrones, afro e ind\u00edgenas que venimos a manifestar que hay una deuda hist\u00f3rica<br>pendiente. La pobreza no solo es estructural sino tambi\u00e9n racial. La explotaci\u00f3n<br>y precarizaci\u00f3n no solo son clasistas sino tambi\u00e9n racistas. Somos les precarizades: nuestros derechos laborales son avasallados diariamente. Todav\u00eda sufrimos las brechas de g\u00e9nero tanto en el acceso a puestos de trabajo como en<br>los ingresos. Los trabajos de cuidado no remunerados tambi\u00e9n son trabajo y<br>son trabajo digno. Los planes sociales no son limosna, nos permiten inventar a<br>diario los trabajos que sostenemos en nuestros barrios y territorios. Exigimos<br>paritarias en todos los \u00e1mbitos laborales acorde a la inflaci\u00f3n y a la dignidad de<br>la vida. Exigimos equidad en los \u00e1mbitos sindicales y de organizaci\u00f3n laboral.<\/mark><\/p>\n\n\n\n<figure class=\"wp-block-image size-large is-resized\"><img loading=\"lazy\" decoding=\"async\" src=\"https:\/\/comunicadas.com.ar\/wp-content\/uploads\/2022\/03\/imag3.8M-1024x682.jpg\" alt=\"\" class=\"wp-image-6752\" width=\"589\" height=\"391\" srcset=\"https:\/\/comunicadas.com.ar\/wp-content\/uploads\/2022\/03\/imag3.8M-1024x682.jpg 1024w, https:\/\/comunicadas.com.ar\/wp-content\/uploads\/2022\/03\/imag3.8M-300x200.jpg 300w, https:\/\/comunicadas.com.ar\/wp-content\/uploads\/2022\/03\/imag3.8M-1536x1023.jpg 1536w, https:\/\/comunicadas.com.ar\/wp-content\/uploads\/2022\/03\/imag3.8M-580x386.jpg 580w, https:\/\/comunicadas.com.ar\/wp-content\/uploads\/2022\/03\/imag3.8M.jpg 1600w\" sizes=\"(max-width: 589px) 100vw, 589px\" \/><\/figure>\n\n\n\n<p><strong>3. REFORMA JUDICIAL FEMINISTA y TRANSDISCIPLINAR<\/strong><br><mark style=\"background-color:#9b51e0\" class=\"has-inline-color\">La pandemia recrudeci\u00f3 las violencias en todos los contextos. El hogar no fue<\/mark><br><mark style=\"background-color:#9b51e0\" class=\"has-inline-color\">siempre el lugar seguro donde resguardarse de un virus, fue el escenario de<span style=\"text-decoration: underline;\"><br><\/span>violencias y femicidios. Las violaciones, los femicidios y transfemicidios son<br>la expresi\u00f3n m\u00e1s cruda de este sistema cruel de dominaci\u00f3n cis-hetero-patriarcal. \u00a1Paren de matarnos y de violarnos! \u00a1No m\u00e1s travesticidios, transfemicidios, transhomicidios! Hay un travesticidio social: 40 muertes desde el<br>comienzo del 2022 que han sido sistem\u00e1ticamente invisibilizadas por todos<br>los medios de comunicaci\u00f3n.<\/mark><\/p>\n\n\n\n<figure class=\"wp-block-image size-large is-resized\"><img loading=\"lazy\" decoding=\"async\" src=\"https:\/\/comunicadas.com.ar\/wp-content\/uploads\/2022\/03\/imag6.8M-1024x682.jpg\" alt=\"\" class=\"wp-image-6753\" width=\"588\" height=\"391\" srcset=\"https:\/\/comunicadas.com.ar\/wp-content\/uploads\/2022\/03\/imag6.8M-1024x682.jpg 1024w, https:\/\/comunicadas.com.ar\/wp-content\/uploads\/2022\/03\/imag6.8M-300x200.jpg 300w, https:\/\/comunicadas.com.ar\/wp-content\/uploads\/2022\/03\/imag6.8M-768x512.jpg 768w, https:\/\/comunicadas.com.ar\/wp-content\/uploads\/2022\/03\/imag6.8M-1536x1023.jpg 1536w, https:\/\/comunicadas.com.ar\/wp-content\/uploads\/2022\/03\/imag6.8M-580x386.jpg 580w, https:\/\/comunicadas.com.ar\/wp-content\/uploads\/2022\/03\/imag6.8M.jpg 1600w\" sizes=\"(max-width: 588px) 100vw, 588px\" \/><\/figure>\n\n\n\n<p><strong>4. POR LA AUTONOM\u00cdA DE NUESTROS CUERPOS Y TERRITORIOS<\/strong><br><mark style=\"background-color:#9b51e0\" class=\"has-inline-color\">Hoy m\u00e1s que nunca sabemos que nuestra demanda de salud integral para todxs<br>es impostergable y este reclamo es tambi\u00e9n por la defensa de la tierra y de todo<br>lo que vive en ella. La salud no es s\u00f3lo ausencia de enfermedad, es tambi\u00e9n el<br>respeto y acompa\u00f1amiento de nuestro desarrollo, de nuestras decisiones libres<br>y aut\u00f3nomas, el reconocimiento de nuestras identidades y nuestras corporalidades. Tambi\u00e9n de nuestros deseos y v\u00ednculos no normativos. \u00a1Basta de racismo, de gordofobia y capacitismo! Vivir en un barrio popular no puede significar exclusi\u00f3n. \u00a1Todos los cuerpos cuentan! \u00a1Basta de transfobia, homofobia y lesbofobia! \u00a1Basta de extractivismo!.<\/mark><\/p>\n\n\n\n<figure class=\"wp-block-image size-large is-resized\"><img loading=\"lazy\" decoding=\"async\" src=\"https:\/\/comunicadas.com.ar\/wp-content\/uploads\/2022\/03\/imag7.8M-1024x682.jpg\" alt=\"\" class=\"wp-image-6754\" width=\"591\" height=\"393\" srcset=\"https:\/\/comunicadas.com.ar\/wp-content\/uploads\/2022\/03\/imag7.8M-1024x682.jpg 1024w, https:\/\/comunicadas.com.ar\/wp-content\/uploads\/2022\/03\/imag7.8M-300x200.jpg 300w, https:\/\/comunicadas.com.ar\/wp-content\/uploads\/2022\/03\/imag7.8M-768x512.jpg 768w, https:\/\/comunicadas.com.ar\/wp-content\/uploads\/2022\/03\/imag7.8M-1536x1023.jpg 1536w, https:\/\/comunicadas.com.ar\/wp-content\/uploads\/2022\/03\/imag7.8M-580x386.jpg 580w, https:\/\/comunicadas.com.ar\/wp-content\/uploads\/2022\/03\/imag7.8M.jpg 1600w\" sizes=\"(max-width: 591px) 100vw, 591px\" \/><\/figure>\n\n\n\n<p><strong>5. EDUCACI\u00d3N SEXUAL INTEGRAL<\/strong><br><mark style=\"background-color:#9b51e0\" class=\"has-inline-color\">La educaci\u00f3n no es un negocio ni puede depender de criterios neoliberales de<br>formaci\u00f3n empresarial para la aceptaci\u00f3n de la precarizaci\u00f3n laboral y la doctrina patriarcal. Sabemos que es el avance de las derechas conservadoras, el que<br>busca prohibir el lenguaje inclusivo de quienes elegimos la e para nombrarnos y<br>anular la ESI. Esta es una ofensiva que viene aliada al capital financiero. La ESI<br>protege a las infancias y adolescencias de los abusos sexuales y las agresiones<br>de g\u00e9nero. Necesitamos que sea un espacio transversal de escucha y formaci\u00f3n<br>permanente y no un taller aislado. Las Iglesias no pueden intervenir en la ESI ni<br>en la educaci\u00f3n p\u00fablica.<\/mark><\/p>\n\n\n\n<p><strong>Este 8 de marzo se grit\u00f3:<br>\u00a1el patriarcado se va a caer, porque lo estamos tirando!<br>\u00a1La deuda es con nosotres! \u00a1Que la paguen quienes la fugaron!<br>\u00a1Las calles son nuestras, el futuro tambi\u00e9n!<\/strong><\/p>\n\n\n\n<p>Lee y descarg\u00e1 el documento completo: <\/p>\n\n\n\n<div data-wp-interactive=\"core\/file\" class=\"wp-block-file\"><object data-wp-bind--hidden=\"!state.hasPdfPreview\"  class=\"wp-block-file__embed\" data=\"https:\/\/comunicadas.com.ar\/wp-content\/uploads\/2022\/03\/8M_Pliegodedemandas.pdf\" type=\"application\/pdf\" style=\"width:100%;height:600px\" aria-label=\"Incrustado de Incrustado de 8M_Pliegodedemandas..\"><\/object><a id=\"wp-block-file--media-65a0e0c9-b205-48a9-8beb-4c4519d2211f\" href=\"https:\/\/comunicadas.com.ar\/wp-content\/uploads\/2022\/03\/8M_Pliegodedemandas.pdf\">8M_Pliegodedemandas<\/a><a href=\"https:\/\/comunicadas.com.ar\/wp-content\/uploads\/2022\/03\/8M_Pliegodedemandas.pdf\" class=\"wp-block-file__button\" download aria-describedby=\"wp-block-file--media-65a0e0c9-b205-48a9-8beb-4c4519d2211f\">Descarga<\/a><\/div>\n","protected":false},"excerpt":{"rendered":"<p>*PH: Brenda Gal\u00e1n. Ayer, 8 de marzo de 2022, el movimiento feminista ocup\u00f3 nuevamente las calles reclamando por la violencia sufrida por aquellas mujeres que ya no est\u00e1n, la violencia ocasionada a otras mujeres que fueron v\u00edctimas de violaciones por varones cis y la aparici\u00f3n con vida de Tehuel, entre otras consignas. El colectivo 8M, [&hellip;]<\/p>\n","protected":false},"author":1,"featured_media":6748,"comment_status":"open","ping_status":"open","sticky":false,"template":"","format":"standard","meta":{"inline_featured_image":false,"_monsterinsights_skip_tracking":false,"_monsterinsights_sitenote_active":false,"_monsterinsights_sitenote_note":"","_monsterinsights_sitenote_category":0,"lzb_camalote_bajada":"","lzb_camalote_fotogalerias_repeater":"","lzb_camalote_fotogalerias_desc":"","lzb_camalote_fotogalerias_autorxs":"%5B%5D","lzb_camalote_post_imagen_destacada":"","lzb_camalote_post_imagen_destacada_fotografx":"","lzb_camalote_post_imagen_destacada_fotografx_url":"","_jetpack_memberships_contains_paid_content":false,"footnotes":""},"categories":[943,944,1],"tags":[],"class_list":["post-6747","post","type-post","status-publish","format-standard","has-post-thumbnail","hentry","category-paro-internacional-feminista","category-paro-internacional-feminista-sin-categoria","category-sin-categoria"],"aioseo_notices":[],"jetpack_featured_media_url":"https:\/\/comunicadas.com.ar\/wp-content\/uploads\/2022\/03\/imag1.8M.jpg","jetpack_sharing_enabled":true,"jetpack_likes_enabled":true,"_links":{"self":[{"href":"https:\/\/comunicadas.com.ar\/index.php\/wp-json\/wp\/v2\/posts\/6747"}],"collection":[{"href":"https:\/\/comunicadas.com.ar\/index.php\/wp-json\/wp\/v2\/posts"}],"about":[{"href":"https:\/\/comunicadas.com.ar\/index.php\/wp-json\/wp\/v2\/types\/post"}],"author":[{"embeddable":true,"href":"https:\/\/comunicadas.com.ar\/index.php\/wp-json\/wp\/v2\/users\/1"}],"replies":[{"embeddable":true,"href":"https:\/\/comunicadas.com.ar\/index.php\/wp-json\/wp\/v2\/comments?post=6747"}],"version-history":[{"count":4,"href":"https:\/\/comunicadas.com.ar\/index.php\/wp-json\/wp\/v2\/posts\/6747\/revisions"}],"predecessor-version":[{"id":6758,"href":"https:\/\/comunicadas.com.ar\/index.php\/wp-json\/wp\/v2\/posts\/6747\/revisions\/6758"}],"wp:featuredmedia":[{"embeddable":true,"href":"https:\/\/comunicadas.com.ar\/index.php\/wp-json\/wp\/v2\/media\/6748"}],"wp:attachment":[{"href":"https:\/\/comunicadas.com.ar\/index.php\/wp-json\/wp\/v2\/media?parent=6747"}],"wp:term":[{"taxonomy":"category","embeddable":true,"href":"https:\/\/comunicadas.com.ar\/index.php\/wp-json\/wp\/v2\/categories?post=6747"},{"taxonomy":"post_tag","embeddable":true,"href":"https:\/\/comunicadas.com.ar\/index.php\/wp-json\/wp\/v2\/tags?post=6747"}],"curies":[{"name":"wp","href":"https:\/\/api.w.org\/{rel}","templated":true}]}}