{"id":6719,"date":"2022-01-21T06:17:16","date_gmt":"2022-01-21T06:17:16","guid":{"rendered":"https:\/\/comunicadas.org\/?p=6719"},"modified":"2022-03-07T03:51:22","modified_gmt":"2022-03-07T03:51:22","slug":"6-anos-de-milagro-sala-presa-politica-la-gestapo-sigue-vigente-en-jujuy","status":"publish","type":"post","link":"https:\/\/comunicadas.com.ar\/index.php\/2022\/01\/21\/6-anos-de-milagro-sala-presa-politica-la-gestapo-sigue-vigente-en-jujuy\/","title":{"rendered":"6 a\u00f1os de Milagro Sala presa pol\u00edtica: \u201cla Gestapo sigue vigente en Jujuy\u201d"},"content":{"rendered":"\n<p><strong>El 16 de enero de 2015, la dirigenta pol\u00edtica, social e ind\u00edgena de la organizaci\u00f3n juje\u00f1a Tupac Amaru, fue detenida arbitrariamente bajo la orden del gobernador de Jujuy, Gerardo Morales.&nbsp;De esta manera, su caso fue el inicio del <em>lawfare <\/em>que luego se despleg\u00f3 durante toda la presidencia de Mauricio Macri hacia dirigentxs pol\u00edticos, sociales y sindicales con el objetivo de perseguir y encarcelar.<\/strong><\/p>\n\n\n\n<figure class=\"wp-block-image size-large\"><img loading=\"lazy\" decoding=\"async\" width=\"1024\" height=\"658\" src=\"https:\/\/comunicadas.org\/wp-content\/uploads\/2022\/01\/cap8_cover-mafia-1024x658.jpg\" alt=\"\" class=\"wp-image-6721\" srcset=\"https:\/\/comunicadas.com.ar\/wp-content\/uploads\/2022\/01\/cap8_cover-mafia-1024x658.jpg 1024w, https:\/\/comunicadas.com.ar\/wp-content\/uploads\/2022\/01\/cap8_cover-mafia-300x193.jpg 300w, https:\/\/comunicadas.com.ar\/wp-content\/uploads\/2022\/01\/cap8_cover-mafia-768x493.jpg 768w, https:\/\/comunicadas.com.ar\/wp-content\/uploads\/2022\/01\/cap8_cover-mafia.jpg 1200w\" sizes=\"(max-width: 1024px) 100vw, 1024px\" \/><figcaption>PH: MAFIA<\/figcaption><\/figure>\n\n\n\n<p>El pasado 16 de enero se cumplieron 6 a\u00f1os de la detenci\u00f3n arbitraria e ilegal sufrida por la dirigente social juje\u00f1a, Milagro Sala.&nbsp; Por ello, el Comit\u00e9 por la Libertad de Milagro Sala, expres\u00f3 en redes sociales una solicitada bajo el lema \u201ccon presos pol\u00edticos no hay democracia plena\u201d, en donde se deja de manifiesto la preocupaci\u00f3n y el repudio por el hostigamiento que vive la l\u00edder de la Tupac Amaru.<\/p>\n\n\n\n<p>La solicitada cont\u00f3 con las firmas adherentes de funcionarios del gobierno nacional, artistas, periodistas, representantes de Derechos Humanos, entre otrxs.<\/p>\n\n\n\n<p class=\"has-black-color has-cyan-bluish-gray-background-color has-text-color has-background\">El comunicado sostiene que<strong><em>: \u201cLa criminalizaci\u00f3n de la protesta y el encarcelamiento de dirigentes pol\u00edticos, sociales y sindicales como pr\u00e1ctica durante el macrismo fue una constante que en el caso de Milagro y sus compa\u00f1eras y compa\u00f1eros pone de manifiesto la malicia de sus mentores, ejecutores y c\u00f3mplices\u201d.&nbsp;<\/em><\/strong><\/p>\n\n\n\n<p class=\"has-black-color has-cyan-bluish-gray-background-color has-text-color has-background\">Adem\u00e1s se agrega:<strong><em> \u201c El caso de la l\u00edder de la Tupac Amaru se constituy\u00f3 en el laboratorio de lo que fue el Lawfare en Argentina, y que implic\u00f3 una verdadera asociaci\u00f3n il\u00edcita promovida con recursos del Estado para perseguir y encarcelar dirigientxs pol\u00edticos, sociales y sindicales, como se evidencia cada d\u00eda con mayor fuerza en nuestro pa\u00eds, con los hechos que salen a la luz p\u00fablica\u201d.<\/em><\/strong><\/p>\n\n\n\n<p>En declaraciones a AM 750, Milagro asegur\u00f3 que en Jujuy <strong><em>\"sigue vigente la Gestapo\" y se\u00f1al\u00f3 que \"mientras busca encarcelar a dirigentes opositores y quiere seguir disciplinando al pueblo juje\u00f1o\"<\/em><\/strong>, el gobernador Gerardo Morales <strong><em>\"contin\u00faa con sus grandes negocios\"<\/em><\/strong>.<\/p>\n\n\n\n<p>Es preocupante que en nuestro pa\u00eds siga existiendo una justicia&nbsp; arbitraria, d\u00f3nde se prioriza la puja de intereses por sobre el esclarecimiento de los hechos (si as\u00ed los hubiera). El caso de Milagro, no s\u00f3lo visibiliza que sea una dirigente social, sino que adem\u00e1s hay otras cuestiones que atraviesan su causa: <strong>es mujer, ind\u00edgena y l\u00edder pol\u00edtic<\/strong>a. En este sentido, la justicia patriarcal cumple bien su rol de hostigar todo aquello que no entre en los c\u00e1nones del androcentrismo, donde el hombre heterosexual sigue teniendo prioridad sobre las mujeres y los g\u00e9neros disidentes. Por esta raz\u00f3n, es necesaria una reforma judicial que permita la desarticulaci\u00f3n de estas maniobras ilegales y que tenga como principal premisa, la igualdad de derechos en el acceso a la justicia, sin importar clase social, g\u00e9nero, religi\u00f3n, partido pol\u00edtico e identificaci\u00f3n \u00e9tnica.<\/p>\n","protected":false},"excerpt":{"rendered":"<p>El 16 de enero de 2015, la dirigenta pol\u00edtica, social e ind\u00edgena de la organizaci\u00f3n juje\u00f1a Tupac Amaru, fue detenida arbitrariamente bajo la orden del gobernador de Jujuy, Gerardo Morales.&nbsp;De esta manera, su caso fue el inicio del lawfare que luego se despleg\u00f3 durante toda la presidencia de Mauricio Macri hacia dirigentxs pol\u00edticos, sociales y [&hellip;]<\/p>\n","protected":false},"author":1,"featured_media":6738,"comment_status":"open","ping_status":"open","sticky":false,"template":"","format":"standard","meta":{"inline_featured_image":false,"_monsterinsights_skip_tracking":false,"_monsterinsights_sitenote_active":false,"_monsterinsights_sitenote_note":"","_monsterinsights_sitenote_category":0,"lzb_camalote_bajada":"","lzb_camalote_fotogalerias_repeater":"","lzb_camalote_fotogalerias_desc":"","lzb_camalote_fotogalerias_autorxs":"%5B%5D","lzb_camalote_post_imagen_destacada":"","lzb_camalote_post_imagen_destacada_fotografx":"","lzb_camalote_post_imagen_destacada_fotografx_url":"","_jetpack_memberships_contains_paid_content":false,"footnotes":""},"categories":[1],"tags":[],"class_list":["post-6719","post","type-post","status-publish","format-standard","has-post-thumbnail","hentry","category-sin-categoria"],"aioseo_notices":[],"jetpack_featured_media_url":"https:\/\/comunicadas.com.ar\/wp-content\/uploads\/2022\/01\/milagro-sala-1199647.jpg","jetpack_sharing_enabled":true,"jetpack_likes_enabled":true,"_links":{"self":[{"href":"https:\/\/comunicadas.com.ar\/index.php\/wp-json\/wp\/v2\/posts\/6719"}],"collection":[{"href":"https:\/\/comunicadas.com.ar\/index.php\/wp-json\/wp\/v2\/posts"}],"about":[{"href":"https:\/\/comunicadas.com.ar\/index.php\/wp-json\/wp\/v2\/types\/post"}],"author":[{"embeddable":true,"href":"https:\/\/comunicadas.com.ar\/index.php\/wp-json\/wp\/v2\/users\/1"}],"replies":[{"embeddable":true,"href":"https:\/\/comunicadas.com.ar\/index.php\/wp-json\/wp\/v2\/comments?post=6719"}],"version-history":[{"count":2,"href":"https:\/\/comunicadas.com.ar\/index.php\/wp-json\/wp\/v2\/posts\/6719\/revisions"}],"predecessor-version":[{"id":6739,"href":"https:\/\/comunicadas.com.ar\/index.php\/wp-json\/wp\/v2\/posts\/6719\/revisions\/6739"}],"wp:featuredmedia":[{"embeddable":true,"href":"https:\/\/comunicadas.com.ar\/index.php\/wp-json\/wp\/v2\/media\/6738"}],"wp:attachment":[{"href":"https:\/\/comunicadas.com.ar\/index.php\/wp-json\/wp\/v2\/media?parent=6719"}],"wp:term":[{"taxonomy":"category","embeddable":true,"href":"https:\/\/comunicadas.com.ar\/index.php\/wp-json\/wp\/v2\/categories?post=6719"},{"taxonomy":"post_tag","embeddable":true,"href":"https:\/\/comunicadas.com.ar\/index.php\/wp-json\/wp\/v2\/tags?post=6719"}],"curies":[{"name":"wp","href":"https:\/\/api.w.org\/{rel}","templated":true}]}}