{"id":6691,"date":"2021-12-28T19:04:33","date_gmt":"2021-12-28T19:04:33","guid":{"rendered":"https:\/\/comunicadas.org\/?p=6691"},"modified":"2021-12-28T19:04:37","modified_gmt":"2021-12-28T19:04:37","slug":"se-cumplieron-3-anos-de-la-sancion-de-la-ley-micaela","status":"publish","type":"post","link":"https:\/\/comunicadas.com.ar\/index.php\/2021\/12\/28\/se-cumplieron-3-anos-de-la-sancion-de-la-ley-micaela\/","title":{"rendered":"Se cumplieron 3 a\u00f1os de la sanci\u00f3n            de la Ley Micaela"},"content":{"rendered":"\n<p><\/p>\n\n\n\n<figure class=\"wp-block-image size-large is-resized\"><img loading=\"lazy\" decoding=\"async\" src=\"https:\/\/comunicadas.org\/wp-content\/uploads\/2021\/12\/leymicaela-1.jpg\" alt=\"\" class=\"wp-image-6692\" width=\"549\" height=\"352\" srcset=\"https:\/\/comunicadas.com.ar\/wp-content\/uploads\/2021\/12\/leymicaela-1.jpg 657w, https:\/\/comunicadas.com.ar\/wp-content\/uploads\/2021\/12\/leymicaela-1-300x193.jpg 300w\" sizes=\"(max-width: 549px) 100vw, 549px\" \/><\/figure>\n\n\n\n<p>La Ley Nacional N\u00ba27499 conocida como \u201cLey Micaela\u201d, establece en nuestro pa\u00eds, la obligatoriedad de capacitaci\u00f3n en la tem\u00e1tica de g\u00e9nero y violencia contra las mujeres, para los tres poderes del Estado Nacional.<\/p>\n\n\n\n<p>El pasado 19 de diciembre, se cumplieron 3 a\u00f1os de la sanci\u00f3n de la Ley Micaela, la cual llega para interpelar y capacitar en perspectiva de g\u00e9nero, a todo funcionario\/a trabajador\/a de los tres poderes del Estado. Esta ley nace a causa del femicidio de Micaela Garc\u00eda, ocurrido en la Ciudad de Gualeguay, provincia de Entre R\u00edos en abril de 2017. <strong>El asesinato expuso los errores cometidos desde el Estado, debido a las intervenciones fallidas del mismo por no saber abordar la causa con perspectiva de g\u00e9nero.<\/strong><\/p>\n\n\n\n<p>En la actualidad, todos los gobiernos provinciales se encuentran adheridos a lo propuesto por la ley. A su vez,\u00a0 las universidades p\u00fablicas, sindicatos, empresas, organizaciones pol\u00edticas y otras instituciones, tambi\u00e9n asumen el compromiso de llevarla adelante.<\/p>\n\n\n\n<p>N\u00e9stor \u201cYuyo\u201d y Andrea (pap\u00e1 y mam\u00e1 de Mica), crearon la Fundaci\u00f3n Micaela Garc\u00eda La Negra, en la cual han podido conformar un equipo de capacitaci\u00f3n que brinda talleres y charlas a miles de personas. Como principales trabajadores de la fundaci\u00f3n \u00a0afirman que: \u201cNos duele la ausencia de Mica, su p\u00e9rdida es irreparable, pero nos conmueve las miles de personas comprometidas en esta tarea y en cada una de esas personas, vemos a Mica presente\u201d.<\/p>\n\n\n\n<figure class=\"wp-block-image size-large is-resized\"><img loading=\"lazy\" decoding=\"async\" src=\"https:\/\/comunicadas.org\/wp-content\/uploads\/2021\/12\/Micaela-Garcia-Mural-1024x576.jpg\" alt=\"\" class=\"wp-image-6693\" width=\"567\" height=\"318\" srcset=\"https:\/\/comunicadas.com.ar\/wp-content\/uploads\/2021\/12\/Micaela-Garcia-Mural-1024x576.jpg 1024w, https:\/\/comunicadas.com.ar\/wp-content\/uploads\/2021\/12\/Micaela-Garcia-Mural-300x169.jpg 300w, https:\/\/comunicadas.com.ar\/wp-content\/uploads\/2021\/12\/Micaela-Garcia-Mural-768x432.jpg 768w, https:\/\/comunicadas.com.ar\/wp-content\/uploads\/2021\/12\/Micaela-Garcia-Mural.jpg 1200w\" sizes=\"(max-width: 567px) 100vw, 567px\" \/><\/figure>\n\n\n\n<p>Tambi\u00e9n sostienen que: \u201cA pesar del avance en la instrumentaci\u00f3n de la ley, queda mucho por recorrer debido a las resistencias, excusas y negativas, a formarse con perspectiva de g\u00e9nero por parte de personas de los diferentes poderes del Estado cuya decisi\u00f3n incide no s\u00f3lo en la vida de las mujeres sino que son c\u00f3mplices de la inacci\u00f3n estatal que termina operando a favor de los femicidas\u201d.<\/p>\n\n\n\n<p>Seg\u00fan un comunicado oficial, es el Instituto Nacional de la Administraci\u00f3n P\u00fablica (INAP) quien lleva adelante el trabajo de la implementaci\u00f3n de la Ley Micaela en los poderes Ejecutivo, Legislativo y Judicial de la Naci\u00f3n. En este sentido, dicha entidad p\u00fablica indica que <strong>se han capacitado hasta el momento, casi 47.000 agentes en el per\u00edodo que va desde el 10 de diciembre de 2019 hasta el 10 de diciembre de 2021.<\/strong><\/p>\n","protected":false},"excerpt":{"rendered":"<p>La Ley Nacional N\u00ba27499 conocida como \u201cLey Micaela\u201d, establece en nuestro pa\u00eds, la obligatoriedad de capacitaci\u00f3n en la tem\u00e1tica de g\u00e9nero y violencia contra las mujeres, para los tres poderes del Estado Nacional. El pasado 19 de diciembre, se cumplieron 3 a\u00f1os de la sanci\u00f3n de la Ley Micaela, la cual llega para interpelar y [&hellip;]<\/p>\n","protected":false},"author":1,"featured_media":0,"comment_status":"open","ping_status":"open","sticky":false,"template":"","format":"standard","meta":{"inline_featured_image":false,"_monsterinsights_skip_tracking":false,"_monsterinsights_sitenote_active":false,"_monsterinsights_sitenote_note":"","_monsterinsights_sitenote_category":0,"lzb_camalote_bajada":"","lzb_camalote_fotogalerias_repeater":"","lzb_camalote_fotogalerias_desc":"","lzb_camalote_fotogalerias_autorxs":"%5B%5D","lzb_camalote_post_imagen_destacada":"","lzb_camalote_post_imagen_destacada_fotografx":"","lzb_camalote_post_imagen_destacada_fotografx_url":"","_jetpack_memberships_contains_paid_content":false,"footnotes":""},"categories":[1],"tags":[],"class_list":["post-6691","post","type-post","status-publish","format-standard","hentry","category-sin-categoria"],"aioseo_notices":[],"jetpack_featured_media_url":"","jetpack_sharing_enabled":true,"jetpack_likes_enabled":true,"_links":{"self":[{"href":"https:\/\/comunicadas.com.ar\/index.php\/wp-json\/wp\/v2\/posts\/6691"}],"collection":[{"href":"https:\/\/comunicadas.com.ar\/index.php\/wp-json\/wp\/v2\/posts"}],"about":[{"href":"https:\/\/comunicadas.com.ar\/index.php\/wp-json\/wp\/v2\/types\/post"}],"author":[{"embeddable":true,"href":"https:\/\/comunicadas.com.ar\/index.php\/wp-json\/wp\/v2\/users\/1"}],"replies":[{"embeddable":true,"href":"https:\/\/comunicadas.com.ar\/index.php\/wp-json\/wp\/v2\/comments?post=6691"}],"version-history":[{"count":1,"href":"https:\/\/comunicadas.com.ar\/index.php\/wp-json\/wp\/v2\/posts\/6691\/revisions"}],"predecessor-version":[{"id":6694,"href":"https:\/\/comunicadas.com.ar\/index.php\/wp-json\/wp\/v2\/posts\/6691\/revisions\/6694"}],"wp:attachment":[{"href":"https:\/\/comunicadas.com.ar\/index.php\/wp-json\/wp\/v2\/media?parent=6691"}],"wp:term":[{"taxonomy":"category","embeddable":true,"href":"https:\/\/comunicadas.com.ar\/index.php\/wp-json\/wp\/v2\/categories?post=6691"},{"taxonomy":"post_tag","embeddable":true,"href":"https:\/\/comunicadas.com.ar\/index.php\/wp-json\/wp\/v2\/tags?post=6691"}],"curies":[{"name":"wp","href":"https:\/\/api.w.org\/{rel}","templated":true}]}}