{"id":6685,"date":"2021-12-17T21:37:10","date_gmt":"2021-12-17T21:37:10","guid":{"rendered":"https:\/\/comunicadas.org\/?p=6685"},"modified":"2021-12-29T19:55:58","modified_gmt":"2021-12-29T19:55:58","slug":"el-gobierno-de-la-pba-presento-el-segundo-informe-sobre-intentos-de-femicidios","status":"publish","type":"post","link":"https:\/\/comunicadas.com.ar\/index.php\/2021\/12\/17\/el-gobierno-de-la-pba-presento-el-segundo-informe-sobre-intentos-de-femicidios\/","title":{"rendered":"El Gobierno de la PBA present\u00f3 el segundo informe sobre intentos de femicidios"},"content":{"rendered":"\n<p class=\"has-text-align-left\">La ministra de las Mujeres, Pol\u00edticas de G\u00e9nero y Diversidad Sexual de la Provincia de Buenos Aires, Estela D\u00edaz, present\u00f3 el<strong> segundo informe del per\u00edodo 2020-2021 sobre intentos de femicidio<\/strong>, identificados a partir de las consultas realizadas en la L\u00ednea provincial 144.<\/p>\n\n\n\n<div class=\"wp-block-image\"><figure class=\"aligncenter size-large is-resized\"><img loading=\"lazy\" decoding=\"async\" src=\"https:\/\/comunicadas.org\/wp-content\/uploads\/2021\/12\/WhatsApp-Image-2021-12-16-at-2.16.04-PM-1024x682.jpeg\" alt=\"\" class=\"wp-image-6686\" width=\"498\" height=\"331\" srcset=\"https:\/\/comunicadas.com.ar\/wp-content\/uploads\/2021\/12\/WhatsApp-Image-2021-12-16-at-2.16.04-PM-1024x682.jpeg 1024w, https:\/\/comunicadas.com.ar\/wp-content\/uploads\/2021\/12\/WhatsApp-Image-2021-12-16-at-2.16.04-PM-300x200.jpeg 300w, https:\/\/comunicadas.com.ar\/wp-content\/uploads\/2021\/12\/WhatsApp-Image-2021-12-16-at-2.16.04-PM-768x512.jpeg 768w, https:\/\/comunicadas.com.ar\/wp-content\/uploads\/2021\/12\/WhatsApp-Image-2021-12-16-at-2.16.04-PM-580x386.jpeg 580w, https:\/\/comunicadas.com.ar\/wp-content\/uploads\/2021\/12\/WhatsApp-Image-2021-12-16-at-2.16.04-PM.jpeg 1280w\" sizes=\"(max-width: 498px) 100vw, 498px\" \/><figcaption>Ministra Estela D\u00edaz. PH: Prensa PBA.<\/figcaption><\/figure><\/div>\n\n\n\n<div class=\"wp-block-columns is-layout-flex wp-container-core-columns-is-layout-1 wp-block-columns-is-layout-flex\">\n<div class=\"wp-block-column is-layout-flow wp-block-column-is-layout-flow\" style=\"flex-basis:100%\">\n<p>Estela D\u00edaz se\u00f1al\u00f3 que: \u201cla gesti\u00f3n p\u00fablica necesita tener este tipo de investigaciones a disposici\u00f3n para mirar sus procedimientos, sus herramientas, sus pr\u00e1cticas y qu\u00e9 cosas no est\u00e1n dando resultado\u201d.<\/p>\n\n\n\n<p><br><strong>A trav\u00e9s de un comunicado, se indic\u00f3 que los datos del informe corresponden al per\u00edodo junio 2020 - junio 2021 y constituyen el 3,6% de las llamadas recibidas. En total fueron 12.266 las mujeres y personas LGTBI+ que se comunicaron por situaciones de violencias.<\/strong><br><\/p>\n\n\n\n<p>Adem\u00e1s, se realiz\u00f3 una presentaci\u00f3n gr\u00e1fica donde se destac\u00f3 lo siguiente:<\/p>\n\n\n\n<p><strong>\u201cEn el 99% de los casos analizados, los intentos de femicidios fueron sufridos por mujeres y menos del 1% implic\u00f3 intentos de transfemicidios. En el 99% de los casos las personas que ejercieron la agresi\u00f3n fueron varones\u201d. En ese sentido, tambi\u00e9n detall\u00f3 -en relaci\u00f3n al v\u00ednculo con la persona que ejerce la agresi\u00f3n- que \u201cel 93% de los casos (m\u00e1s de 9 de cada 10) quien ha realizado el intento de femicidio, travesticidio o transfemicidio es la ex pareja o la pareja, y en proporciones significativamente menores aparecen otros parientes\u201d.<\/strong><\/p>\n\n\n\n<div class=\"wp-block-image\"><figure class=\"aligncenter size-large is-resized\"><img loading=\"lazy\" decoding=\"async\" src=\"https:\/\/comunicadas.org\/wp-content\/uploads\/2021\/12\/WhatsApp-Image-2021-12-16-at-6.54.00-PM-1024x648.jpeg\" alt=\"\" class=\"wp-image-6687\" width=\"435\" height=\"275\" srcset=\"https:\/\/comunicadas.com.ar\/wp-content\/uploads\/2021\/12\/WhatsApp-Image-2021-12-16-at-6.54.00-PM-1024x648.jpeg 1024w, https:\/\/comunicadas.com.ar\/wp-content\/uploads\/2021\/12\/WhatsApp-Image-2021-12-16-at-6.54.00-PM-300x190.jpeg 300w, https:\/\/comunicadas.com.ar\/wp-content\/uploads\/2021\/12\/WhatsApp-Image-2021-12-16-at-6.54.00-PM-768x486.jpeg 768w, https:\/\/comunicadas.com.ar\/wp-content\/uploads\/2021\/12\/WhatsApp-Image-2021-12-16-at-6.54.00-PM.jpeg 1224w\" sizes=\"(max-width: 435px) 100vw, 435px\" \/><\/figure><\/div>\n\n\n\n<p><br>Seg\u00fan Flavia Delmas, subsecretaria de Pol\u00edticas contra las Violencias por Razones de G\u00e9nero afirma que: \"es importante producir esta informaci\u00f3n, estos datos y estos an\u00e1lisis para poder traducirlos despu\u00e9s en pol\u00edtica p\u00fablica\".<\/p>\n\n\n\n<p><br><strong>El informe re\u00fane la sistematizaci\u00f3n de las consultas realizadas por mujeres y personas LGTBI+ a la L\u00ednea 144 PBA, durante el per\u00edodo junio 2020-junio 2021, para solicitar asesoramiento sobre situaciones de violencias por razones de g\u00e9nero en las que se identific\u00f3 al menos un intento de femicidio<\/strong>. A partir de esta base de datos y de la variable se\u00f1alada, el informe presenta: las particularidades que adquieren estas situaciones, los tipos y modalidades de las violencias, los factores de riesgo y los perfiles sociodemogr\u00e1ficos. A su vez, aporta informaci\u00f3n situada sobre las intervenciones efectivas y sobre los obst\u00e1culos en las respuestas institucionales. <strong>En este sentido, la estatizaci\u00f3n de la L\u00ednea 144 que se encontraba tercerizada fue determinante<\/strong>. Esta decisi\u00f3n pol\u00edtica permiti\u00f3 mejorar las condiciones laborales de las trabajadoras y trabajadores y garantizar la atenci\u00f3n las 24 hs., los 365 d\u00edas del a\u00f1o, indicaron desde el ministerio.<\/p>\n<\/div>\n<\/div>\n\n\n\n<p>Le\u00e9 el informe completo: <a href=\"https:\/\/ministeriodelasmujeres.gba.gob.ar\/gestor\/uploads\/INFORME%20FEMICIDIOS%202021.pdf\" title=\"https:\/\/ministeriodelasmujeres.gba.gob.ar\/gestor\/uploads\/INFORME%20FEMICIDIOS%202021.pdf\">AN\u00c1LISIS SOBRE LOS INTENTOS DE FEMICIDIOS<\/a>.<\/p>\n","protected":false},"excerpt":{"rendered":"<p>La ministra de las Mujeres, Pol\u00edticas de G\u00e9nero y Diversidad Sexual de la Provincia de Buenos Aires, Estela D\u00edaz, present\u00f3 el segundo informe del per\u00edodo 2020-2021 sobre intentos de femicidio, identificados a partir de las consultas realizadas en la L\u00ednea provincial 144. Estela D\u00edaz se\u00f1al\u00f3 que: \u201cla gesti\u00f3n p\u00fablica necesita tener este tipo de investigaciones [&hellip;]<\/p>\n","protected":false},"author":1,"featured_media":6688,"comment_status":"open","ping_status":"open","sticky":false,"template":"","format":"standard","meta":{"inline_featured_image":false,"_monsterinsights_skip_tracking":false,"_monsterinsights_sitenote_active":false,"_monsterinsights_sitenote_note":"","_monsterinsights_sitenote_category":0,"lzb_camalote_bajada":"","lzb_camalote_fotogalerias_repeater":"","lzb_camalote_fotogalerias_desc":"","lzb_camalote_fotogalerias_autorxs":"%5B%5D","lzb_camalote_post_imagen_destacada":"","lzb_camalote_post_imagen_destacada_fotografx":"","lzb_camalote_post_imagen_destacada_fotografx_url":"","_jetpack_memberships_contains_paid_content":false,"footnotes":""},"categories":[1],"tags":[],"class_list":["post-6685","post","type-post","status-publish","format-standard","has-post-thumbnail","hentry","category-sin-categoria"],"aioseo_notices":[],"jetpack_featured_media_url":"https:\/\/comunicadas.com.ar\/wp-content\/uploads\/2021\/12\/caratula.png","jetpack_sharing_enabled":true,"jetpack_likes_enabled":true,"_links":{"self":[{"href":"https:\/\/comunicadas.com.ar\/index.php\/wp-json\/wp\/v2\/posts\/6685"}],"collection":[{"href":"https:\/\/comunicadas.com.ar\/index.php\/wp-json\/wp\/v2\/posts"}],"about":[{"href":"https:\/\/comunicadas.com.ar\/index.php\/wp-json\/wp\/v2\/types\/post"}],"author":[{"embeddable":true,"href":"https:\/\/comunicadas.com.ar\/index.php\/wp-json\/wp\/v2\/users\/1"}],"replies":[{"embeddable":true,"href":"https:\/\/comunicadas.com.ar\/index.php\/wp-json\/wp\/v2\/comments?post=6685"}],"version-history":[{"count":2,"href":"https:\/\/comunicadas.com.ar\/index.php\/wp-json\/wp\/v2\/posts\/6685\/revisions"}],"predecessor-version":[{"id":6697,"href":"https:\/\/comunicadas.com.ar\/index.php\/wp-json\/wp\/v2\/posts\/6685\/revisions\/6697"}],"wp:featuredmedia":[{"embeddable":true,"href":"https:\/\/comunicadas.com.ar\/index.php\/wp-json\/wp\/v2\/media\/6688"}],"wp:attachment":[{"href":"https:\/\/comunicadas.com.ar\/index.php\/wp-json\/wp\/v2\/media?parent=6685"}],"wp:term":[{"taxonomy":"category","embeddable":true,"href":"https:\/\/comunicadas.com.ar\/index.php\/wp-json\/wp\/v2\/categories?post=6685"},{"taxonomy":"post_tag","embeddable":true,"href":"https:\/\/comunicadas.com.ar\/index.php\/wp-json\/wp\/v2\/tags?post=6685"}],"curies":[{"name":"wp","href":"https:\/\/api.w.org\/{rel}","templated":true}]}}