{"id":6675,"date":"2021-11-25T21:14:53","date_gmt":"2021-11-25T21:14:53","guid":{"rendered":"https:\/\/comunicadas.org\/?p=6675"},"modified":"2021-11-25T21:24:51","modified_gmt":"2021-11-25T21:24:51","slug":"25n-misiones-se-estrena-un-documental-que-visibiliza-la-violencia-obstetrica","status":"publish","type":"post","link":"https:\/\/comunicadas.com.ar\/index.php\/2021\/11\/25\/25n-misiones-se-estrena-un-documental-que-visibiliza-la-violencia-obstetrica\/","title":{"rendered":"#25N - Misiones: Se estrena un documental que visibiliza la violencia obst\u00e9trica."},"content":{"rendered":"\n<p><strong>Hoy jueves se estrenar\u00e1 en Misiones el documental \u201cCr\u00f3nicas desde el Silencio, la lucha de Paula Pisak\u201d, referente nacional de la lucha contra la violencia obst\u00e9trica. Ser\u00e1 a las 18:30 en el Teatro de Prosa del Centro del Conocimiento de Posadas, en el marco del D\u00eda de Erradicaci\u00f3n de la Violencia hacia la Mujer.<\/strong><\/p>\n\n\n\n<p>El documental, que ya fue declarado de Inter\u00e9s Provincial en Misiones, visibiliza una de las formas de <strong>violencia de g\u00e9nero ejercida por profesionales de la salud hacia las personas gestantes<\/strong>. En este caso, el registro audiovisual cuenta, en primera persona, <strong>los 17 a\u00f1os de lucha que tuvo que vivir Paula Pisak, quien al sufrir una mala praxis en su ces\u00e1rea qued\u00f3 hipoac\u00fasica y parap\u00e9sica.<\/strong><\/p>\n\n\n\n<figure class=\"wp-block-image size-large\"><img loading=\"lazy\" decoding=\"async\" width=\"813\" height=\"458\" src=\"https:\/\/comunicadas.org\/wp-content\/uploads\/2021\/11\/paula-pisak-813x458-1.jpg\" alt=\"\" class=\"wp-image-6677\" srcset=\"https:\/\/comunicadas.com.ar\/wp-content\/uploads\/2021\/11\/paula-pisak-813x458-1.jpg 813w, https:\/\/comunicadas.com.ar\/wp-content\/uploads\/2021\/11\/paula-pisak-813x458-1-300x169.jpg 300w, https:\/\/comunicadas.com.ar\/wp-content\/uploads\/2021\/11\/paula-pisak-813x458-1-768x433.jpg 768w\" sizes=\"(max-width: 813px) 100vw, 813px\" \/><\/figure>\n\n\n\n<p><br>A lo largo de los a\u00f1os, Paula se convirti\u00f3 en referente nacional de la lucha contra la violencia obst\u00e9trica y su caso se hizo reconocido a nivel mundial. Adem\u00e1s, no es menor que, pese a las dificultades y el sufrimiento que atraves\u00f3, <strong>se recibi\u00f3 de abogada durante el 2020 cumpliendo un sue\u00f1o pendiente de toda la vida.<\/strong><\/p>\n\n\n\n<p><br><strong>\"Con t\u00edtulo en mano y con el apoyo de toda la comunidad, Paula Pisak est\u00e1 decidida a que, despu\u00e9s de 17 a\u00f1os de tantas injusticias, al fin las mujeres puedan tener una voz legal que las represente ante situaciones de violencia obst\u00e9trica\"<\/strong>, indica el medio <a href=\"https:\/\/www.primeraedicion.com.ar\/nota\/100524797\/cronicas-del-silencio-estrenaran-el-documental-de-la-lucha-de-paula-pisak\/\" title=\"https:\/\/www.primeraedicion.com.ar\/nota\/100524797\/cronicas-del-silencio-estrenaran-el-documental-de-la-lucha-de-paula-pisak\/\">Primera Edici\u00f3n de la provincia mesopot\u00e1mica.<\/a><br><\/p>\n\n\n\n<p><em>\"Creo que a partir de hoy se corre un velo detr\u00e1s de m\u00ed historia, porque cuando viv\u00eds violencia obst\u00e9trica sumada a una mala praxis las secuelas te marcan la vida. S\u00e9 que muchas mujeres se sentir\u00e1n identificadas y esto les dar\u00e1 fortaleza para afrontar una denuncia porque ya no se sentir\u00e1n solas y eso es muy importante, adem\u00e1s de reconocer \u00e9sta violencia que se encuentra tan naturalizada. Creo que lleg\u00f3 el momento de no callar m\u00e1s y de imponernos frente al sistema de salud tan hegem\u00f3nico y patriarcal porque es nuestro cuerpo, nuestra decisi\u00f3n de c\u00f3mo parir y ellos simplemente deber\u00edan acompa\u00f1ar el proceso como actores secundarios\",<\/em> <strong>comparti\u00f3 Paula a Comunicadas.<\/strong><\/p>\n\n\n\n<p><br><strong>\u201cCr\u00f3nicas desde el Silencio, la lucha de Paula Pisak\u201d,<\/strong> se estrena hoy a las 18:30 hs. en el Teatro de Prosa del Centro del Conocimiento de Posadas. <strong>El documental fue realizado por la productora autogestiva El C\u00edclope de Cristal bajo la coordinaci\u00f3n del realizador audiovisual Cristian Delgado, joven oriundo de Don Torcuato, partido de Tigre<\/strong>.<\/p>\n\n\n\n<p>Te dejamos el link del canal de Youtube del C\u00edclope de Cristal para que puedas ver el trailer y otras producciones de la productora:<\/p>\n\n\n\n<figure class=\"wp-block-embed is-type-video is-provider-youtube wp-block-embed-youtube wp-embed-aspect-16-9 wp-has-aspect-ratio\"><div class=\"wp-block-embed__wrapper\">\n<iframe loading=\"lazy\" title=\"TRAILER Cr\u00f3nicas desde el Silencio DOCUMENTAL Paula Pisak\" width=\"500\" height=\"281\" src=\"https:\/\/www.youtube.com\/embed\/lqcPY0fazy8?start=4&feature=oembed\" frameborder=\"0\" allow=\"accelerometer; autoplay; clipboard-write; encrypted-media; gyroscope; picture-in-picture; web-share\" referrerpolicy=\"strict-origin-when-cross-origin\" allowfullscreen><\/iframe>\n<\/div><\/figure>\n\n\n\n<p><\/p>\n\n\n\n<p><\/p>\n","protected":false},"excerpt":{"rendered":"<p>Hoy jueves se estrenar\u00e1 en Misiones el documental \u201cCr\u00f3nicas desde el Silencio, la lucha de Paula Pisak\u201d, referente nacional de la lucha contra la violencia obst\u00e9trica. Ser\u00e1 a las 18:30 en el Teatro de Prosa del Centro del Conocimiento de Posadas, en el marco del D\u00eda de Erradicaci\u00f3n de la Violencia hacia la Mujer. El [&hellip;]<\/p>\n","protected":false},"author":1,"featured_media":6676,"comment_status":"open","ping_status":"open","sticky":false,"template":"","format":"standard","meta":{"inline_featured_image":false,"_monsterinsights_skip_tracking":false,"_monsterinsights_sitenote_active":false,"_monsterinsights_sitenote_note":"","_monsterinsights_sitenote_category":0,"lzb_camalote_bajada":"","lzb_camalote_fotogalerias_repeater":"","lzb_camalote_fotogalerias_desc":"","lzb_camalote_fotogalerias_autorxs":"%5B%5D","lzb_camalote_post_imagen_destacada":"","lzb_camalote_post_imagen_destacada_fotografx":"","lzb_camalote_post_imagen_destacada_fotografx_url":"","_jetpack_memberships_contains_paid_content":false,"footnotes":""},"categories":[19,1],"tags":[],"class_list":["post-6675","post","type-post","status-publish","format-standard","has-post-thumbnail","hentry","category-noticias","category-sin-categoria"],"aioseo_notices":[],"jetpack_featured_media_url":"https:\/\/comunicadas.com.ar\/wp-content\/uploads\/2021\/11\/10-paula-pisak.jpg","jetpack_sharing_enabled":true,"jetpack_likes_enabled":true,"_links":{"self":[{"href":"https:\/\/comunicadas.com.ar\/index.php\/wp-json\/wp\/v2\/posts\/6675"}],"collection":[{"href":"https:\/\/comunicadas.com.ar\/index.php\/wp-json\/wp\/v2\/posts"}],"about":[{"href":"https:\/\/comunicadas.com.ar\/index.php\/wp-json\/wp\/v2\/types\/post"}],"author":[{"embeddable":true,"href":"https:\/\/comunicadas.com.ar\/index.php\/wp-json\/wp\/v2\/users\/1"}],"replies":[{"embeddable":true,"href":"https:\/\/comunicadas.com.ar\/index.php\/wp-json\/wp\/v2\/comments?post=6675"}],"version-history":[{"count":3,"href":"https:\/\/comunicadas.com.ar\/index.php\/wp-json\/wp\/v2\/posts\/6675\/revisions"}],"predecessor-version":[{"id":6683,"href":"https:\/\/comunicadas.com.ar\/index.php\/wp-json\/wp\/v2\/posts\/6675\/revisions\/6683"}],"wp:featuredmedia":[{"embeddable":true,"href":"https:\/\/comunicadas.com.ar\/index.php\/wp-json\/wp\/v2\/media\/6676"}],"wp:attachment":[{"href":"https:\/\/comunicadas.com.ar\/index.php\/wp-json\/wp\/v2\/media?parent=6675"}],"wp:term":[{"taxonomy":"category","embeddable":true,"href":"https:\/\/comunicadas.com.ar\/index.php\/wp-json\/wp\/v2\/categories?post=6675"},{"taxonomy":"post_tag","embeddable":true,"href":"https:\/\/comunicadas.com.ar\/index.php\/wp-json\/wp\/v2\/tags?post=6675"}],"curies":[{"name":"wp","href":"https:\/\/api.w.org\/{rel}","templated":true}]}}