{"id":6668,"date":"2021-11-12T19:00:00","date_gmt":"2021-11-12T19:00:00","guid":{"rendered":"https:\/\/comunicadas.org\/?p=6668"},"modified":"2021-11-11T17:46:46","modified_gmt":"2021-11-11T17:46:46","slug":"licencias-de-paternidad-cambiar-el-estereotipo-del-rol-en-las-tareas-del-cuidado","status":"publish","type":"post","link":"https:\/\/comunicadas.com.ar\/index.php\/2021\/11\/12\/licencias-de-paternidad-cambiar-el-estereotipo-del-rol-en-las-tareas-del-cuidado\/","title":{"rendered":"Licencias de Paternidad: cambiar el estereotipo del rol en las tareas del cuidado"},"content":{"rendered":"\n<p>Entrevista y nota: Facundo Mart\u00ednez.<\/p>\n\n\n\n<p>Mat\u00edas Criado es psic\u00f3logo, diplomado en g\u00e9nero, diversidad y pol\u00edticas de participaci\u00f3n en la Universidad Nacional de General Sarmiento y co-fundador de Paternando en 2019 junto a Diego Pins, que se desempe\u00f1a como counselor. En esta oportunidad, Mat\u00edas nos relat\u00f3 la mirada de Paternando sobre: la paternidad actual, nuevas masculinidades y el desaf\u00edo en las licencias de paternidad en nuestro pa\u00eds.<\/p>\n\n\n\n<p><strong>C\u00d3MO SURGI\u00d3 PATERNANDO Y SU DESARROLLO\u00a0<\/strong><\/p>\n\n\n\n<p>Matias cuenta que<strong> \u201cnace de una necesidad espec\u00edfica personal, ambos somos padres,\u00a0 armar algo nuevo sobre la paternidad que la sociedad dicta, otros padres, pap\u00e1s criando, no fue por nuestra profesi\u00f3n\u201d<\/strong>.\u00a0<\/p>\n\n\n\n<p>Realizaron convocatorias para padres de manera presencial para contar sus experiencias y sensibilizarse. Adem\u00e1s, Mat\u00edas nos cuenta que desde Paternando realizan talleres sobre: preparto, l\u00edmites y disciplinas, pareja y sexualidad. Tambi\u00e9n convocaron mediante redes con el objetivo de llegar a diferentes personas, para reveer las pr\u00e1cticas propias como padres en la crianza de les ni\u00f1es y tener una mirada <strong>\u201cdesde lo que se quiere hablar y no desde donde uno est\u00e1 parado, repensarse como padres, ya que hay padres que se encuentran solos con esos pensamientos\u201d.<\/strong><\/p>\n\n\n\n<p><strong>RESISTENCIA O CAMBIO EN LAS MASCULINIDADES<\/strong><\/p>\n\n\n\n<p>Le preguntamos a Mat\u00edas si los varones cis presentan resistencias al cambio de paradigma de la paternidad en relaci\u00f3n a las tareas de cuidado y crianza de les ni\u00f1es en los hogares y nos responde que:<strong> \u201c<em>Los varones necesitan un cambio, hay \u2018nuevas masculinidades\u2019, hay cuestiones de resistencia, vulnerabilidad, por eso hay que hablarlo, repensarlo, desarmarlo, y rearmarlo en permanente deconstrucci\u00f3n desde una comunidad, un ida y vuelta\u201d<\/em><\/strong><em>.\u00a0<\/em><\/p>\n\n\n\n<p>Tambi\u00e9n nos cuenta que hay resistencia de mujeres que no quieren que dejen su rol de proveedor. Es por ello que considera que debe trabajarse desde la interseccionalidad, en relaci\u00f3n a las licencias de paternidad. Nos dice que el var\u00f3n de clase media-media alta tiene m\u00e1s recursos que un var\u00f3n de clase media baja del conurbano. S\u00f3lo los varones privilegiados son los que pueden preguntarse sobre pol\u00edticas p\u00fablicas, jardines y espacios de cuidado, ya que las clases m\u00e1s vulnerables est\u00e1n en una realidad diferente porque presentan mayores necesidades y tienen otras prioridades que preguntarse sobre su rol en la crianza.<\/p>\n\n\n\n<p><strong>LICENCIAS DE PATERNIDAD<\/strong><\/p>\n\n\n\n<p>Nos interesa saber si los estereotipos de g\u00e9nero influyen en la normativa sobre las licencias de paternidad, y nos dice que: <strong>\u201cLos sesgos de g\u00e9nero en las pol\u00edticas p\u00fablicas deben entenderse, no como derecho, sino como responsabilidad. Las licencias deben ser obligatorias y la orientaci\u00f3n de las pol\u00edticas p\u00fablicas en relaci\u00f3n a los roles y a la distribuci\u00f3n del cuidado\u201d. <\/strong>Se debecomenzar a modificar el rol de var\u00f3n proveedor y compartir la responsabilidad de ambxs en las tareas de cuidado y crianza .<\/p>\n\n\n\n<p>Entonces, \u00bfpor qu\u00e9 cuesta modificar las leyes de las licencias de paternidad?\u00bfEs una cuesti\u00f3n cultural o hay detr\u00e1s una disputa de relaciones de poder?. Mat\u00edas nos relata que las pol\u00edticas p\u00fablicas, la salud y la paternidad no van de la mano, hay peque\u00f1as visibilizaciones, micro-naturalizaciones. Por ejemplo, cuando la mujer acude a los controles del embarazo, donde en los consultorios no hay m\u00e1s de una silla, ya que se da por entendido que las mujeres acuden solas, no est\u00e1 pensado para que los varones compartan junto a ellas las consultas.<\/p>\n\n\n\n<p><strong>Le preguntamos si se trata s\u00f3lo de una cantidad de d\u00edas o tiene relaci\u00f3n con la crianza del ni\u00f1e. <\/strong>Nos se\u00f1ala que haycontradicciones en ciertas cuestiones: m\u00e1s all\u00e1 de la cantidad de d\u00edas, se siguen manteniendo las desigualdades de g\u00e9nero en las tareas del cuidado y crianza. Por tal motivo, es que los padres siguen ocupando un rol secundario en ellas y la mujer sigue siendo la encargada natural de realizarlas. Si bien hay modelos que son tomados como ejemplo a lo que habr\u00eda que llegar, como son los pa\u00edses n\u00f3rdicos que cuentan con licencias de paternidad de 6 meses y un a\u00f1o, tambi\u00e9n presentan dificultades en su implementaci\u00f3n, debido a que los padres muchas veces ceden sus d\u00edas a la madre para volver a su trabajo.<\/p>\n\n\n\n<p>Refuerza que <strong>\u201cel cambio en s\u00ed tiene que ver con un cambio en el rol de los cuidados\u201d.<\/strong><\/p>\n\n\n\n<p>Por \u00faltimo, nos dice que: <strong>\u201cLas licencias debieran tener car\u00e1cter obligatorio, ser de un mes (ideal como base) a 45, 60 d\u00edas e ir ampliando lentamente como en Europa, y es necesario que sean acompa\u00f1adas con cursos de preparto, jardines maternales, espacios de concientizaci\u00f3n, trabajar la\u00a0 transversalizaci\u00f3n\u201d<\/strong>.<\/p>\n\n\n\n<p>Se pueden contactar con Paternando a trav\u00e9s de IG: <a href=\"https:\/\/www.instagram.com\/paternando.ok\/?hl=es\">@paternando.ok\u00a0<\/a><\/p>\n","protected":false},"excerpt":{"rendered":"<p>Entrevista y nota: Facundo Mart\u00ednez. Mat\u00edas Criado es psic\u00f3logo, diplomado en g\u00e9nero, diversidad y pol\u00edticas de participaci\u00f3n en la Universidad Nacional de General Sarmiento y co-fundador de Paternando en 2019 junto a Diego Pins, que se desempe\u00f1a como counselor. En esta oportunidad, Mat\u00edas nos relat\u00f3 la mirada de Paternando sobre: la paternidad actual, nuevas masculinidades [&hellip;]<\/p>\n","protected":false},"author":1,"featured_media":6669,"comment_status":"open","ping_status":"open","sticky":false,"template":"","format":"standard","meta":{"inline_featured_image":false,"_monsterinsights_skip_tracking":false,"_monsterinsights_sitenote_active":false,"_monsterinsights_sitenote_note":"","_monsterinsights_sitenote_category":0,"lzb_camalote_bajada":"","lzb_camalote_fotogalerias_repeater":"","lzb_camalote_fotogalerias_desc":"","lzb_camalote_fotogalerias_autorxs":"%5B%5D","lzb_camalote_post_imagen_destacada":"","lzb_camalote_post_imagen_destacada_fotografx":"","lzb_camalote_post_imagen_destacada_fotografx_url":"","_jetpack_memberships_contains_paid_content":false,"footnotes":""},"categories":[1],"tags":[],"class_list":["post-6668","post","type-post","status-publish","format-standard","has-post-thumbnail","hentry","category-sin-categoria"],"aioseo_notices":[],"jetpack_featured_media_url":"https:\/\/comunicadas.com.ar\/wp-content\/uploads\/2021\/11\/Entrevista-a-Gabriela-Mansilla.jpg","jetpack_sharing_enabled":true,"jetpack_likes_enabled":true,"_links":{"self":[{"href":"https:\/\/comunicadas.com.ar\/index.php\/wp-json\/wp\/v2\/posts\/6668"}],"collection":[{"href":"https:\/\/comunicadas.com.ar\/index.php\/wp-json\/wp\/v2\/posts"}],"about":[{"href":"https:\/\/comunicadas.com.ar\/index.php\/wp-json\/wp\/v2\/types\/post"}],"author":[{"embeddable":true,"href":"https:\/\/comunicadas.com.ar\/index.php\/wp-json\/wp\/v2\/users\/1"}],"replies":[{"embeddable":true,"href":"https:\/\/comunicadas.com.ar\/index.php\/wp-json\/wp\/v2\/comments?post=6668"}],"version-history":[{"count":1,"href":"https:\/\/comunicadas.com.ar\/index.php\/wp-json\/wp\/v2\/posts\/6668\/revisions"}],"predecessor-version":[{"id":6670,"href":"https:\/\/comunicadas.com.ar\/index.php\/wp-json\/wp\/v2\/posts\/6668\/revisions\/6670"}],"wp:featuredmedia":[{"embeddable":true,"href":"https:\/\/comunicadas.com.ar\/index.php\/wp-json\/wp\/v2\/media\/6669"}],"wp:attachment":[{"href":"https:\/\/comunicadas.com.ar\/index.php\/wp-json\/wp\/v2\/media?parent=6668"}],"wp:term":[{"taxonomy":"category","embeddable":true,"href":"https:\/\/comunicadas.com.ar\/index.php\/wp-json\/wp\/v2\/categories?post=6668"},{"taxonomy":"post_tag","embeddable":true,"href":"https:\/\/comunicadas.com.ar\/index.php\/wp-json\/wp\/v2\/tags?post=6668"}],"curies":[{"name":"wp","href":"https:\/\/api.w.org\/{rel}","templated":true}]}}