{"id":6613,"date":"2021-08-24T13:44:58","date_gmt":"2021-08-24T13:44:58","guid":{"rendered":"https:\/\/comunicadas.org\/?p=6613"},"modified":"2021-08-24T13:45:02","modified_gmt":"2021-08-24T13:45:02","slug":"ley-micaela-en-medios-de-comunicacion-a-nivel-nacional","status":"publish","type":"post","link":"https:\/\/comunicadas.com.ar\/index.php\/2021\/08\/24\/ley-micaela-en-medios-de-comunicacion-a-nivel-nacional\/","title":{"rendered":"Ley Micaela en medios de comunicaci\u00f3n a nivel nacional"},"content":{"rendered":"\n<p><strong>La prevenci\u00f3n, sanci\u00f3n y erradicaci\u00f3n de las violencias por razones de g\u00e9nero es un<br>compromiso de nuestro presente<\/strong>. Esto alcanza a los medios de comunicaci\u00f3n: son<br>actores que pueden contribuir con abordajes y tratamientos responsables, evitando<br>la reproducci\u00f3n de estereotipos que abonan a la violencia estructural que se ejerce<br>sobre las mujeres y las identidades disidentes (los tipos y modalidades presentes en<br>la Ley 26.485). Es por eso que, ante la necesidad de una capacitaci\u00f3n permanente y<br>obligatoria,<strong> se cre\u00f3 una mesa de trabajo para impulsar y replicar la Ley Micaela (N\u00ba<br>27.499) en los medios de comunicaci\u00f3n a nivel nacional.<\/strong> Dicha legislaci\u00f3n<br>transformadora y de avanzada, propone generar cambios de comportamiento en el<br>tejido social.<\/p>\n\n\n\n<p><strong>\u201cLo que ha demostrado este contexto de tanta lucha y tantos avances y conquistas es<br>que los medios vienen bastante atr\u00e1s, a\u00fan se sigue apelando a las mismas formas de<br>descalificaci\u00f3n prejuicio, estereotipo, denigraci\u00f3n de las mujeres y las disidencias<\/strong>. El<br>propio caso de Micaela nos aleccion\u00f3 mucho al respecto. Adem\u00e1s del dolor de la<br>familia Garc\u00eda y todas sus amigas y compa\u00f1eras de militancia de buscarla esa<br>semana que estuvo desaparecida hasta que su cuerpo fue encontrado, tuvieron que<br>soportar la forma en la que parte de la prensa y el mundo period\u00edstico se meti\u00f3 en su<br>vida \u00edntima, cuestion\u00f3 porque hab\u00eda caminado sola por la calle o c\u00f3mo estaba<br>vestida\u201d, <strong>manifest\u00f3 Agustina \u201cAchu\u201d D\u00edaz, coordinadora del \u00c1rea de Capacitaciones<br>de la Fundaci\u00f3n Micaela Garc\u00eda \u201cLa Negra\u201d.<\/strong><\/p>\n\n\n\n<p>Y agreg\u00f3: <strong>\u201cLa Ley Micaela en los medios de comunicaci\u00f3n es fundamental <\/strong>en esos<br>dos aspectos: primero <strong>para ir desactivando todo los mecanismos de reproducci\u00f3n de<br>la violencia simb\u00f3lica contra mujeres y disidencias en todas sus formas<\/strong> y por otro<br>lado <strong>para que los tratamientos de los casos de violencia de g\u00e9nero sean abordados<br>desde la l\u00f3gica de la perspectiva de g\u00e9nero y los derechos humanos\u201d.<\/strong><\/p>\n\n\n\n<p><strong>Se trabaj\u00f3 en la unificaci\u00f3n de los proyectos de ley redactados por Ayel\u00e9n Sposito<br>(FdT R\u00edo Negro), Gisela Marziotta (FdT CABA) y Silvana Ginocchio (FdT de<br>Catamarca).<\/strong> Los mismos alcanzan a todo medio (tv y cable, radio, gr\u00e1fica y web)<br>inscripto en el Registro Nacional de Proveedores de Publicidad Oficial, dependiente<br>de la Secretar\u00eda de Comunicaci\u00f3n P\u00fablica de la Jefatura de Gabinete de Ministros.<\/p>\n\n\n\n<p>La mesa de trabajo est\u00e1 compuesta por integrantes de la Fundaci\u00f3n Micaela Garc\u00eda<br>\u201cLa Negra\u201d (con el especial acompa\u00f1amiento de Andrea Lescano y Nestor Garc\u00eda,<br>mam\u00e1 y pap\u00e1 de Micaela), periodistas feministas e integrantes de la Red de Medios<br>Digitales y los respectivos equipos de las legisladoras.<\/p>\n\n\n\n<p>Link al proyecto<br>Contactos de prensa:<br>Agustina Lanza - 011 2460-1704<br>Delfina Pedelacq - 011 3188-7965<br>M\u00e1s informaci\u00f3n: leymicaelaenmedios@gmail.com<\/p>\n","protected":false},"excerpt":{"rendered":"<p>La prevenci\u00f3n, sanci\u00f3n y erradicaci\u00f3n de las violencias por razones de g\u00e9nero es uncompromiso de nuestro presente. Esto alcanza a los medios de comunicaci\u00f3n: sonactores que pueden contribuir con abordajes y tratamientos responsables, evitandola reproducci\u00f3n de estereotipos que abonan a la violencia estructural que se ejercesobre las mujeres y las identidades disidentes (los tipos y [&hellip;]<\/p>\n","protected":false},"author":1,"featured_media":6614,"comment_status":"open","ping_status":"open","sticky":false,"template":"","format":"standard","meta":{"inline_featured_image":false,"_monsterinsights_skip_tracking":false,"lzb_camalote_bajada":"","lzb_camalote_fotogalerias_repeater":"","lzb_camalote_fotogalerias_desc":"","lzb_camalote_fotogalerias_autorxs":"%5B%5D","lzb_camalote_post_imagen_destacada":"","lzb_camalote_post_imagen_destacada_fotografx":"","lzb_camalote_post_imagen_destacada_fotografx_url":"","_jetpack_memberships_contains_paid_content":false,"footnotes":""},"categories":[2,19,20],"tags":[],"class_list":["post-6613","post","type-post","status-publish","format-standard","has-post-thumbnail","hentry","category-niunamenos","category-noticias","category-opinion"],"aioseo_notices":[],"aioseo_head":"\n\t\t<!-- All in One SEO 5.0.1.1 - aioseo.com -->\n\t<meta name=\"description\" content=\"La prevenci\u00f3n, sanci\u00f3n y erradicaci\u00f3n de las violencias por razones de g\u00e9nero es uncompromiso de nuestro presente. Esto alcanza a los medios de comunicaci\u00f3n: sonactores que pueden contribuir con abordajes y tratamientos responsables, evitandola reproducci\u00f3n de estereotipos que abonan a la violencia estructural que se ejercesobre las mujeres y las identidades disidentes (los tipos y\" \/>\n\t<meta name=\"robots\" content=\"max-image-preview:large\" \/>\n\t<meta name=\"author\" content=\"comunicadasorg\"\/>\n\t<link rel=\"canonical\" href=\"https:\/\/comunicadas.com.ar\/index.php\/2021\/08\/24\/ley-micaela-en-medios-de-comunicacion-a-nivel-nacional\/\" \/>\n\t<meta name=\"generator\" content=\"All in One SEO (AIOSEO) 5.0.1.1\" \/>\n\t\t<meta property=\"og:locale\" content=\"es_ES\" \/>\n\t\t<meta property=\"og:site_name\" content=\"Comunicadas \u2022\" \/>\n\t\t<meta property=\"og:type\" content=\"article\" \/>\n\t\t<meta property=\"og:title\" content=\"Ley Micaela en medios de comunicaci\u00f3n a nivel nacional \u2022 Comunicadas\" \/>\n\t\t<meta property=\"og:description\" content=\"La prevenci\u00f3n, sanci\u00f3n y erradicaci\u00f3n de las violencias por razones de g\u00e9nero es uncompromiso de nuestro presente. Esto alcanza a los medios de comunicaci\u00f3n: sonactores que pueden contribuir con abordajes y tratamientos responsables, evitandola reproducci\u00f3n de estereotipos que abonan a la violencia estructural que se ejercesobre las mujeres y las identidades disidentes (los tipos y\" \/>\n\t\t<meta property=\"og:url\" content=\"https:\/\/comunicadas.com.ar\/index.php\/2021\/08\/24\/ley-micaela-en-medios-de-comunicacion-a-nivel-nacional\/\" \/>\n\t\t<meta property=\"og:image\" content=\"https:\/\/comunicadas.com.ar\/wp-content\/uploads\/2021\/08\/WhatsApp-Image-2021-08-24-at-08.51.38.jpeg\" \/>\n\t\t<meta property=\"og:image:secure_url\" content=\"https:\/\/comunicadas.com.ar\/wp-content\/uploads\/2021\/08\/WhatsApp-Image-2021-08-24-at-08.51.38.jpeg\" \/>\n\t\t<meta property=\"og:image:width\" content=\"1080\" \/>\n\t\t<meta property=\"og:image:height\" content=\"1080\" \/>\n\t\t<meta property=\"article:published_time\" content=\"2021-08-24T13:44:58+00:00\" \/>\n\t\t<meta property=\"article:modified_time\" content=\"2021-08-24T13:45:02+00:00\" \/>\n\t\t<meta name=\"twitter:card\" content=\"summary\" \/>\n\t\t<meta name=\"twitter:title\" content=\"Ley Micaela en medios de comunicaci\u00f3n a nivel nacional \u2022 Comunicadas\" \/>\n\t\t<meta name=\"twitter:description\" content=\"La prevenci\u00f3n, sanci\u00f3n y erradicaci\u00f3n de las violencias por razones de g\u00e9nero es uncompromiso de nuestro presente. Esto alcanza a los medios de comunicaci\u00f3n: sonactores que pueden contribuir con abordajes y tratamientos responsables, evitandola reproducci\u00f3n de estereotipos que abonan a la violencia estructural que se ejercesobre las mujeres y las identidades disidentes (los tipos y\" \/>\n\t\t<meta name=\"twitter:image\" content=\"https:\/\/comunicadas.com.ar\/wp-content\/uploads\/2021\/08\/WhatsApp-Image-2021-08-24-at-08.51.38.jpeg\" \/>\n\t\t<script type=\"application\/ld+json\" class=\"aioseo-schema\">\n\t\t\t{\"@context\":\"https:\\\/\\\/schema.org\",\"@graph\":[{\"@type\":\"BlogPosting\",\"@id\":\"https:\\\/\\\/comunicadas.com.ar\\\/index.php\\\/2021\\\/08\\\/24\\\/ley-micaela-en-medios-de-comunicacion-a-nivel-nacional\\\/#blogposting\",\"name\":\"Ley Micaela en medios de comunicaci\\u00f3n a nivel nacional \\u2022 Comunicadas\",\"headline\":\"Ley Micaela en medios de comunicaci\\u00f3n a nivel nacional\",\"author\":{\"@id\":\"https:\\\/\\\/comunicadas.com.ar\\\/index.php\\\/author\\\/comunicadasorg\\\/#author\"},\"publisher\":{\"@id\":\"https:\\\/\\\/comunicadas.com.ar\\\/#organization\"},\"image\":{\"@type\":\"ImageObject\",\"url\":\"https:\\\/\\\/comunicadas.com.ar\\\/wp-content\\\/uploads\\\/2021\\\/08\\\/WhatsApp-Image-2021-08-24-at-08.51.38.jpeg\",\"width\":1080,\"height\":1080},\"datePublished\":\"2021-08-24T13:44:58+00:00\",\"dateModified\":\"2021-08-24T13:45:02+00:00\",\"inLanguage\":\"es-ES\",\"mainEntityOfPage\":{\"@id\":\"https:\\\/\\\/comunicadas.com.ar\\\/index.php\\\/2021\\\/08\\\/24\\\/ley-micaela-en-medios-de-comunicacion-a-nivel-nacional\\\/#webpage\"},\"isPartOf\":{\"@id\":\"https:\\\/\\\/comunicadas.com.ar\\\/index.php\\\/2021\\\/08\\\/24\\\/ley-micaela-en-medios-de-comunicacion-a-nivel-nacional\\\/#webpage\"},\"articleSection\":\"#NiunaMenos, Noticias, Opini\\u00f3n\"},{\"@type\":\"BreadcrumbList\",\"@id\":\"https:\\\/\\\/comunicadas.com.ar\\\/index.php\\\/2021\\\/08\\\/24\\\/ley-micaela-en-medios-de-comunicacion-a-nivel-nacional\\\/#breadcrumblist\",\"itemListElement\":[{\"@type\":\"ListItem\",\"@id\":\"https:\\\/\\\/comunicadas.com.ar#listItem\",\"position\":1,\"name\":\"Inicio\",\"item\":\"https:\\\/\\\/comunicadas.com.ar\",\"nextItem\":{\"@type\":\"ListItem\",\"@id\":\"https:\\\/\\\/comunicadas.com.ar\\\/index.php\\\/category\\\/niunamenos\\\/#listItem\",\"name\":\"#NiunaMenos\"}},{\"@type\":\"ListItem\",\"@id\":\"https:\\\/\\\/comunicadas.com.ar\\\/index.php\\\/category\\\/niunamenos\\\/#listItem\",\"position\":2,\"name\":\"#NiunaMenos\",\"item\":\"https:\\\/\\\/comunicadas.com.ar\\\/index.php\\\/category\\\/niunamenos\\\/\",\"nextItem\":{\"@type\":\"ListItem\",\"@id\":\"https:\\\/\\\/comunicadas.com.ar\\\/index.php\\\/2021\\\/08\\\/24\\\/ley-micaela-en-medios-de-comunicacion-a-nivel-nacional\\\/#listItem\",\"name\":\"Ley Micaela en medios de comunicaci\\u00f3n a nivel nacional\"},\"previousItem\":{\"@type\":\"ListItem\",\"@id\":\"https:\\\/\\\/comunicadas.com.ar#listItem\",\"name\":\"Inicio\"}},{\"@type\":\"ListItem\",\"@id\":\"https:\\\/\\\/comunicadas.com.ar\\\/index.php\\\/2021\\\/08\\\/24\\\/ley-micaela-en-medios-de-comunicacion-a-nivel-nacional\\\/#listItem\",\"position\":3,\"name\":\"Ley Micaela en medios de comunicaci\\u00f3n a nivel nacional\",\"previousItem\":{\"@type\":\"ListItem\",\"@id\":\"https:\\\/\\\/comunicadas.com.ar\\\/index.php\\\/category\\\/niunamenos\\\/#listItem\",\"name\":\"#NiunaMenos\"}}]},{\"@type\":\"Organization\",\"@id\":\"https:\\\/\\\/comunicadas.com.ar\\\/#organization\",\"name\":\"Comunicadas\",\"url\":\"https:\\\/\\\/comunicadas.com.ar\\\/\",\"logo\":{\"@type\":\"ImageObject\",\"url\":\"http:\\\/\\\/comunicadas.org\\\/wp-content\\\/uploads\\\/2021\\\/06\\\/cropped-whatsapp-image-2020-09-04-at-13.43.53.jpeg\",\"@id\":\"https:\\\/\\\/comunicadas.com.ar\\\/index.php\\\/2021\\\/08\\\/24\\\/ley-micaela-en-medios-de-comunicacion-a-nivel-nacional\\\/#organizationLogo\"},\"image\":{\"@id\":\"https:\\\/\\\/comunicadas.com.ar\\\/index.php\\\/2021\\\/08\\\/24\\\/ley-micaela-en-medios-de-comunicacion-a-nivel-nacional\\\/#organizationLogo\"}},{\"@type\":\"Person\",\"@id\":\"https:\\\/\\\/comunicadas.com.ar\\\/index.php\\\/author\\\/comunicadasorg\\\/#author\",\"url\":\"https:\\\/\\\/comunicadas.com.ar\\\/index.php\\\/author\\\/comunicadasorg\\\/\",\"name\":\"comunicadasorg\",\"image\":{\"@type\":\"ImageObject\",\"@id\":\"https:\\\/\\\/comunicadas.com.ar\\\/index.php\\\/2021\\\/08\\\/24\\\/ley-micaela-en-medios-de-comunicacion-a-nivel-nacional\\\/#authorImage\",\"url\":\"https:\\\/\\\/secure.gravatar.com\\\/avatar\\\/9cb3ab39dff0567ff79b088929c05c64?s=96&d=mm&r=g\",\"width\":96,\"height\":96,\"caption\":\"comunicadasorg\"}},{\"@type\":\"WebPage\",\"@id\":\"https:\\\/\\\/comunicadas.com.ar\\\/index.php\\\/2021\\\/08\\\/24\\\/ley-micaela-en-medios-de-comunicacion-a-nivel-nacional\\\/#webpage\",\"url\":\"https:\\\/\\\/comunicadas.com.ar\\\/index.php\\\/2021\\\/08\\\/24\\\/ley-micaela-en-medios-de-comunicacion-a-nivel-nacional\\\/\",\"name\":\"Ley Micaela en medios de comunicaci\\u00f3n a nivel nacional \\u2022 Comunicadas\",\"description\":\"La prevenci\\u00f3n, sanci\\u00f3n y erradicaci\\u00f3n de las violencias por razones de g\\u00e9nero es uncompromiso de nuestro presente. Esto alcanza a los medios de comunicaci\\u00f3n: sonactores que pueden contribuir con abordajes y tratamientos responsables, evitandola reproducci\\u00f3n de estereotipos que abonan a la violencia estructural que se ejercesobre las mujeres y las identidades disidentes (los tipos y\",\"inLanguage\":\"es-ES\",\"isPartOf\":{\"@id\":\"https:\\\/\\\/comunicadas.com.ar\\\/#website\"},\"breadcrumb\":{\"@id\":\"https:\\\/\\\/comunicadas.com.ar\\\/index.php\\\/2021\\\/08\\\/24\\\/ley-micaela-en-medios-de-comunicacion-a-nivel-nacional\\\/#breadcrumblist\"},\"author\":{\"@id\":\"https:\\\/\\\/comunicadas.com.ar\\\/index.php\\\/author\\\/comunicadasorg\\\/#author\"},\"creator\":{\"@id\":\"https:\\\/\\\/comunicadas.com.ar\\\/index.php\\\/author\\\/comunicadasorg\\\/#author\"},\"image\":{\"@type\":\"ImageObject\",\"url\":\"https:\\\/\\\/comunicadas.com.ar\\\/wp-content\\\/uploads\\\/2021\\\/08\\\/WhatsApp-Image-2021-08-24-at-08.51.38.jpeg\",\"@id\":\"https:\\\/\\\/comunicadas.com.ar\\\/index.php\\\/2021\\\/08\\\/24\\\/ley-micaela-en-medios-de-comunicacion-a-nivel-nacional\\\/#mainImage\",\"width\":1080,\"height\":1080},\"primaryImageOfPage\":{\"@id\":\"https:\\\/\\\/comunicadas.com.ar\\\/index.php\\\/2021\\\/08\\\/24\\\/ley-micaela-en-medios-de-comunicacion-a-nivel-nacional\\\/#mainImage\"},\"datePublished\":\"2021-08-24T13:44:58+00:00\",\"dateModified\":\"2021-08-24T13:45:02+00:00\"},{\"@type\":\"WebSite\",\"@id\":\"https:\\\/\\\/comunicadas.com.ar\\\/#website\",\"url\":\"https:\\\/\\\/comunicadas.com.ar\\\/\",\"name\":\"Comunicadas\",\"inLanguage\":\"es-ES\",\"publisher\":{\"@id\":\"https:\\\/\\\/comunicadas.com.ar\\\/#organization\"}}]}\n\t\t<\/script>\n\t\t<!-- All in One SEO -->\n\n","aioseo_head_json":{"title":"Ley Micaela en medios de comunicaci\u00f3n a nivel nacional \u2022 Comunicadas","description":"La prevenci\u00f3n, sanci\u00f3n y erradicaci\u00f3n de las violencias por razones de g\u00e9nero es uncompromiso de nuestro presente. Esto alcanza a los medios de comunicaci\u00f3n: sonactores que pueden contribuir con abordajes y tratamientos responsables, evitandola reproducci\u00f3n de estereotipos que abonan a la violencia estructural que se ejercesobre las mujeres y las identidades disidentes (los tipos y","canonical_url":"https:\/\/comunicadas.com.ar\/index.php\/2021\/08\/24\/ley-micaela-en-medios-de-comunicacion-a-nivel-nacional\/","robots":"max-image-preview:large","keywords":"","webmasterTools":{"miscellaneous":""},"schema":{"@context":"https:\/\/schema.org","@graph":[{"@type":"BlogPosting","@id":"https:\/\/comunicadas.com.ar\/index.php\/2021\/08\/24\/ley-micaela-en-medios-de-comunicacion-a-nivel-nacional\/#blogposting","name":"Ley Micaela en medios de comunicaci\u00f3n a nivel nacional \u2022 Comunicadas","headline":"Ley Micaela en medios de comunicaci\u00f3n a nivel nacional","author":{"@id":"https:\/\/comunicadas.com.ar\/index.php\/author\/comunicadasorg\/#author"},"publisher":{"@id":"https:\/\/comunicadas.com.ar\/#organization"},"image":{"@type":"ImageObject","url":"https:\/\/comunicadas.com.ar\/wp-content\/uploads\/2021\/08\/WhatsApp-Image-2021-08-24-at-08.51.38.jpeg","width":1080,"height":1080},"datePublished":"2021-08-24T13:44:58+00:00","dateModified":"2021-08-24T13:45:02+00:00","inLanguage":"es-ES","mainEntityOfPage":{"@id":"https:\/\/comunicadas.com.ar\/index.php\/2021\/08\/24\/ley-micaela-en-medios-de-comunicacion-a-nivel-nacional\/#webpage"},"isPartOf":{"@id":"https:\/\/comunicadas.com.ar\/index.php\/2021\/08\/24\/ley-micaela-en-medios-de-comunicacion-a-nivel-nacional\/#webpage"},"articleSection":"#NiunaMenos, Noticias, Opini\u00f3n"},{"@type":"BreadcrumbList","@id":"https:\/\/comunicadas.com.ar\/index.php\/2021\/08\/24\/ley-micaela-en-medios-de-comunicacion-a-nivel-nacional\/#breadcrumblist","itemListElement":[{"@type":"ListItem","@id":"https:\/\/comunicadas.com.ar#listItem","position":1,"name":"Inicio","item":"https:\/\/comunicadas.com.ar","nextItem":{"@type":"ListItem","@id":"https:\/\/comunicadas.com.ar\/index.php\/category\/niunamenos\/#listItem","name":"#NiunaMenos"}},{"@type":"ListItem","@id":"https:\/\/comunicadas.com.ar\/index.php\/category\/niunamenos\/#listItem","position":2,"name":"#NiunaMenos","item":"https:\/\/comunicadas.com.ar\/index.php\/category\/niunamenos\/","nextItem":{"@type":"ListItem","@id":"https:\/\/comunicadas.com.ar\/index.php\/2021\/08\/24\/ley-micaela-en-medios-de-comunicacion-a-nivel-nacional\/#listItem","name":"Ley Micaela en medios de comunicaci\u00f3n a nivel nacional"},"previousItem":{"@type":"ListItem","@id":"https:\/\/comunicadas.com.ar#listItem","name":"Inicio"}},{"@type":"ListItem","@id":"https:\/\/comunicadas.com.ar\/index.php\/2021\/08\/24\/ley-micaela-en-medios-de-comunicacion-a-nivel-nacional\/#listItem","position":3,"name":"Ley Micaela en medios de comunicaci\u00f3n a nivel nacional","previousItem":{"@type":"ListItem","@id":"https:\/\/comunicadas.com.ar\/index.php\/category\/niunamenos\/#listItem","name":"#NiunaMenos"}}]},{"@type":"Organization","@id":"https:\/\/comunicadas.com.ar\/#organization","name":"Comunicadas","url":"https:\/\/comunicadas.com.ar\/","logo":{"@type":"ImageObject","url":"http:\/\/comunicadas.org\/wp-content\/uploads\/2021\/06\/cropped-whatsapp-image-2020-09-04-at-13.43.53.jpeg","@id":"https:\/\/comunicadas.com.ar\/index.php\/2021\/08\/24\/ley-micaela-en-medios-de-comunicacion-a-nivel-nacional\/#organizationLogo"},"image":{"@id":"https:\/\/comunicadas.com.ar\/index.php\/2021\/08\/24\/ley-micaela-en-medios-de-comunicacion-a-nivel-nacional\/#organizationLogo"}},{"@type":"Person","@id":"https:\/\/comunicadas.com.ar\/index.php\/author\/comunicadasorg\/#author","url":"https:\/\/comunicadas.com.ar\/index.php\/author\/comunicadasorg\/","name":"comunicadasorg","image":{"@type":"ImageObject","@id":"https:\/\/comunicadas.com.ar\/index.php\/2021\/08\/24\/ley-micaela-en-medios-de-comunicacion-a-nivel-nacional\/#authorImage","url":"https:\/\/secure.gravatar.com\/avatar\/9cb3ab39dff0567ff79b088929c05c64?s=96&d=mm&r=g","width":96,"height":96,"caption":"comunicadasorg"}},{"@type":"WebPage","@id":"https:\/\/comunicadas.com.ar\/index.php\/2021\/08\/24\/ley-micaela-en-medios-de-comunicacion-a-nivel-nacional\/#webpage","url":"https:\/\/comunicadas.com.ar\/index.php\/2021\/08\/24\/ley-micaela-en-medios-de-comunicacion-a-nivel-nacional\/","name":"Ley Micaela en medios de comunicaci\u00f3n a nivel nacional \u2022 Comunicadas","description":"La prevenci\u00f3n, sanci\u00f3n y erradicaci\u00f3n de las violencias por razones de g\u00e9nero es uncompromiso de nuestro presente. Esto alcanza a los medios de comunicaci\u00f3n: sonactores que pueden contribuir con abordajes y tratamientos responsables, evitandola reproducci\u00f3n de estereotipos que abonan a la violencia estructural que se ejercesobre las mujeres y las identidades disidentes (los tipos y","inLanguage":"es-ES","isPartOf":{"@id":"https:\/\/comunicadas.com.ar\/#website"},"breadcrumb":{"@id":"https:\/\/comunicadas.com.ar\/index.php\/2021\/08\/24\/ley-micaela-en-medios-de-comunicacion-a-nivel-nacional\/#breadcrumblist"},"author":{"@id":"https:\/\/comunicadas.com.ar\/index.php\/author\/comunicadasorg\/#author"},"creator":{"@id":"https:\/\/comunicadas.com.ar\/index.php\/author\/comunicadasorg\/#author"},"image":{"@type":"ImageObject","url":"https:\/\/comunicadas.com.ar\/wp-content\/uploads\/2021\/08\/WhatsApp-Image-2021-08-24-at-08.51.38.jpeg","@id":"https:\/\/comunicadas.com.ar\/index.php\/2021\/08\/24\/ley-micaela-en-medios-de-comunicacion-a-nivel-nacional\/#mainImage","width":1080,"height":1080},"primaryImageOfPage":{"@id":"https:\/\/comunicadas.com.ar\/index.php\/2021\/08\/24\/ley-micaela-en-medios-de-comunicacion-a-nivel-nacional\/#mainImage"},"datePublished":"2021-08-24T13:44:58+00:00","dateModified":"2021-08-24T13:45:02+00:00"},{"@type":"WebSite","@id":"https:\/\/comunicadas.com.ar\/#website","url":"https:\/\/comunicadas.com.ar\/","name":"Comunicadas","inLanguage":"es-ES","publisher":{"@id":"https:\/\/comunicadas.com.ar\/#organization"}}]},"og:locale":"es_ES","og:site_name":"Comunicadas \u2022","og:type":"article","og:title":"Ley Micaela en medios de comunicaci\u00f3n a nivel nacional \u2022 Comunicadas","og:description":"La prevenci\u00f3n, sanci\u00f3n y erradicaci\u00f3n de las violencias por razones de g\u00e9nero es uncompromiso de nuestro presente. Esto alcanza a los medios de comunicaci\u00f3n: sonactores que pueden contribuir con abordajes y tratamientos responsables, evitandola reproducci\u00f3n de estereotipos que abonan a la violencia estructural que se ejercesobre las mujeres y las identidades disidentes (los tipos y","og:url":"https:\/\/comunicadas.com.ar\/index.php\/2021\/08\/24\/ley-micaela-en-medios-de-comunicacion-a-nivel-nacional\/","og:image":"https:\/\/comunicadas.com.ar\/wp-content\/uploads\/2021\/08\/WhatsApp-Image-2021-08-24-at-08.51.38.jpeg","og:image:secure_url":"https:\/\/comunicadas.com.ar\/wp-content\/uploads\/2021\/08\/WhatsApp-Image-2021-08-24-at-08.51.38.jpeg","og:image:width":1080,"og:image:height":1080,"article:published_time":"2021-08-24T13:44:58+00:00","article:modified_time":"2021-08-24T13:45:02+00:00","twitter:card":"summary","twitter:title":"Ley Micaela en medios de comunicaci\u00f3n a nivel nacional \u2022 Comunicadas","twitter:description":"La prevenci\u00f3n, sanci\u00f3n y erradicaci\u00f3n de las violencias por razones de g\u00e9nero es uncompromiso de nuestro presente. Esto alcanza a los medios de comunicaci\u00f3n: sonactores que pueden contribuir con abordajes y tratamientos responsables, evitandola reproducci\u00f3n de estereotipos que abonan a la violencia estructural que se ejercesobre las mujeres y las identidades disidentes (los tipos y","twitter:image":"https:\/\/comunicadas.com.ar\/wp-content\/uploads\/2021\/08\/WhatsApp-Image-2021-08-24-at-08.51.38.jpeg"},"aioseo_meta_data":{"post_id":"6613","title":"#post_title #separator_sa #site_title","description":"#post_excerpt","keywords":[],"keyphrases":{"focus":[],"additional":[]},"primary_term":null,"canonical_url":null,"og_title":null,"og_description":null,"og_object_type":"default","og_image_type":"featured","og_image_url":null,"og_image_width":null,"og_image_height":null,"og_image_custom_url":null,"og_image_custom_fields":null,"og_video":"","og_custom_url":null,"og_article_section":null,"og_article_tags":[],"twitter_use_og":false,"twitter_card":"default","twitter_image_type":"default","twitter_image_url":null,"twitter_image_custom_url":null,"twitter_image_custom_fields":null,"twitter_title":null,"twitter_description":null,"schema":{"blockGraphs":[],"customGraphs":[],"default":{"data":{"Article":{"id":"#aioseo-article-6719b9ee68737","slug":"article","graphName":"Article","label":"Art\u00edculo","properties":{"type":"BlogPosting","name":"#post_title","headline":"#post_title","description":"#post_excerpt","image":"","keywords":"","author":{"name":"#author_name","url":"#author_url"},"dates":{"include":true,"datePublished":"","dateModified":""}}},"Course":[],"Dataset":[],"FAQPage":[],"Movie":[],"Person":[],"Product":[],"ProductReview":[],"Car":[],"Recipe":[],"Service":[],"SoftwareApplication":[],"WebPage":[]},"graphName":"Article","isEnabled":true},"graphs":[]},"schema_type":"default","schema_type_options":"{\"article\":{\"articleType\":\"BlogPosting\"},\"course\":{\"name\":\"\",\"description\":\"\",\"provider\":\"\"},\"faq\":{\"pages\":[]},\"product\":{\"reviews\":[]},\"recipe\":{\"ingredients\":[],\"instructions\":[],\"keywords\":[]},\"software\":{\"reviews\":[],\"operatingSystems\":[]},\"webPage\":{\"webPageType\":\"WebPage\"}}","pillar_content":false,"robots_default":true,"robots_noindex":false,"robots_noarchive":false,"robots_nosnippet":false,"robots_nofollow":false,"robots_noimageindex":false,"robots_noodp":false,"robots_notranslate":false,"robots_max_snippet":"-1","robots_max_videopreview":"-1","robots_max_imagepreview":"large","priority":null,"frequency":"default","local_seo":{"locations":{"business":{"name":"","businessType":"","image":"","areaServed":"","urls":{"website":"","aboutPage":"","contactPage":""},"address":{"streetLine1":"","streetLine2":"","zipCode":"","city":"","state":"","country":"","addressFormat":"#streetLineOne\n#streetLineTwo\n#city, #state #zipCode"},"contact":{"email":"","phone":"","phoneFormatted":"","fax":"","faxFormatted":""},"ids":{"vat":"","tax":"","chamberOfCommerce":""},"payment":{"priceRange":"","currenciesAccepted":"","methods":""}}},"openingHours":{"useDefaults":true,"show":true,"alwaysOpen":false,"use24hFormat":false,"timezone":"","labels":{"closed":"","alwaysOpen":""},"days":{"monday":{"open24h":false,"closed":false,"openTime":"09:00","closeTime":"17:00"},"tuesday":{"open24h":false,"closed":false,"openTime":"09:00","closeTime":"17:00"},"wednesday":{"open24h":false,"closed":false,"openTime":"09:00","closeTime":"17:00"},"thursday":{"open24h":false,"closed":false,"openTime":"09:00","closeTime":"17:00"},"friday":{"open24h":false,"closed":false,"openTime":"09:00","closeTime":"17:00"},"saturday":{"open24h":false,"closed":false,"openTime":"09:00","closeTime":"17:00"},"sunday":{"open24h":false,"closed":false,"openTime":"09:00","closeTime":"17:00"}}}},"breadcrumb_settings":null,"limit_modified_date":false,"ai":null,"created":"2021-08-24 13:45:02","updated":"2025-06-12 01:03:41","seo_analyzer_scan_date":null,"focus_keyword":null,"additional_keywords":null,"truseo_locale":null},"jetpack_featured_media_url":"https:\/\/comunicadas.com.ar\/wp-content\/uploads\/2021\/08\/WhatsApp-Image-2021-08-24-at-08.51.38.jpeg","jetpack_sharing_enabled":true,"jetpack_likes_enabled":true,"_links":{"self":[{"href":"https:\/\/comunicadas.com.ar\/index.php\/wp-json\/wp\/v2\/posts\/6613"}],"collection":[{"href":"https:\/\/comunicadas.com.ar\/index.php\/wp-json\/wp\/v2\/posts"}],"about":[{"href":"https:\/\/comunicadas.com.ar\/index.php\/wp-json\/wp\/v2\/types\/post"}],"author":[{"embeddable":true,"href":"https:\/\/comunicadas.com.ar\/index.php\/wp-json\/wp\/v2\/users\/1"}],"replies":[{"embeddable":true,"href":"https:\/\/comunicadas.com.ar\/index.php\/wp-json\/wp\/v2\/comments?post=6613"}],"version-history":[{"count":1,"href":"https:\/\/comunicadas.com.ar\/index.php\/wp-json\/wp\/v2\/posts\/6613\/revisions"}],"predecessor-version":[{"id":6615,"href":"https:\/\/comunicadas.com.ar\/index.php\/wp-json\/wp\/v2\/posts\/6613\/revisions\/6615"}],"wp:featuredmedia":[{"embeddable":true,"href":"https:\/\/comunicadas.com.ar\/index.php\/wp-json\/wp\/v2\/media\/6614"}],"wp:attachment":[{"href":"https:\/\/comunicadas.com.ar\/index.php\/wp-json\/wp\/v2\/media?parent=6613"}],"wp:term":[{"taxonomy":"category","embeddable":true,"href":"https:\/\/comunicadas.com.ar\/index.php\/wp-json\/wp\/v2\/categories?post=6613"},{"taxonomy":"post_tag","embeddable":true,"href":"https:\/\/comunicadas.com.ar\/index.php\/wp-json\/wp\/v2\/tags?post=6613"}],"curies":[{"name":"wp","href":"https:\/\/api.w.org\/{rel}","templated":true}]}}