{"id":4912,"date":"2021-06-03T09:00:00","date_gmt":"2021-06-03T12:00:00","guid":{"rendered":"https:\/\/comunicadas.org\/?p=4912"},"modified":"2021-06-03T09:00:00","modified_gmt":"2021-06-03T12:00:00","slug":"una-deuda-que-se-paga-con-nuestra-vida","status":"publish","type":"post","link":"https:\/\/comunicadas.com.ar\/index.php\/2021\/06\/03\/una-deuda-que-se-paga-con-nuestra-vida\/","title":{"rendered":"Una deuda que se paga con nuestra vida"},"content":{"rendered":"\n<h5 class=\"wp-block-heading\">Por: Micaela Ferraro*<\/h5>\n\n\n\n<h4 class=\"wp-block-heading\">Aunque no somos les mismes desde aquel primer grito de NI UNA MENOS, la protecci\u00f3n de las mujeres y disidencias sigue siendo una deuda.<\/h4>\n\n\n\n<p><strong>Hace siete a\u00f1os sabemos que estamos juntes y somos m\u00e1s fuertes, pero tambi\u00e9n sabemos que eso no nos pone a salvo. <\/strong>La resistencia del sistema patriarcal hacia la organizaci\u00f3n y nuestro deseo de vivir libremente sigue atentando contra nuestros derechos y vida. Esta resistencia al cambio cultural y social sigue siendo parte la historia, en la que contamos m\u00e1s y m\u00e1s muertas.<\/p>\n\n\n\n<p>No importa que seamos presidentas, empresarias, las que traemos las vacunas para todo el pa\u00eds o las que sostenemos los hogares y la econom\u00eda con nuestra fuerza de trabajo no reconocida. Somos ciudadanas de segunda. El adoctrinamiento persiste, la resistencia a nuestra libertad est\u00e1 presente en cada paso que damos. <strong>Toda nuestra vida est\u00e1 regada de violencias, desde que nacemos mujeres o cuando decidimos sobre nuestra identidad y quienes queremos ser.<\/strong><\/p>\n\n\n\n<figure class=\"wp-block-image size-large\"><img loading=\"lazy\" decoding=\"async\" width=\"960\" height=\"1280\" src=\"http:\/\/comunicadas.com.ar\/wp-content\/uploads\/2021\/06\/whatsapp-image-2021-06-02-at-18.00.40-1.jpeg?w=768\" alt=\"\" class=\"wp-image-4915\" srcset=\"https:\/\/comunicadas.com.ar\/wp-content\/uploads\/2021\/06\/whatsapp-image-2021-06-02-at-18.00.40-1.jpeg 960w, https:\/\/comunicadas.com.ar\/wp-content\/uploads\/2021\/06\/whatsapp-image-2021-06-02-at-18.00.40-1-225x300.jpeg 225w, https:\/\/comunicadas.com.ar\/wp-content\/uploads\/2021\/06\/whatsapp-image-2021-06-02-at-18.00.40-1-768x1024.jpeg 768w\" sizes=\"(max-width: 960px) 100vw, 960px\" \/><figcaption>Micaela Ferraro<\/figcaption><\/figure>\n\n\n\n<p><strong>Ante la violencia, nos organizamos.<\/strong> En los barrios, en el Congreso, que todos sepan que nos est\u00e1n matando. <strong>Estamos construyendo un gobierno feminista, con un Ministerio que recoge las demandas de las calles y las hace realidad en programas y pol\u00edticas de gobierno para asistir y prevenir<\/strong>. Pero sabemos que esa resistencia da batalla y trabaja fuertemente para que la desigualdad que nos oprime siga ah\u00ed, en cada paso.<\/p>\n\n\n\n<p><strong>Sabemos que, para terminar con la violencia de g\u00e9nero, se necesita tomar la decisi\u00f3n y ponerle el cuerpo a esa batalla.<\/strong> Y es ah\u00ed donde nos debemos involucrar todes. Nunca m\u00e1s mirar para otro lado. Tenemos que desnaturalizar la violencia, y hacerlo en cada paso: condenando cada una de esas peque\u00f1as violencias que sistem\u00e1ticamente nos golpean hasta matarnos.<\/p>\n\n\n\n<p>Es un proceso lento pero urgente, en donde se nos va la vida. Y nadie puede escapar del cambio necesario, nos alcanza a todes y de todes depende. <strong>Ni una Menos ser\u00e1 real el d\u00eda que todes rechacemos cualquier tipo de violencia, en cada paso, por m\u00e1s m\u00ednima que sea. Mientras tanto, nos mata el patriarcado y salimos en los diarios.<\/strong><\/p>\n\n\n\n<p>*Subsecretaria de Inclusi\u00f3n e Integraci\u00f3n Social del Ministerio de Desarrollo Social de la Naci\u00f3n, concejala del FR Frente de Todos en Tigre.<\/p>\n","protected":false},"excerpt":{"rendered":"<p>Por: Micaela Ferraro* Aunque no somos les mismes desde aquel primer grito de NI UNA MENOS, la protecci\u00f3n de las mujeres y disidencias sigue siendo una deuda. Hace siete a\u00f1os sabemos que estamos juntes y somos m\u00e1s fuertes, pero tambi\u00e9n sabemos que eso no nos pone a salvo. La resistencia del sistema patriarcal hacia la [&hellip;]<\/p>\n","protected":false},"author":1,"featured_media":4942,"comment_status":"open","ping_status":"open","sticky":false,"template":"","format":"standard","meta":{"inline_featured_image":false,"_monsterinsights_skip_tracking":false,"_monsterinsights_sitenote_active":false,"_monsterinsights_sitenote_note":"","_monsterinsights_sitenote_category":0,"lzb_camalote_bajada":"","lzb_camalote_fotogalerias_repeater":"","lzb_camalote_fotogalerias_desc":"","lzb_camalote_fotogalerias_autorxs":"%5B%5D","lzb_camalote_post_imagen_destacada":"","lzb_camalote_post_imagen_destacada_fotografx":"","lzb_camalote_post_imagen_destacada_fotografx_url":"","_jetpack_memberships_contains_paid_content":false,"footnotes":""},"categories":[1],"tags":[],"class_list":["post-4912","post","type-post","status-publish","format-standard","has-post-thumbnail","hentry","category-sin-categoria"],"aioseo_notices":[],"jetpack_featured_media_url":"https:\/\/comunicadas.com.ar\/wp-content\/uploads\/2021\/06\/diseno-sin-titulo-3-1.jpg","jetpack_sharing_enabled":true,"jetpack_likes_enabled":true,"_links":{"self":[{"href":"https:\/\/comunicadas.com.ar\/index.php\/wp-json\/wp\/v2\/posts\/4912"}],"collection":[{"href":"https:\/\/comunicadas.com.ar\/index.php\/wp-json\/wp\/v2\/posts"}],"about":[{"href":"https:\/\/comunicadas.com.ar\/index.php\/wp-json\/wp\/v2\/types\/post"}],"author":[{"embeddable":true,"href":"https:\/\/comunicadas.com.ar\/index.php\/wp-json\/wp\/v2\/users\/1"}],"replies":[{"embeddable":true,"href":"https:\/\/comunicadas.com.ar\/index.php\/wp-json\/wp\/v2\/comments?post=4912"}],"version-history":[{"count":0,"href":"https:\/\/comunicadas.com.ar\/index.php\/wp-json\/wp\/v2\/posts\/4912\/revisions"}],"wp:featuredmedia":[{"embeddable":true,"href":"https:\/\/comunicadas.com.ar\/index.php\/wp-json\/wp\/v2\/media\/4942"}],"wp:attachment":[{"href":"https:\/\/comunicadas.com.ar\/index.php\/wp-json\/wp\/v2\/media?parent=4912"}],"wp:term":[{"taxonomy":"category","embeddable":true,"href":"https:\/\/comunicadas.com.ar\/index.php\/wp-json\/wp\/v2\/categories?post=4912"},{"taxonomy":"post_tag","embeddable":true,"href":"https:\/\/comunicadas.com.ar\/index.php\/wp-json\/wp\/v2\/tags?post=4912"}],"curies":[{"name":"wp","href":"https:\/\/api.w.org\/{rel}","templated":true}]}}