{"id":4908,"date":"2021-06-03T09:00:00","date_gmt":"2021-06-03T12:00:00","guid":{"rendered":"https:\/\/comunicadas.org\/?p=4908"},"modified":"2021-06-03T09:00:00","modified_gmt":"2021-06-03T12:00:00","slug":"ni-una-menos-un-compromiso-diario","status":"publish","type":"post","link":"https:\/\/comunicadas.com.ar\/index.php\/2021\/06\/03\/ni-una-menos-un-compromiso-diario\/","title":{"rendered":"Ni una menos, un compromiso diario"},"content":{"rendered":"\n<h5 class=\"wp-block-heading\">Por: Luc\u00eda Garc\u00eda Itzigsohn*<\/h5>\n\n\n\n<p><strong>Ni Una Menos fue una frase en twitter, alg\u00fan d\u00eda de marzo del 2015, cuando supimos que Chiara P\u00e1ez hab\u00eda sido encontrada, v\u00edctima de femicidio. Fue una angustia, un temblor, una rabia.<\/strong> Hubo poemas en la Biblioteca Nacional y una convocatoria a movilizar el 3 de junio. Vestirse de negro propusieron algunas, usar el hashtag y salir en todas las plazas del pa\u00eds.<\/p>\n\n\n\n<p><strong>La manifestaci\u00f3n nos sorprendi\u00f3 a todas<\/strong>. Plazas repletas de mujeres con carteles caseros, de organizaciones interviniendo las calles, coreograf\u00edas, pelucas, murales. <strong>Im\u00e1genes de mujeres, pibas y sus historias en breves l\u00edneas. Chicas muertas, dir\u00eda Selva Almada. <\/strong>Historias de vidas colectivas, de dolores, ausencias y de injusticias.<\/p>\n\n\n\n<p><strong>La violencia de g\u00e9nero, aquel 3 de junio, irrumpi\u00f3 en la escena pol\u00edtica<\/strong>. Salimos a las calles en un duelo compartido, para algunas con nombres propios de amigas, madres, hijas, t\u00edas, hermanas, vecinas. Para otras las experiencias de violencias m\u00faltiples que resuenan en los cuerpos.<\/p>\n\n\n\n<p>Ese d\u00eda, hace seis a\u00f1os, como aprendimos de las Madres y las Abuelas de Plaza de Mayo, salimos a las calles, pusimos el cuerpo en el espacio p\u00fablico para decir ac\u00e1 estamos y esto que pasa es pol\u00edtico. <strong>Las violencias por razones de g\u00e9nero no son un asunto privado, son un problema social, son una cuesti\u00f3n de todas, todos y todes.<\/strong><\/p>\n\n\n\n<figure class=\"wp-block-image size-large\"><img loading=\"lazy\" decoding=\"async\" width=\"663\" height=\"500\" src=\"http:\/\/comunicadas.com.ar\/wp-content\/uploads\/2021\/06\/whatsapp-image-2021-06-02-at-21.31.38-1.jpeg?w=663\" alt=\"\" class=\"wp-image-4910\" srcset=\"https:\/\/comunicadas.com.ar\/wp-content\/uploads\/2021\/06\/whatsapp-image-2021-06-02-at-21.31.38-1.jpeg 663w, https:\/\/comunicadas.com.ar\/wp-content\/uploads\/2021\/06\/whatsapp-image-2021-06-02-at-21.31.38-1-300x226.jpeg 300w\" sizes=\"(max-width: 663px) 100vw, 663px\" \/><figcaption>Luc\u00eda Garc\u00eda Itzigsohn<\/figcaption><\/figure>\n\n\n\n<p>Pasaron a\u00f1os, y Ni Una Menos, hasta llegar a este 2021 que nos encuentra en pandemia, sin posibilidad de encontrarnos en el abrazo, cuerpo a cuerpo, en la presencialidad tan deseada. U<strong>n 2021 que nos encuentra, tambi\u00e9n, con los Ministerios de las Mujeres en plena construcci\u00f3n. En la Naci\u00f3n, en la Provincia de Buenos Aires, el m\u00e1s reciente en Santa Fe y el pionero en C\u00f3rdoba.<\/strong><\/p>\n\n\n\n<p>Quienes nos sabemos parte de estos trayectos colectivos, que nacen all\u00e1 con las sufragistas, crecen de la mano de Evita con el voto femenino, se expanden en los encuentros nacionales de mujeres, hoy de plurinacionales de lesbianas, travestis y trans, la marea verde que conquist\u00f3 el derecho de la soberan\u00eda de nuestros cuerpos, <strong>ahora tenemos el desaf\u00edo de construir institucionalidad feminista.<\/strong><\/p>\n\n\n\n<p>Seis a\u00f1os en la historia de los pueblos es un tiempo breve. En nuestras biograf\u00edas, es un tiempo \u00fanico en el que logramos politizar la m\u00e1s cruel de las desigualdades: la violencia de g\u00e9nero. <strong>Ni Una Menos es un compromiso diario, el de construir pol\u00edticas p\u00fablicas que nos mejoren la vida, que nos dignifiquen, que nos den autonom\u00eda y que nos hagan mujeres, mejores.<\/strong><\/p>\n\n\n\n<p>*Directora Provincial de Planificaci\u00f3n y Gesti\u00f3n Comunicacional del Ministerio de las Mujeres, Pol\u00edticas de G\u00e9nero y Diversidad Sexual de la Provincia de Buenos Aires.<\/p>\n","protected":false},"excerpt":{"rendered":"<p>Por: Luc\u00eda Garc\u00eda Itzigsohn* Ni Una Menos fue una frase en twitter, alg\u00fan d\u00eda de marzo del 2015, cuando supimos que Chiara P\u00e1ez hab\u00eda sido encontrada, v\u00edctima de femicidio. Fue una angustia, un temblor, una rabia. Hubo poemas en la Biblioteca Nacional y una convocatoria a movilizar el 3 de junio. Vestirse de negro propusieron [&hellip;]<\/p>\n","protected":false},"author":1,"featured_media":4939,"comment_status":"open","ping_status":"open","sticky":false,"template":"","format":"standard","meta":{"inline_featured_image":false,"_monsterinsights_skip_tracking":false,"_monsterinsights_sitenote_active":false,"_monsterinsights_sitenote_note":"","_monsterinsights_sitenote_category":0,"lzb_camalote_bajada":"","lzb_camalote_fotogalerias_repeater":"","lzb_camalote_fotogalerias_desc":"","lzb_camalote_fotogalerias_autorxs":"%5B%5D","lzb_camalote_post_imagen_destacada":"","lzb_camalote_post_imagen_destacada_fotografx":"","lzb_camalote_post_imagen_destacada_fotografx_url":"","_jetpack_memberships_contains_paid_content":false,"footnotes":""},"categories":[2,20],"tags":[],"class_list":["post-4908","post","type-post","status-publish","format-standard","has-post-thumbnail","hentry","category-niunamenos","category-opinion"],"aioseo_notices":[],"jetpack_featured_media_url":"https:\/\/comunicadas.com.ar\/wp-content\/uploads\/2021\/06\/diseno-sin-titulo-1-1.jpg","jetpack_sharing_enabled":true,"jetpack_likes_enabled":true,"_links":{"self":[{"href":"https:\/\/comunicadas.com.ar\/index.php\/wp-json\/wp\/v2\/posts\/4908"}],"collection":[{"href":"https:\/\/comunicadas.com.ar\/index.php\/wp-json\/wp\/v2\/posts"}],"about":[{"href":"https:\/\/comunicadas.com.ar\/index.php\/wp-json\/wp\/v2\/types\/post"}],"author":[{"embeddable":true,"href":"https:\/\/comunicadas.com.ar\/index.php\/wp-json\/wp\/v2\/users\/1"}],"replies":[{"embeddable":true,"href":"https:\/\/comunicadas.com.ar\/index.php\/wp-json\/wp\/v2\/comments?post=4908"}],"version-history":[{"count":0,"href":"https:\/\/comunicadas.com.ar\/index.php\/wp-json\/wp\/v2\/posts\/4908\/revisions"}],"wp:featuredmedia":[{"embeddable":true,"href":"https:\/\/comunicadas.com.ar\/index.php\/wp-json\/wp\/v2\/media\/4939"}],"wp:attachment":[{"href":"https:\/\/comunicadas.com.ar\/index.php\/wp-json\/wp\/v2\/media?parent=4908"}],"wp:term":[{"taxonomy":"category","embeddable":true,"href":"https:\/\/comunicadas.com.ar\/index.php\/wp-json\/wp\/v2\/categories?post=4908"},{"taxonomy":"post_tag","embeddable":true,"href":"https:\/\/comunicadas.com.ar\/index.php\/wp-json\/wp\/v2\/tags?post=4908"}],"curies":[{"name":"wp","href":"https:\/\/api.w.org\/{rel}","templated":true}]}}