{"id":4887,"date":"2021-05-28T14:35:45","date_gmt":"2021-05-28T17:35:45","guid":{"rendered":"https:\/\/comunicadas.org\/?p=4887"},"modified":"2021-05-28T14:35:45","modified_gmt":"2021-05-28T17:35:45","slug":"28m-dia-mundial-de-la-higiene-menstrual-se-lanzo-la-red-menstruar","status":"publish","type":"post","link":"https:\/\/comunicadas.com.ar\/index.php\/2021\/05\/28\/28m-dia-mundial-de-la-higiene-menstrual-se-lanzo-la-red-menstruar\/","title":{"rendered":"28M D\u00eda mundial de la higiene menstrual: Se lanz\u00f3 la Red Menstruar"},"content":{"rendered":"\n<p>Red Menstruar es un <strong>espacio de articulaci\u00f3n entre productoras y productores de art\u00edculos de gesti\u00f3n menstrual ecosustentables<\/strong>,<strong> promotores territoriales para la erradicaci\u00f3n de la violencia de g\u00e9nero y contra todo tipo de discriminaci\u00f3n y militantes feministas. <\/strong><\/p>\n\n\n\n<div class=\"wp-block-image\"><figure class=\"aligncenter size-large is-resized\"><img loading=\"lazy\" decoding=\"async\" src=\"http:\/\/comunicadas.com.ar\/wp-content\/uploads\/2021\/05\/whatsapp-image-2021-05-22-at-5.49.51-pm-1.jpeg?w=1024\" alt=\"\" class=\"wp-image-4889\" width=\"382\" height=\"382\" srcset=\"https:\/\/comunicadas.com.ar\/wp-content\/uploads\/2021\/05\/whatsapp-image-2021-05-22-at-5.49.51-pm-1.jpeg 1080w, https:\/\/comunicadas.com.ar\/wp-content\/uploads\/2021\/05\/whatsapp-image-2021-05-22-at-5.49.51-pm-1-300x300.jpeg 300w, https:\/\/comunicadas.com.ar\/wp-content\/uploads\/2021\/05\/whatsapp-image-2021-05-22-at-5.49.51-pm-1-1024x1024.jpeg 1024w, https:\/\/comunicadas.com.ar\/wp-content\/uploads\/2021\/05\/whatsapp-image-2021-05-22-at-5.49.51-pm-1-150x150.jpeg 150w, https:\/\/comunicadas.com.ar\/wp-content\/uploads\/2021\/05\/whatsapp-image-2021-05-22-at-5.49.51-pm-1-768x768.jpeg 768w, https:\/\/comunicadas.com.ar\/wp-content\/uploads\/2021\/05\/whatsapp-image-2021-05-22-at-5.49.51-pm-1-90x90.jpeg 90w\" sizes=\"(max-width: 382px) 100vw, 382px\" \/><\/figure><\/div>\n\n\n\n<p>Desde Red Menstruar indican que, <em>\"a trav\u00e9s del acceso a la informaci\u00f3n y la diversidad de productos para gestionar la menstruaci\u00f3n, <strong>buscamos generar pr\u00e1cticas amigables con el ambiente, promover la salud sexual integral y fortalecer, al mismo tiempo, la autonom\u00eda econ\u00f3mica de las compa\u00f1eras<\/strong> que se organizan actualmente en cooperativas de trabajo feministas\".<\/em><\/p>\n\n\n\n<p><br><em>\u201cHablar de menstruaci\u00f3n es hablar de desigualdad social y econ\u00f3mica que transitamos las personas menstruantes en el acceso de los productos, en los costos, en los modos de producci\u00f3n, en el impacto que genera sobre nuestras cuerpas y en el medio ambiente. Es por eso que, la red tiene por objetivo fortalecer visibilizar y erradicar dichas desigualdades, fortalecer las unidades productivas generando valor agregado y el reconocimiento y visibilizaci\u00f3n de las trabajadoras de la econom\u00eda popular que se organizan para su independencia econ\u00f3mica y como sustento de ingreso familiar. Al mismo tiempo, sabemos que <strong>menstruar es pol\u00edtico<\/strong> es por eso que tambi\u00e9n se constituye como un espacio para pensar pol\u00edticas p\u00fablicas al respecto en articulaci\u00f3n<strong> <\/strong>con el Estado como as\u00ed tambi\u00e9n que se puedan constituir a largo plazo como proveedoras del Estado de productos de gesti\u00f3n menstrual para la distribuci\u00f3n gratuita en el territorio\u201d<\/em>, coment\u00f3 a <strong>Comunicadas<\/strong>, la coordinadora nacional de Red Menstruar, Majo Poncino.<\/p>\n\n\n\n<p>Posterior al D\u00eda&nbsp;Internacional de la&nbsp;Higiene Menstrual, <strong>Red Menstruar<\/strong> realizar\u00e1 durante el<strong> s\u00e1bado 29<\/strong>, el foro <em>\"Gesti\u00f3n menstrual feminista\"<\/em> donde se abordar\u00e1n los temas: Salud y Medio Ambiente; Desigualdad social y econ\u00f3mica; Producci\u00f3n y trabajo. El foro contar\u00e1 con las exposiciones de Checha Merch\u00e1n, Luc\u00eda Portos, Juliana Di Tullio, Araceli Ferreyra y la economista Mercedes D\u00b4Alessandro, entre otras. <\/p>\n\n\n\n<div class=\"wp-block-image\"><figure class=\"aligncenter size-large is-resized\"><img loading=\"lazy\" decoding=\"async\" src=\"http:\/\/comunicadas.com.ar\/wp-content\/uploads\/2021\/05\/whatsapp-image-2021-05-26-at-7.04.42-pm-1-1.jpeg?w=1024\" alt=\"\" class=\"wp-image-4891\" width=\"443\" height=\"440\" srcset=\"https:\/\/comunicadas.com.ar\/wp-content\/uploads\/2021\/05\/whatsapp-image-2021-05-26-at-7.04.42-pm-1-1.jpeg 1080w, https:\/\/comunicadas.com.ar\/wp-content\/uploads\/2021\/05\/whatsapp-image-2021-05-26-at-7.04.42-pm-1-1-300x298.jpeg 300w, https:\/\/comunicadas.com.ar\/wp-content\/uploads\/2021\/05\/whatsapp-image-2021-05-26-at-7.04.42-pm-1-1-1024x1018.jpeg 1024w, https:\/\/comunicadas.com.ar\/wp-content\/uploads\/2021\/05\/whatsapp-image-2021-05-26-at-7.04.42-pm-1-1-150x150.jpeg 150w, https:\/\/comunicadas.com.ar\/wp-content\/uploads\/2021\/05\/whatsapp-image-2021-05-26-at-7.04.42-pm-1-1-768x764.jpeg 768w, https:\/\/comunicadas.com.ar\/wp-content\/uploads\/2021\/05\/whatsapp-image-2021-05-26-at-7.04.42-pm-1-1-90x90.jpeg 90w\" sizes=\"(max-width: 443px) 100vw, 443px\" \/><\/figure><\/div>\n","protected":false},"excerpt":{"rendered":"<p>Red Menstruar es un espacio de articulaci\u00f3n entre productoras y productores de art\u00edculos de gesti\u00f3n menstrual ecosustentables, promotores territoriales para la erradicaci\u00f3n de la violencia de g\u00e9nero y contra todo tipo de discriminaci\u00f3n y militantes feministas. Desde Red Menstruar indican que, \"a trav\u00e9s del acceso a la informaci\u00f3n y la diversidad de productos para gestionar [&hellip;]<\/p>\n","protected":false},"author":1,"featured_media":4893,"comment_status":"open","ping_status":"open","sticky":false,"template":"","format":"standard","meta":{"inline_featured_image":false,"_monsterinsights_skip_tracking":false,"_monsterinsights_sitenote_active":false,"_monsterinsights_sitenote_note":"","_monsterinsights_sitenote_category":0,"lzb_camalote_bajada":"","lzb_camalote_fotogalerias_repeater":"","lzb_camalote_fotogalerias_desc":"","lzb_camalote_fotogalerias_autorxs":"%5B%5D","lzb_camalote_post_imagen_destacada":"","lzb_camalote_post_imagen_destacada_fotografx":"","lzb_camalote_post_imagen_destacada_fotografx_url":"","_jetpack_memberships_contains_paid_content":false,"footnotes":""},"categories":[1],"tags":[],"class_list":["post-4887","post","type-post","status-publish","format-standard","has-post-thumbnail","hentry","category-sin-categoria"],"aioseo_notices":[],"jetpack_featured_media_url":"https:\/\/comunicadas.com.ar\/wp-content\/uploads\/2021\/05\/whatsapp-image-2021-05-22-at-5.54.34-pm-1.jpeg","jetpack_sharing_enabled":true,"jetpack_likes_enabled":true,"_links":{"self":[{"href":"https:\/\/comunicadas.com.ar\/index.php\/wp-json\/wp\/v2\/posts\/4887"}],"collection":[{"href":"https:\/\/comunicadas.com.ar\/index.php\/wp-json\/wp\/v2\/posts"}],"about":[{"href":"https:\/\/comunicadas.com.ar\/index.php\/wp-json\/wp\/v2\/types\/post"}],"author":[{"embeddable":true,"href":"https:\/\/comunicadas.com.ar\/index.php\/wp-json\/wp\/v2\/users\/1"}],"replies":[{"embeddable":true,"href":"https:\/\/comunicadas.com.ar\/index.php\/wp-json\/wp\/v2\/comments?post=4887"}],"version-history":[{"count":0,"href":"https:\/\/comunicadas.com.ar\/index.php\/wp-json\/wp\/v2\/posts\/4887\/revisions"}],"wp:featuredmedia":[{"embeddable":true,"href":"https:\/\/comunicadas.com.ar\/index.php\/wp-json\/wp\/v2\/media\/4893"}],"wp:attachment":[{"href":"https:\/\/comunicadas.com.ar\/index.php\/wp-json\/wp\/v2\/media?parent=4887"}],"wp:term":[{"taxonomy":"category","embeddable":true,"href":"https:\/\/comunicadas.com.ar\/index.php\/wp-json\/wp\/v2\/categories?post=4887"},{"taxonomy":"post_tag","embeddable":true,"href":"https:\/\/comunicadas.com.ar\/index.php\/wp-json\/wp\/v2\/tags?post=4887"}],"curies":[{"name":"wp","href":"https:\/\/api.w.org\/{rel}","templated":true}]}}