{"id":4857,"date":"2021-05-18T06:00:00","date_gmt":"2021-05-18T09:00:00","guid":{"rendered":"https:\/\/comunicadas.org\/?p=4857"},"modified":"2021-05-18T06:00:00","modified_gmt":"2021-05-18T09:00:00","slug":"el-parto-respetado-es-un-derecho","status":"publish","type":"post","link":"https:\/\/comunicadas.com.ar\/index.php\/2021\/05\/18\/el-parto-respetado-es-un-derecho\/","title":{"rendered":"El Parto Respetado es un derecho"},"content":{"rendered":"\n<p>La Semana Mundial del Parto Respetado tiene como objetivo generar conciencia para que se respeten los derechos de las personas gestantes y su reci\u00e9n nacidx. El parto respetado o humanizado garantiza la soberan\u00eda de las personas gestantes sobre sus cuerpos para que puedan decidir c\u00f3mo, d\u00f3nde y con qui\u00e9n parir. La mayor\u00eda de ellasque&nbsp; desean y quieren tener un trabajo de parto y parto fisiol\u00f3gicopueden ser parte en la toma de decisiones, incluso si \u00e9stas requieren o desean intervenciones m\u00e9dicas.<\/p>\n\n\n\n<figure class=\"wp-block-embed is-type-rich is-provider-twitter wp-block-embed-twitter\"><div class=\"wp-block-embed__wrapper\">\nhttps:\/\/twitter.com\/msalnacion\/status\/1394685267815116801\n<\/div><\/figure>\n\n\n\n<p><strong>\u00bfConoc\u00e9s tus derechos y lxs de tu hijx durante el proceso de nacimiento?<\/strong><\/p>\n\n\n\n<p>El empoderamiento lo logramos con informaci\u00f3n. Este proceso se enmarca en la Ley 25.929 de parto humanizado que fue aprobado en 2004 pero reglamentada en 2015 y que pone en relieve el derecho de toda persona gestante a elegir poder parir con conocimientos y preparaci\u00f3n.&nbsp;<\/p>\n\n\n\n<p><strong>Para las personas gestantes contempla los siguientes derechos y son en relaci\u00f3n al embarazo, el trabajo de parto, el parto y el postparto:&nbsp;<\/strong><\/p>\n\n\n\n<ul class=\"wp-block-list\"><li>Ser informadx sobre las distintas intervenciones m\u00e9dicas de manera que pueda optar libremente, de haber, otras alternativas\u2063<\/li><\/ul>\n\n\n\n<ul class=\"wp-block-list\"><li>Ser tratadx con respeto, de modo individual y personalizado que le garantice intimidad, en consideraci\u00f3n de sus pautas culturales.<\/li><\/ul>\n\n\n\n<ul class=\"wp-block-list\"><li>Ser consideradx como persona sana\u2063<\/li><\/ul>\n\n\n\n<ul class=\"wp-block-list\"><li>Al parto natural, debe ser respetuoso de los tiempos biol\u00f3gicos y psicol\u00f3gicos, evitando pr\u00e1cticas invasivas y suministro de medicaci\u00f3n no justificados\u2063<\/li><\/ul>\n\n\n\n<ul class=\"wp-block-list\"><li>Recibir informaci\u00f3n sobre la evoluci\u00f3n de su parto\u2063<\/li><\/ul>\n\n\n\n<ul class=\"wp-block-list\"><li>No ser sometidx a ning\u00fan examen o intervenci\u00f3n cuyo prop\u00f3sito sea de investigaci\u00f3n, salvo que esto sea con consentimiento informado\u2063<\/li><\/ul>\n\n\n\n<ul class=\"wp-block-list\"><li>Estar acompa\u00f1adx por una persona de confianza y elecci\u00f3n durante todo el proceso, que incluye el trabajo de parto, parto y postparto\u2063<\/li><\/ul>\n\n\n\n<ul class=\"wp-block-list\"><li>Tener a su lado a su hijx, a menos que la persona reci\u00e9n nacida lo requiera\u2063<\/li><\/ul>\n\n\n\n<ul class=\"wp-block-list\"><li>Recibir informaci\u00f3n sobre los beneficios de la lactancia materna y apoyo para amamantar.<\/li><\/ul>\n\n\n\n<ul class=\"wp-block-list\"><li>Recibir asesoramiento sobre los cuidados de s\u00ed misma y de la persona reci\u00e9n nacida<\/li><\/ul>\n\n\n\n<ul class=\"wp-block-list\"><li>Recibir informaci\u00f3n sobre los efectos adversos del tabaco, el alcohol y las drogas\u2063<\/li><\/ul>\n\n\n\n<p><strong>La ley contempla, tambi\u00e9n, los siguientes derechos para toda persona reci\u00e9n nacida:<\/strong><\/p>\n\n\n\n<ul class=\"wp-block-list\"><li>Recibir trato respetuoso y digno\u2063\u2063<\/li><\/ul>\n\n\n\n<ul class=\"wp-block-list\"><li>A inequ\u00edvoca identificaci\u00f3n\u2063\u2063<\/li><\/ul>\n\n\n\n<ul class=\"wp-block-list\"><li>No ser sometida a ning\u00fan examen o intervenci\u00f3n con prop\u00f3sito de investigaci\u00f3n o docencia, salvo consentimiento informado\u2063\u2063<\/li><\/ul>\n\n\n\n<ul class=\"wp-block-list\"><li>Internaci\u00f3n conjunta con la persona gestante<\/li><\/ul>\n\n\n\n<ul class=\"wp-block-list\"><li>Que sus responsables reciban adecuado asesoramiento e informaci\u00f3n sobre los cuidados para su crecimiento y desarrollo, as\u00ed como de su plan de vacunaci\u00f3n\u2063\u2063<\/li><\/ul>\n\n\n\n<p><strong>La ley, adem\u00e1s, enumera los derechos que tenemos como familia&nbsp;<\/strong><\/p>\n\n\n\n<ul class=\"wp-block-list\"><li>Recibir informaci\u00f3n comprensible, suficiente y continuada, en un ambiente adecuado, sobre el proceso o evoluci\u00f3n de la salud de su hijx, incluyendo diagn\u00f3stico, pron\u00f3stico y tratamiento<\/li><\/ul>\n\n\n\n<ul class=\"wp-block-list\"><li>Tener acceso continuado a su hijx mientras la situaci\u00f3n cl\u00ednica lo permita, as\u00ed como a participar en su atenci\u00f3n y en la toma de decisiones relacionadas con su asistencia.\u2063<\/li><\/ul>\n\n\n\n<ul class=\"wp-block-list\"><li>Prestar su consentimento manifestado por escrito para cuantos ex\u00e1menes o intervenciones se quiera someter al ni\u00f1x con fines de investigaci\u00f3n, bajo protocolo aprobado por el Comit\u00e9 de Bio\u00e9tica<\/li><\/ul>\n\n\n\n<ul class=\"wp-block-list\"><li>Que se facilite la lactancia materna de la persona reci\u00e9n nacida siempre que no incida desfavorablemente en su salud<\/li><\/ul>\n\n\n\n<ul class=\"wp-block-list\"><li>Recibir asesoramiento e informaci\u00f3n sobre los cuidados especiales de la persona reci\u00e9n nacida<\/li><\/ul>\n\n\n\n<p>Hablamos de parto y tambi\u00e9n de ces\u00e1rea humanizada. Esta, para que sea respetada, debe ser necesaria, como imprescindible e inevitable.&nbsp;<\/p>\n\n\n\n<p><strong>\u00bfQu\u00e9 es la ces\u00e1rea humanizada?<\/strong><\/p>\n\n\n\n<p>En la ces\u00e1rea humanizada o respetada se permite a la persona gestante estar acompa\u00f1ada por una persona de su elecci\u00f3n, que act\u00fae de soporte emocional y contribuya a mejorar la viviencia respecto a la cirug\u00eda, tambi\u00e9n se fomenta el contacto \"piel con piel\" con la persona reci\u00e9n nacida, inmediatamente despu\u00e9s de que sea extra\u00edda, siendo incluso posible el amamantamiento en el mismo quir\u00f3fano, si la persona desea hacerlo.\u2063<\/p>\n\n\n\n<p><strong>Violencia obstetricia<\/strong><\/p>\n\n\n\n<p>La definici\u00f3n est\u00e1 dentro de la Ley Nacional N\u00ba 26.485 de Protecci\u00f3n Integral a las Mujeres en el Art. 6 inciso E) Violencia obst\u00e9trica: Es aquella que ejerce el personal de salud sobre el cuerpo y los procesos reproductivos de las mujeres, expresada en un trato deshumanizado, un abuso de medicalizaci\u00f3n y patologizaci\u00f3n de los procesos naturales, de conformidad con la Ley N\u00ba 25.929.<\/p>\n\n\n\n<p>Entonces, si hablamos de parto respetado o humanizado, debemos hablar de la\u00a0violencia\u00a0obstetricia, ya que es una de las violencias m\u00e1s invisibilizadas y, en muchos casos naturalizada, que ocurre cuando la persona gestante se siente vulnerada en sus derechos durante la gestaci\u00f3n, el parto y el postparto, y contempla tambi\u00e9n los derechos de la persona por nacer o reci\u00e9n nacida y de la familia.<\/p>\n\n\n\n<p><\/p>\n\n\n\n<p><\/p>\n\n\n\n<p><em>Fuente:<\/em> Dra. Fabiana Taul de Soberan\u00eda Menstrual<\/p>\n\n\n\n<p>Conoc\u00e9 la Ley<\/p>\n\n\n\n<figure class=\"wp-block-embed is-type-rich is-provider-incrustado wp-block-embed-incrustado\"><div class=\"wp-block-embed__wrapper\">\nhttps:\/\/www.argentina.gob.ar\/sites\/default\/files\/ley_25929_parto_humanizado_decreto_web_0.pdf\n<\/div><\/figure>\n","protected":false},"excerpt":{"rendered":"<p>La Semana Mundial del Parto Respetado tiene como objetivo generar conciencia para que se respeten los derechos de las personas gestantes y su reci\u00e9n nacidx. El parto respetado o humanizado garantiza la soberan\u00eda de las personas gestantes sobre sus cuerpos para que puedan decidir c\u00f3mo, d\u00f3nde y con qui\u00e9n parir. La mayor\u00eda de ellasque&nbsp; desean [&hellip;]<\/p>\n","protected":false},"author":1,"featured_media":4862,"comment_status":"open","ping_status":"open","sticky":false,"template":"","format":"standard","meta":{"inline_featured_image":false,"_monsterinsights_skip_tracking":false,"_monsterinsights_sitenote_active":false,"_monsterinsights_sitenote_note":"","_monsterinsights_sitenote_category":0,"lzb_camalote_bajada":"","lzb_camalote_fotogalerias_repeater":"","lzb_camalote_fotogalerias_desc":"","lzb_camalote_fotogalerias_autorxs":"%5B%5D","lzb_camalote_post_imagen_destacada":"","lzb_camalote_post_imagen_destacada_fotografx":"","lzb_camalote_post_imagen_destacada_fotografx_url":"","_jetpack_memberships_contains_paid_content":false,"footnotes":""},"categories":[19,1],"tags":[308,719,720,734],"class_list":["post-4857","post","type-post","status-publish","format-standard","has-post-thumbnail","hentry","category-noticias","category-sin-categoria","tag-derechos","tag-parto-humanizado","tag-parto-respetado","tag-personas-gestantes"],"aioseo_notices":[],"jetpack_featured_media_url":"https:\/\/comunicadas.com.ar\/wp-content\/uploads\/2021\/05\/semana-del-parto-respetado-3-1.png","jetpack_sharing_enabled":true,"jetpack_likes_enabled":true,"_links":{"self":[{"href":"https:\/\/comunicadas.com.ar\/index.php\/wp-json\/wp\/v2\/posts\/4857"}],"collection":[{"href":"https:\/\/comunicadas.com.ar\/index.php\/wp-json\/wp\/v2\/posts"}],"about":[{"href":"https:\/\/comunicadas.com.ar\/index.php\/wp-json\/wp\/v2\/types\/post"}],"author":[{"embeddable":true,"href":"https:\/\/comunicadas.com.ar\/index.php\/wp-json\/wp\/v2\/users\/1"}],"replies":[{"embeddable":true,"href":"https:\/\/comunicadas.com.ar\/index.php\/wp-json\/wp\/v2\/comments?post=4857"}],"version-history":[{"count":0,"href":"https:\/\/comunicadas.com.ar\/index.php\/wp-json\/wp\/v2\/posts\/4857\/revisions"}],"wp:featuredmedia":[{"embeddable":true,"href":"https:\/\/comunicadas.com.ar\/index.php\/wp-json\/wp\/v2\/media\/4862"}],"wp:attachment":[{"href":"https:\/\/comunicadas.com.ar\/index.php\/wp-json\/wp\/v2\/media?parent=4857"}],"wp:term":[{"taxonomy":"category","embeddable":true,"href":"https:\/\/comunicadas.com.ar\/index.php\/wp-json\/wp\/v2\/categories?post=4857"},{"taxonomy":"post_tag","embeddable":true,"href":"https:\/\/comunicadas.com.ar\/index.php\/wp-json\/wp\/v2\/tags?post=4857"}],"curies":[{"name":"wp","href":"https:\/\/api.w.org\/{rel}","templated":true}]}}