{"id":4805,"date":"2021-04-29T18:25:18","date_gmt":"2021-04-29T21:25:18","guid":{"rendered":"https:\/\/comunicadas.org\/?p=4805"},"modified":"2021-04-29T18:25:18","modified_gmt":"2021-04-29T21:25:18","slug":"pba-se-presento-el-registro-ruda","status":"publish","type":"post","link":"https:\/\/comunicadas.com.ar\/index.php\/2021\/04\/29\/pba-se-presento-el-registro-ruda\/","title":{"rendered":"PBA: Se present\u00f3 el registro RUDA"},"content":{"rendered":"\n<p><strong>Se present\u00f3 este mi\u00e9rcoles el Registro \u00danico de Acompa\u00f1amientos (RUDA), la primera experiencia de estas caracter\u00edsticas en la provincia de Buenos Aires. La iniciativa tiene como objetivo contribuir a generar pol\u00edticas p\u00fablicas para prevenir hechos de violencia de g\u00e9nero a mujeres y personas LGBTTQI El acto de presentaci\u00f3n se llev\u00f3 a cabo en la Universidad Nacional de San Mart\u00edn (UNSAM) y cont\u00f3 con la presencia de distintas autoridades.<\/strong><\/p>\n\n\n\n<p>Las autoridades presentes fueron: la ministra de Mujeres, Pol\u00edticas de G\u00e9nero y Diversidad Sexual bonaerense, Estela D\u00edaz; la directora Provincial de Abordaje Territorial de Pol\u00edticas de G\u00e9nero y Diversidad Sexual, Nerina Favale; la subsecretar\u00eda de Pol\u00edticas de G\u00e9nero y Diversidad Sexual, Lucia Portos la Secretar\u00eda de pol\u00edticas contra la violencia por razones de g\u00e9nero de, Josefina Kelly; la directora Nacional de Protecci\u00f3n Integral para Personas en Situaci\u00f3n de Violencia, Romina Chiesa:la investigadora y militante feminista de Ni Una Menos, Ver\u00f3nica Gago; el rector de la UNSAM Carlos Greco; el diputado nacional del Frente de Todos Leonardo Grosso; la secretar\u00eda de San Mart\u00edn de la Mujer, G\u00e9nero e infancias, Marcela Ferri y su par del partido bonaerense de Moreno, Liz D\u00edaz.<\/p>\n\n\n\n<p>Durante la pandemia del Covid-19 se vio un incremento en los casos de violencia de g\u00e9nero. En particular en lo que se denomina el \u201c\u00e1mbito dom\u00e9stico\u201d, debido al aislamiento social y dem\u00e1s medidas sanitarias determinadas durante los \u00faltimos 13 meses. Es por eso que promotoras de g\u00e9nero \u201cMicaela Garc\u00eda\u201d, impulsadas por las organizaciones sociales, presentaron un registro que relevara con rigor cient\u00edfico los hechos que se dan a diario en el territorio bonaerense y permita as\u00ed dise\u00f1ar pol\u00edticas m\u00e1s efectivas desde los diferentes niveles de Estado y cuantifique el trabajo de las promotoras.<\/p>\n\n\n\n<div class=\"wp-block-image\"><figure class=\"aligncenter size-large is-resized\"><img loading=\"lazy\" decoding=\"async\" src=\"http:\/\/comunicadas.com.ar\/wp-content\/uploads\/2021\/04\/whatsapp-image-2021-04-28-at-8.48.14-pm-3-2.jpeg?w=1024\" alt=\"\" class=\"wp-image-4810\" width=\"550\" height=\"364\" \/><figcaption>Referentas feministas junto a la ministra Estela D\u00edaz, el diputado Leonardo Grosso y el rector de UNSAM, Carlos Greco. PH: Evelyn Schonfeld.<\/figcaption><\/figure><\/div>\n\n\n\n<p>Carolina Pedelacq fue quien moder\u00f3 el acto de presentaci\u00f3n. La referenta del Frente de Mujeres del Movimiento Evita en la provincia de Buenos Aires coment\u00f3 sobre el v\u00ednculo con la Universidad Nacional de San Mart\u00edn. \u201cNo elegimos esta universidad al azar, sino que tiene que ver que gran parte de nuestra organizaci\u00f3n hab\u00eda transitado por esta universidad y con quien construimos un v\u00ednculo no solamente en lo acad\u00e9mico, sino en lo territorial. Quienes trabajamos en el territorio nos cruzamos a la UNSAM como un actor del territorio\u201d, manifest\u00f3.<\/p>\n\n\n\n<p>A su vez, asumi\u00f3 el compromiso de trabajar en conjunto con la Direcci\u00f3n de de G\u00e9neros y Diversidad Sexual y los programas que dispone la UNSAM en tal sentido. Sobre los gobiernos del Frente de Todos en la Naci\u00f3n y la Provincia destac\u00f3: \u201cEn este momento vivimos una situaci\u00f3n en que la voluntad pol\u00edtica existe y hay much\u00edsimo trabajo. Pero hay lugares que como organizaciones servimos como complemento y brazo extensor del Estado. Hacerlo de forma articulada, legitimidad y conocimiento acad\u00e9mico pueden ayudar a la erradicaci\u00f3n de la violencia, que es nuestro objetivo principal\u201d, concluy\u00f3 la concejala de San Mart\u00edn , Pedelacq.<\/p>\n\n\n\n<div class=\"wp-block-image\"><figure class=\"aligncenter size-large is-resized\"><img loading=\"lazy\" decoding=\"async\" src=\"http:\/\/comunicadas.com.ar\/wp-content\/uploads\/2021\/04\/whatsapp-image-2021-04-28-at-8.48.12-pm-1.jpeg?w=851\" alt=\"\" class=\"wp-image-4811\" width=\"473\" height=\"473\" srcset=\"https:\/\/comunicadas.com.ar\/wp-content\/uploads\/2021\/04\/whatsapp-image-2021-04-28-at-8.48.12-pm-1.jpeg 851w, https:\/\/comunicadas.com.ar\/wp-content\/uploads\/2021\/04\/whatsapp-image-2021-04-28-at-8.48.12-pm-1-300x300.jpeg 300w, https:\/\/comunicadas.com.ar\/wp-content\/uploads\/2021\/04\/whatsapp-image-2021-04-28-at-8.48.12-pm-1-150x150.jpeg 150w, https:\/\/comunicadas.com.ar\/wp-content\/uploads\/2021\/04\/whatsapp-image-2021-04-28-at-8.48.12-pm-1-768x768.jpeg 768w, https:\/\/comunicadas.com.ar\/wp-content\/uploads\/2021\/04\/whatsapp-image-2021-04-28-at-8.48.12-pm-1-90x90.jpeg 90w\" sizes=\"(max-width: 473px) 100vw, 473px\" \/><figcaption>Carolina Pedelacq, referenta provincial Mujeres Evita y concejala de San Mart\u00edn. PH Evelyn Schonfeld. <\/figcaption><\/figure><\/div>\n\n\n\n<p>La ministra bonaerense de Mujeres, Pol\u00edticas de G\u00e9nero y Diversidad Sexual, Estela Diaz, agradeci\u00f3 la invitaci\u00f3n y destac\u00f3 el rol de las organizaciones sociales. Destac\u00f3 lo \u201cimportantes que son para la construcci\u00f3n de otro modelo de sociedad\u201d y la construcci\u00f3n de articulaciones con los actuales gobiernos. \u201cEn los contexto de gobierno populares ocupan un rol de articulaci\u00f3n con el Estado y generan estos encuentros virtuosos\u201d. Por \u00faltimo se\u00f1al\u00f3 que \u201csabemos que no es un camino f\u00e1cil por lo multidimensional de las violencias y el car\u00e1cter estructural en nuestras sociedades, pero tenemos cada d\u00eda m\u00e1s herramientas y el acompa\u00f1amiento de ustedes\u201d.<\/p>\n\n\n\n<div class=\"wp-block-image\"><figure class=\"aligncenter size-large is-resized\"><img loading=\"lazy\" decoding=\"async\" src=\"http:\/\/comunicadas.com.ar\/wp-content\/uploads\/2021\/04\/whatsapp-image-2021-04-28-at-8.48.13-pm-1.jpeg?w=851\" alt=\"\" class=\"wp-image-4813\" width=\"511\" height=\"511\" srcset=\"https:\/\/comunicadas.com.ar\/wp-content\/uploads\/2021\/04\/whatsapp-image-2021-04-28-at-8.48.13-pm-1.jpeg 851w, https:\/\/comunicadas.com.ar\/wp-content\/uploads\/2021\/04\/whatsapp-image-2021-04-28-at-8.48.13-pm-1-300x300.jpeg 300w, https:\/\/comunicadas.com.ar\/wp-content\/uploads\/2021\/04\/whatsapp-image-2021-04-28-at-8.48.13-pm-1-150x150.jpeg 150w, https:\/\/comunicadas.com.ar\/wp-content\/uploads\/2021\/04\/whatsapp-image-2021-04-28-at-8.48.13-pm-1-768x768.jpeg 768w, https:\/\/comunicadas.com.ar\/wp-content\/uploads\/2021\/04\/whatsapp-image-2021-04-28-at-8.48.13-pm-1-90x90.jpeg 90w\" sizes=\"(max-width: 511px) 100vw, 511px\" \/><figcaption>Ministra Estela D\u00edaz.  PH Evelyn Schonfeld .<\/figcaption><\/figure><\/div>\n\n\n\n<p>La funcionaria nacional, Josefina Kelly, del ministerio de Mujeres, G\u00e9neros y Diversidad felicit\u00f3 la iniciativa porque \u201cdemocratiza el conocimiento y es una gu\u00eda que sirve para una compa\u00f1era que se encuentra en una situaci\u00f3n de violencia y por ah\u00ed no tiene el conocimiento, la experiencia, pueda tener una hoja de ruta y puedan generar puentes con los distintos organismo del Estado\u201d.<\/p>\n\n\n\n<p>Para Veronica Gago, militante de Ni una Menos,\u201dRUDA\u201d es un aporte fundamental que se cree un registro porque \u201cayuda a comprender a qu\u00e9 llamamos violencia y esto tienen que ver con los procesos que vienen haciendo los feminismos. Todo esto produce datos rigurosos, informaci\u00f3n para las pol\u00edticas p\u00fablicas y pensar \u00edndices de eficacias de lo que se hace\u201d.<\/p>\n\n\n\n<p>Por \u00faltimo el rector de la UNSAM, Carlos Greco, se\u00f1al\u00f3: \u201cEs un orgullo y honor que este tipo de actividad se pueda visibilizar, poner en com\u00fan y profundizar en nuestra universidad. Desde la UNSAM venimos trabajando fuertemente y hemos institucionalizado la prevenci\u00f3n y los cuidados en relaci\u00f3n a la violencia e incorporamos el trabajo en la diversidad sexual. Estamos dispuestos a colaborar m\u00e1s derecho para una sociedad m\u00e1s justa\u201d.<\/p>\n\n\n\n<p>La actividad se transmiti\u00f3 a trav\u00e9s de Youtube, dada la imposibilidad sanitaria de realizar actos con importantes aglomeraci\u00f3n de personas debido a la pandemia del coronavirus. Es por eso que se escogi\u00f3 un espacio abierto de la UNSAM para tal ocasi\u00f3n.<\/p>\n","protected":false},"excerpt":{"rendered":"<p>Se present\u00f3 este mi\u00e9rcoles el Registro \u00danico de Acompa\u00f1amientos (RUDA), la primera experiencia de estas caracter\u00edsticas en la provincia de Buenos Aires. La iniciativa tiene como objetivo contribuir a generar pol\u00edticas p\u00fablicas para prevenir hechos de violencia de g\u00e9nero a mujeres y personas LGBTTQI El acto de presentaci\u00f3n se llev\u00f3 a cabo en la Universidad [&hellip;]<\/p>\n","protected":false},"author":1,"featured_media":4808,"comment_status":"open","ping_status":"open","sticky":false,"template":"","format":"standard","meta":{"inline_featured_image":false,"_monsterinsights_skip_tracking":false,"_monsterinsights_sitenote_active":false,"_monsterinsights_sitenote_note":"","_monsterinsights_sitenote_category":0,"lzb_camalote_bajada":"","lzb_camalote_fotogalerias_repeater":"","lzb_camalote_fotogalerias_desc":"","lzb_camalote_fotogalerias_autorxs":"%5B%5D","lzb_camalote_post_imagen_destacada":"","lzb_camalote_post_imagen_destacada_fotografx":"","lzb_camalote_post_imagen_destacada_fotografx_url":"","_jetpack_memberships_contains_paid_content":false,"footnotes":""},"categories":[1],"tags":[],"class_list":["post-4805","post","type-post","status-publish","format-standard","has-post-thumbnail","hentry","category-sin-categoria"],"aioseo_notices":[],"jetpack_featured_media_url":"https:\/\/comunicadas.com.ar\/wp-content\/uploads\/2021\/04\/whatsapp-image-2021-04-28-at-8.48.14-pm-1-1.jpeg","jetpack_sharing_enabled":true,"jetpack_likes_enabled":true,"_links":{"self":[{"href":"https:\/\/comunicadas.com.ar\/index.php\/wp-json\/wp\/v2\/posts\/4805"}],"collection":[{"href":"https:\/\/comunicadas.com.ar\/index.php\/wp-json\/wp\/v2\/posts"}],"about":[{"href":"https:\/\/comunicadas.com.ar\/index.php\/wp-json\/wp\/v2\/types\/post"}],"author":[{"embeddable":true,"href":"https:\/\/comunicadas.com.ar\/index.php\/wp-json\/wp\/v2\/users\/1"}],"replies":[{"embeddable":true,"href":"https:\/\/comunicadas.com.ar\/index.php\/wp-json\/wp\/v2\/comments?post=4805"}],"version-history":[{"count":0,"href":"https:\/\/comunicadas.com.ar\/index.php\/wp-json\/wp\/v2\/posts\/4805\/revisions"}],"wp:featuredmedia":[{"embeddable":true,"href":"https:\/\/comunicadas.com.ar\/index.php\/wp-json\/wp\/v2\/media\/4808"}],"wp:attachment":[{"href":"https:\/\/comunicadas.com.ar\/index.php\/wp-json\/wp\/v2\/media?parent=4805"}],"wp:term":[{"taxonomy":"category","embeddable":true,"href":"https:\/\/comunicadas.com.ar\/index.php\/wp-json\/wp\/v2\/categories?post=4805"},{"taxonomy":"post_tag","embeddable":true,"href":"https:\/\/comunicadas.com.ar\/index.php\/wp-json\/wp\/v2\/tags?post=4805"}],"curies":[{"name":"wp","href":"https:\/\/api.w.org\/{rel}","templated":true}]}}