{"id":4776,"date":"2021-04-04T20:17:38","date_gmt":"2021-04-04T23:17:38","guid":{"rendered":"https:\/\/comunicadas.org\/?p=4776"},"modified":"2021-04-04T20:17:38","modified_gmt":"2021-04-04T23:17:38","slug":"sky-rojo-girl-power-para-el-publico-masculino","status":"publish","type":"post","link":"https:\/\/comunicadas.com.ar\/index.php\/2021\/04\/04\/sky-rojo-girl-power-para-el-publico-masculino\/","title":{"rendered":"Sky Rojo, Girl Power para el p\u00fablico masculino"},"content":{"rendered":"\n<p>\u00bfQu\u00e9 decir de Sky Rojo que no se haya dicho ya? S\u00ed, ya s\u00e9, llegu\u00e9 tarde a la discusi\u00f3n. Pero, como me gusta discutir, la quiero dar en este espacio tambi\u00e9n. <strong>Sky Rojo es, lisa y llanamente, una publicidad de ropa interior con pinkwashing (pues, s\u00ed, hay una lesbiana) y purplewashing. <\/strong><\/p>\n\n\n\n<p>Para quienes a\u00fan no sepan de qu\u00e9 trata: Rub\u00ed, una mujer v\u00edctima de trata, mata en defensa propia a su captor (due\u00f1o del burdel donde la explotan y abusan) y escapa, junto a otras dos mujeres que la ayudaron (Wendy y Coral, una v\u00edctima de trata y la otra trabajadora sexual), de los socios de este. As\u00ed empieza el primer cap\u00edtulo. Luego, la serie va y viene entre el presente y el pasado y as\u00ed nos vamos enterando de las historias individuales de las protagonistas y tambi\u00e9n de las de los \u201cmalos\u201d de la pel\u00edcula.<\/p>\n\n\n\n<figure class=\"wp-block-embed is-type-rich is-provider-youtube wp-block-embed-youtube wp-embed-aspect-16-9 wp-has-aspect-ratio\"><div class=\"wp-block-embed__wrapper\">\n<iframe loading=\"lazy\" title=\"Sky Rojo | Tr\u00e1iler oficial | Netflix\" width=\"500\" height=\"281\" src=\"https:\/\/www.youtube.com\/embed\/AwBpPi1lRRQ?feature=oembed\" frameborder=\"0\" allow=\"accelerometer; autoplay; clipboard-write; encrypted-media; gyroscope; picture-in-picture; web-share\" referrerpolicy=\"strict-origin-when-cross-origin\" allowfullscreen><\/iframe>\n<\/div><\/figure>\n\n\n\n<p>Escuch\u00e9 por alg\u00fan lado que Sky Rojo muestra la realidad de la prostituci\u00f3n y denuncia, de alguna manera, los abusos que sufren las personas que la ejercen\u2026 Pues no mi cielah. A ver, yo no voy a ponerme a hablar de trabajo sexual, pero basta con ir a las fuentes (es decir, a las trabajadoras sexuales, como Georgina Orellano, que tiene unas destacadas al respecto) o, simplemente, con vivir en este mundo, para darse cuenta de que <strong>dif\u00edcilmente todes les trabajadorxs sexuales sean mujeres cis hegem\u00f3nicas blancas <\/strong>(perd\u00f3n, hay UNA cubana afroamericana, perd\u00f3n, perd\u00f3n) <strong>ni todos los cafishios unos chongazos tremendos<\/strong> que en el fondo son buenos porque rescatan animales y saben que lo que hacen est\u00e1 mal (s\u00ed, hasta hay un burdo intento de hacernos empatizar con el cafishio).<\/p>\n\n\n\n<p>Para colmo, <strong>la serie que se supone que denuncia las atrocidades de la prostituci\u00f3n utiliza, curiosamente, una est\u00e9tica muy bella<\/strong> (eso s\u00ed es algo en lo que le pongo un 10), como de cuento de hadas, para mostrarnos los cuerpos hegem\u00f3nicos de las protagonistas. Los culos y tetas en primer plano no se terminan cuando ellas est\u00e1n fuera del burdel; hasta las escenas de violaci\u00f3n parecen una pel\u00edcula porno.<\/p>\n\n\n\n<p><strong>En conclusi\u00f3n, no vean Sky Rojo.<\/strong> Confunde trabajo sexual con trata y termina romantizando lo que dice denunciar. Netflix nos da otra serie girl power pero que apunta al p\u00fablico masculino.<\/p>\n","protected":false},"excerpt":{"rendered":"<p>\u00bfQu\u00e9 decir de Sky Rojo que no se haya dicho ya? S\u00ed, ya s\u00e9, llegu\u00e9 tarde a la discusi\u00f3n. Pero, como me gusta discutir, la quiero dar en este espacio tambi\u00e9n. Sky Rojo es, lisa y llanamente, una publicidad de ropa interior con pinkwashing (pues, s\u00ed, hay una lesbiana) y purplewashing. Para quienes a\u00fan no [&hellip;]<\/p>\n","protected":false},"author":1,"featured_media":4779,"comment_status":"open","ping_status":"open","sticky":false,"template":"","format":"standard","meta":{"inline_featured_image":false,"_monsterinsights_skip_tracking":false,"_monsterinsights_sitenote_active":false,"_monsterinsights_sitenote_note":"","_monsterinsights_sitenote_category":0,"lzb_camalote_bajada":"","lzb_camalote_fotogalerias_repeater":"","lzb_camalote_fotogalerias_desc":"","lzb_camalote_fotogalerias_autorxs":"%5B%5D","lzb_camalote_post_imagen_destacada":"","lzb_camalote_post_imagen_destacada_fotografx":"","lzb_camalote_post_imagen_destacada_fotografx_url":"","_jetpack_memberships_contains_paid_content":false,"footnotes":""},"categories":[5,21],"tags":[],"class_list":["post-4776","post","type-post","status-publish","format-standard","has-post-thumbnail","hentry","category-cine-y-series","category-recomendacion"],"aioseo_notices":[],"jetpack_featured_media_url":"https:\/\/comunicadas.com.ar\/wp-content\/uploads\/2021\/04\/descarga-1.jpg","jetpack_sharing_enabled":true,"jetpack_likes_enabled":true,"_links":{"self":[{"href":"https:\/\/comunicadas.com.ar\/index.php\/wp-json\/wp\/v2\/posts\/4776"}],"collection":[{"href":"https:\/\/comunicadas.com.ar\/index.php\/wp-json\/wp\/v2\/posts"}],"about":[{"href":"https:\/\/comunicadas.com.ar\/index.php\/wp-json\/wp\/v2\/types\/post"}],"author":[{"embeddable":true,"href":"https:\/\/comunicadas.com.ar\/index.php\/wp-json\/wp\/v2\/users\/1"}],"replies":[{"embeddable":true,"href":"https:\/\/comunicadas.com.ar\/index.php\/wp-json\/wp\/v2\/comments?post=4776"}],"version-history":[{"count":0,"href":"https:\/\/comunicadas.com.ar\/index.php\/wp-json\/wp\/v2\/posts\/4776\/revisions"}],"wp:featuredmedia":[{"embeddable":true,"href":"https:\/\/comunicadas.com.ar\/index.php\/wp-json\/wp\/v2\/media\/4779"}],"wp:attachment":[{"href":"https:\/\/comunicadas.com.ar\/index.php\/wp-json\/wp\/v2\/media?parent=4776"}],"wp:term":[{"taxonomy":"category","embeddable":true,"href":"https:\/\/comunicadas.com.ar\/index.php\/wp-json\/wp\/v2\/categories?post=4776"},{"taxonomy":"post_tag","embeddable":true,"href":"https:\/\/comunicadas.com.ar\/index.php\/wp-json\/wp\/v2\/tags?post=4776"}],"curies":[{"name":"wp","href":"https:\/\/api.w.org\/{rel}","templated":true}]}}