{"id":4758,"date":"2021-03-31T09:00:00","date_gmt":"2021-03-31T12:00:00","guid":{"rendered":"https:\/\/comunicadas.org\/?p=4758"},"modified":"2021-03-31T09:00:00","modified_gmt":"2021-03-31T12:00:00","slug":"personas-travestis-trans-seguir-en-la-lucha-por-mas-conquistas","status":"publish","type":"post","link":"https:\/\/comunicadas.com.ar\/index.php\/2021\/03\/31\/personas-travestis-trans-seguir-en-la-lucha-por-mas-conquistas\/","title":{"rendered":"PERSONAS TRAVESTIS-TRANS: SEGUIR EN LA LUCHA POR M\u00c1S CONQUISTAS"},"content":{"rendered":"\n<p><strong>Por: Facundo Mart\u00ednez<\/strong><\/p>\n\n\n\n<p class=\"has-text-align-justify\">Hoy es el D\u00eda de la invisibilidad travesti-trans que son la parte del colectivo LGTBIQ+ m\u00e1s golpeada en lo que se refiere a derechos pol\u00edticos, sociales y econ\u00f3micos.<\/p>\n\n\n\n<p class=\"has-text-align-justify\">En mayo del 2012, se sancion\u00f3 la ley nacional N\u00b0 26.743, conocida como Ley de Identidad de G\u00e9nero. Si bien represent\u00f3 una gran conquista del colectivo travesti-trans, luego de d\u00e9cadas de lucha y de haber visibilizado su problem\u00e1tica en las calles durante los diferentes gobiernos, la sanci\u00f3n de esta ley resulta solo la punta del iceberg, ya que portar el DNI con la identidad de g\u00e9nero autopercibida por la persona es solo el comienzo de un camino que est\u00e1 lleno de obst\u00e1culos que dificultan su desarrollo en las diferentes esferas del mundo social.<\/p>\n\n\n\n<div class=\"wp-block-image\"><figure class=\"alignleft size-large is-resized\"><img loading=\"lazy\" decoding=\"async\" src=\"http:\/\/comunicadas.com.ar\/wp-content\/uploads\/2021\/03\/unnamed-1.jpg?w=512\" alt=\"\" class=\"wp-image-4761\" width=\"363\" height=\"235\" srcset=\"https:\/\/comunicadas.com.ar\/wp-content\/uploads\/2021\/03\/unnamed-1.jpg 512w, https:\/\/comunicadas.com.ar\/wp-content\/uploads\/2021\/03\/unnamed-1-300x195.jpg 300w\" sizes=\"(max-width: 363px) 100vw, 363px\" \/><\/figure><\/div>\n\n\n\n<p class=\"has-text-align-justify\">En el 2020, el Decreto 721\/2020 logr\u00f3 que el sector p\u00fablico garantice que el 1% de los cargos y contratos se destinen a personas travestis, trans para la conquista de nuevos derechos sexuales y trangenero. A pesar de los avances, todav\u00eda falta mucho pero a pesar de los avances todav\u00eda falta avanzar mucho en materia de conquista de derechos para el colectivo travesti-trans, como por ejemplo, a\u00fan quedan por revertir aquellas dificultades relacionadas por un lado, con el desarrollo del derecho de la educaci\u00f3n de las infancias trans, vinculadas con el acceso a una Educaci\u00f3n Sexual Integral en las escuelas que promueva talleres sobre tem\u00e1tica trans, y por el otro, con la falta de acceso a puestos laborales en el sector formal del trabajo, la precariedad laboral, entre otras.&nbsp;<\/p>\n\n\n\n<p class=\"has-text-align-justify\">Para concluir, es necesario que haya un d\u00eda que conmemore la lucha del colectivo travesti-trans por la promoci\u00f3n de sus derechos, porque es preciso que la sociedad est\u00e9 enterada de las dificultades por las que atraviesan y que por desconocimiento o desinter\u00e9s, no se sabe o se invisibiliza. Para la conquista de nuevos derechos es necesario que la sociedad se encuentre unida y mancomunada, no solo para este colectivo, sino para todo aquel que necesite de esa fuerza que los cuerpos expresan con colores y banderas cuando copan las calles.<\/p>\n","protected":false},"excerpt":{"rendered":"<p>Por: Facundo Mart\u00ednez Hoy es el D\u00eda de la invisibilidad travesti-trans que son la parte del colectivo LGTBIQ+ m\u00e1s golpeada en lo que se refiere a derechos pol\u00edticos, sociales y econ\u00f3micos. En mayo del 2012, se sancion\u00f3 la ley nacional N\u00b0 26.743, conocida como Ley de Identidad de G\u00e9nero. Si bien represent\u00f3 una gran conquista [&hellip;]<\/p>\n","protected":false},"author":1,"featured_media":4764,"comment_status":"open","ping_status":"open","sticky":false,"template":"","format":"standard","meta":{"inline_featured_image":false,"_monsterinsights_skip_tracking":false,"_monsterinsights_sitenote_active":false,"_monsterinsights_sitenote_note":"","_monsterinsights_sitenote_category":0,"lzb_camalote_bajada":"","lzb_camalote_fotogalerias_repeater":"","lzb_camalote_fotogalerias_desc":"","lzb_camalote_fotogalerias_autorxs":"%5B%5D","lzb_camalote_post_imagen_destacada":"","lzb_camalote_post_imagen_destacada_fotografx":"","lzb_camalote_post_imagen_destacada_fotografx_url":"","_jetpack_memberships_contains_paid_content":false,"footnotes":""},"categories":[20],"tags":[],"class_list":["post-4758","post","type-post","status-publish","format-standard","has-post-thumbnail","hentry","category-opinion"],"aioseo_notices":[],"jetpack_featured_media_url":"https:\/\/comunicadas.com.ar\/wp-content\/uploads\/2021\/03\/trans-1.png","jetpack_sharing_enabled":true,"jetpack_likes_enabled":true,"_links":{"self":[{"href":"https:\/\/comunicadas.com.ar\/index.php\/wp-json\/wp\/v2\/posts\/4758"}],"collection":[{"href":"https:\/\/comunicadas.com.ar\/index.php\/wp-json\/wp\/v2\/posts"}],"about":[{"href":"https:\/\/comunicadas.com.ar\/index.php\/wp-json\/wp\/v2\/types\/post"}],"author":[{"embeddable":true,"href":"https:\/\/comunicadas.com.ar\/index.php\/wp-json\/wp\/v2\/users\/1"}],"replies":[{"embeddable":true,"href":"https:\/\/comunicadas.com.ar\/index.php\/wp-json\/wp\/v2\/comments?post=4758"}],"version-history":[{"count":0,"href":"https:\/\/comunicadas.com.ar\/index.php\/wp-json\/wp\/v2\/posts\/4758\/revisions"}],"wp:featuredmedia":[{"embeddable":true,"href":"https:\/\/comunicadas.com.ar\/index.php\/wp-json\/wp\/v2\/media\/4764"}],"wp:attachment":[{"href":"https:\/\/comunicadas.com.ar\/index.php\/wp-json\/wp\/v2\/media?parent=4758"}],"wp:term":[{"taxonomy":"category","embeddable":true,"href":"https:\/\/comunicadas.com.ar\/index.php\/wp-json\/wp\/v2\/categories?post=4758"},{"taxonomy":"post_tag","embeddable":true,"href":"https:\/\/comunicadas.com.ar\/index.php\/wp-json\/wp\/v2\/tags?post=4758"}],"curies":[{"name":"wp","href":"https:\/\/api.w.org\/{rel}","templated":true}]}}