{"id":4753,"date":"2021-03-28T20:14:22","date_gmt":"2021-03-28T23:14:22","guid":{"rendered":"https:\/\/comunicadas.org\/?p=4753"},"modified":"2021-03-28T20:14:22","modified_gmt":"2021-03-28T23:14:22","slug":"veneno-y-las-transiciones","status":"publish","type":"post","link":"https:\/\/comunicadas.com.ar\/index.php\/2021\/03\/28\/veneno-y-las-transiciones\/","title":{"rendered":"Veneno y las transiciones"},"content":{"rendered":"\n<p>Cristina, La Veneno, Ortiz fue un \u00edcono travesti-trans espa\u00f1ol durante los 90s. Fue \u201cdescubierta\u201d en el 96 por una periodista que fue a buscar \u201ctravestis\u201d para un especial del programa \u201cEsta noche cruzamos el Mississipi\u201d a un conocido parque donde se desempe\u00f1aban trabajadorxs sexuales. La Veneno termin\u00f3 trabajando como participante permanente del programa de TV y dio un salto a la fama, donde se mantuvo durante algunos a\u00f1os. Luego, como suele suceder en el medio, cay\u00f3 en el olvido. A\u00f1os despu\u00e9s, una periodista trans llamada Valeria Mart\u00ednez la contact\u00f3 para escribir sus memorias. El libro termin\u00f3 public\u00e1ndose unos diez a\u00f1os despu\u00e9s y, al poco tiempo, Cristina falleci\u00f3.<\/p>\n\n\n\n<p>Veneno es una serie biogr\u00e1fica, pero no solo sobre Cristina, sino tambi\u00e9n sobre Valeria. Nos cuenta, casi al mismo tiempo, las historias y las transiciones de ambas mujeres, en \u00e9pocas y bajo circunstancias distintas. Cristina, nacida en un pueblito en los a\u00f1os 60, con una familia que no la aceptaba y un entorno que la repel\u00eda, tuvo que irse de su casa muy joven y vivir una vida muy dura. Valeria, en cambio, que realiz\u00f3 su transici\u00f3n 40 a\u00f1os despu\u00e9s, tuvo la contenci\u00f3n de su madre y de sus amigues. Esta diferencia entre las historias de ambas mujeres, se muestra tambi\u00e9n desde las similitudes: los entornos son distintos, pero podemos ver a Cristina y a Valeria, a pantalla partida (casi como si los eventos no estuvieran sucediendo en dos puntos distintos en el tiempo), compartiendo los mismos momentos clave en sus vidas, aunque cada una los vive a su manera, de la mejor forma posible.<\/p>\n\n\n\n<figure class=\"wp-block-embed is-type-rich is-provider-youtube wp-block-embed-youtube wp-embed-aspect-16-9 wp-has-aspect-ratio\"><div class=\"wp-block-embed__wrapper\">\n<iframe loading=\"lazy\" title=\"Veneno Cap\u00edtulos 1 y 2 | Tr\u00e1iler | Ya disponible solo en ATRESplayer Premium\" width=\"500\" height=\"281\" src=\"https:\/\/www.youtube.com\/embed\/dsK9CtOvkmc?feature=oembed\" frameborder=\"0\" allow=\"accelerometer; autoplay; clipboard-write; encrypted-media; gyroscope; picture-in-picture; web-share\" referrerpolicy=\"strict-origin-when-cross-origin\" allowfullscreen><\/iframe>\n<\/div><\/figure>\n\n\n\n<p>La diferencia, por supuesto, adem\u00e1s de de \u00e9poca, tambi\u00e9n es de clase. Tanto en las transiciones como en sus vidas como mujeres trans, Cristina y Valeria son tratadas de forma distinta. La mujer humilde y de pueblo es espectacularizada, mostrada en los medios como un fen\u00f3meno, como un chiste. Valeria, la chica de clase media, en cambio, es tenida en cuenta en los \u00e1mbitos laborales y acad\u00e9micos, y respetada por sus logros. Pero la serie no solo hace la comparaci\u00f3n entre una y otra mujer trans y una y otra transici\u00f3n. Tambi\u00e9n nos explica que las historias est\u00e1n conectadas, que el camino de Valeria pudo existir gracias al camino que anduvo Cristina, y que una no es tan distinta de la otra, despu\u00e9s de todo. La Veneno, esa persona que s\u00f3lo pod\u00eda cumplir los roles de entretenimiento o v\u00edctima, es, a los ojos de Valeria, una referente, y eso es lo que vemos cuando miramos la serie: la resignificaci\u00f3n de una figura hecha a imagen y semejanza de los medios patriarcales.<\/p>\n","protected":false},"excerpt":{"rendered":"<p>Cristina, La Veneno, Ortiz fue un \u00edcono travesti-trans espa\u00f1ol durante los 90s. Fue \u201cdescubierta\u201d en el 96 por una periodista que fue a buscar \u201ctravestis\u201d para un especial del programa \u201cEsta noche cruzamos el Mississipi\u201d a un conocido parque donde se desempe\u00f1aban trabajadorxs sexuales. La Veneno termin\u00f3 trabajando como participante permanente del programa de TV [&hellip;]<\/p>\n","protected":false},"author":1,"featured_media":4755,"comment_status":"open","ping_status":"open","sticky":false,"template":"","format":"standard","meta":{"inline_featured_image":false,"_monsterinsights_skip_tracking":false,"_monsterinsights_sitenote_active":false,"_monsterinsights_sitenote_note":"","_monsterinsights_sitenote_category":0,"lzb_camalote_bajada":"","lzb_camalote_fotogalerias_repeater":"","lzb_camalote_fotogalerias_desc":"","lzb_camalote_fotogalerias_autorxs":"%5B%5D","lzb_camalote_post_imagen_destacada":"","lzb_camalote_post_imagen_destacada_fotografx":"","lzb_camalote_post_imagen_destacada_fotografx_url":"","_jetpack_memberships_contains_paid_content":false,"footnotes":""},"categories":[5,21],"tags":[],"class_list":["post-4753","post","type-post","status-publish","format-standard","has-post-thumbnail","hentry","category-cine-y-series","category-recomendacion"],"aioseo_notices":[],"jetpack_featured_media_url":"https:\/\/comunicadas.com.ar\/wp-content\/uploads\/2021\/03\/veneno-1.jpg","jetpack_sharing_enabled":true,"jetpack_likes_enabled":true,"_links":{"self":[{"href":"https:\/\/comunicadas.com.ar\/index.php\/wp-json\/wp\/v2\/posts\/4753"}],"collection":[{"href":"https:\/\/comunicadas.com.ar\/index.php\/wp-json\/wp\/v2\/posts"}],"about":[{"href":"https:\/\/comunicadas.com.ar\/index.php\/wp-json\/wp\/v2\/types\/post"}],"author":[{"embeddable":true,"href":"https:\/\/comunicadas.com.ar\/index.php\/wp-json\/wp\/v2\/users\/1"}],"replies":[{"embeddable":true,"href":"https:\/\/comunicadas.com.ar\/index.php\/wp-json\/wp\/v2\/comments?post=4753"}],"version-history":[{"count":0,"href":"https:\/\/comunicadas.com.ar\/index.php\/wp-json\/wp\/v2\/posts\/4753\/revisions"}],"wp:featuredmedia":[{"embeddable":true,"href":"https:\/\/comunicadas.com.ar\/index.php\/wp-json\/wp\/v2\/media\/4755"}],"wp:attachment":[{"href":"https:\/\/comunicadas.com.ar\/index.php\/wp-json\/wp\/v2\/media?parent=4753"}],"wp:term":[{"taxonomy":"category","embeddable":true,"href":"https:\/\/comunicadas.com.ar\/index.php\/wp-json\/wp\/v2\/categories?post=4753"},{"taxonomy":"post_tag","embeddable":true,"href":"https:\/\/comunicadas.com.ar\/index.php\/wp-json\/wp\/v2\/tags?post=4753"}],"curies":[{"name":"wp","href":"https:\/\/api.w.org\/{rel}","templated":true}]}}