{"id":4663,"date":"2021-02-19T15:10:35","date_gmt":"2021-02-19T18:10:35","guid":{"rendered":"http:\/\/comunicadas.com.ar\/?p=4663"},"modified":"2021-02-19T15:10:35","modified_gmt":"2021-02-19T18:10:35","slug":"justicia-por-ursula-herramientas-sobran-faltan-voluntades","status":"publish","type":"post","link":"https:\/\/comunicadas.com.ar\/index.php\/2021\/02\/19\/justicia-por-ursula-herramientas-sobran-faltan-voluntades\/","title":{"rendered":"Justicia por \u00darsula: Herramientas sobran, faltan voluntades."},"content":{"rendered":"\n<p><strong><em>\u00bfQu\u00e9 evidenci\u00f3 el femicidio de \u00darsula Bahillo? Pasada la manifestaci\u00f3n del 17F frente a Tribunales, \u00a0queda analizar y pensar cu\u00e1les son las herramientas que faltan para que terminen los femicidios y trans-travesticidios en nuestro pa\u00eds.<\/em><\/strong><\/p>\n\n\n\n<p>El femicidio de \u00darsula Bahillo, ocurrido en Rojas, provincia de Buenos Aires, el 8 de febrero pasado, le corri\u00f3 el velo definitivo al elemento patriarcal que convive en nuestras instituciones estatales y evidenci\u00f3 la connivencia entre un Poder Judicial y unas fuerzas de seguridad, cuyas pr\u00e1cticas oscilan entre el machismo y la misoginia para aplastar a las personas m\u00e1s vulnerables, servir a los poderosos y as\u00ed perpetuar el status quo o patriarcado.&nbsp;<\/p>\n\n\n\n<p>No se puede decir que la legislaci\u00f3n argentina no sea vanguardista en materia de perspectiva de g\u00e9nero. A modo de ejemplo, la <strong>ley 26.485 de Protecci\u00f3n Integral a las Mujeres<\/strong>, sancionada en 2009 y adherida de base a la Convenci\u00f3n Interamericana para Prevenir Sancionar y Erradicar la Violencia contra la Mujer, m\u00e1s conocida como Convenci\u00f3n <em>Bel\u00e9m do Par\u00e1;<\/em> y la ley 26.743 de Identidad de G\u00e9nero, con ordenamiento constitucional en la Convenci\u00f3n sobre la Eliminaci\u00f3n de todas las formas de Discriminaci\u00f3n contra la Mujer, demuestran la sinton\u00eda que existe con las normativas internacionales, al tiempo que, junto con leyes sancionadas recientemente, tales como la <strong>Ley Micaela<\/strong>, ubican a nuestro pa\u00eds a la cabeza en relaci\u00f3n a la ampliaci\u00f3n de derechos con perspectiva de g\u00e9nero.\u00a0<\/p>\n\n\n\n<p>A nivel Ejecutivo, una de las primeras medidas del gobierno actual fue crear el <strong>Ministerio de las Mujeres, G\u00e9neros y Diversidad<\/strong>, lo que inst\u00f3 a que las dependencias provinciales y municipales empiecen a contar con \u00e1reas dedicadas a la problem\u00e1tica de g\u00e9nero para trabajar y crear pol\u00edticas p\u00fablicas que resuelvan las diferentes desigualdades que las mujeres y diversidades vivimos a diario en carne propia.<\/p>\n\n\n\n<p><strong>Ahora bien, a pesar de los avances legislativos y de contar con \u00e1reas estatales especializadas en g\u00e9nero, \u00bfpor qu\u00e9 en lo que va del 2021 contabilizamos 44 femicidios, con un promedio de un femicidio cada 23 horas?<\/strong><\/p>\n\n\n\n<p><strong>Qu\u00e9 pas\u00f3 con las denuncias por violencia de g\u00e9nero que hizo \u00darsula contra su expareja, el polic\u00eda Mat\u00edas Ezequiel Mart\u00ednez, en la comisar\u00eda de Rojas. Qu\u00e9 pas\u00f3 con la perimetral que Mart\u00ednez rompi\u00f3 cuando asesin\u00f3 a \u00darsula. Por qu\u00e9 \u00darsula no contaba con &nbsp;bot\u00f3n antip\u00e1nico, a pesar de tener derecho a portarlo. &nbsp;<\/strong><\/p>\n\n\n\n<p>Nos hacemos estas preguntas porque a pesar de tener un gobierno que ubica a la perspectiva de g\u00e9nero como pol\u00edtica de Estado y de contar con una legislaci\u00f3n que nos ampara, <strong>hay instituciones que hacen o\u00eddos sordos y contin\u00faan reproduciendo pr\u00e1cticas que nos dejan en una situaci\u00f3n vulnerable frente a los machitos violentos. <\/strong>\u00a0<\/p>\n\n\n\n<p>Seg\u00fan el fiscal Sergio Terr\u00f3n, <em>\u201cla justicia trabaja con pocas herramientas\u201d<\/em>, pero la realidad es que hay sectores del Poder Judicial que prefieren no aplicar la legislaci\u00f3n vigente con tal de seguir perpetuando la violencia.\u00a0 \u00a0<\/p>\n\n\n\n<p>Qu\u00e9 pasa con las fuerzas de seguridad, <strong>\u00bfser\u00e1 que a pesar de contar con \u00e1reas especializadas en g\u00e9nero en los respectivos ministerios y dependencias de seguridad, sigue primando una formaci\u00f3n machista y por ende, violenta de sus trabajadores?<\/strong><\/p>\n\n\n\n<p>De acuerdo a datos brindados por el <strong>Observatorio de G\u00e9nero Ahora que si nos ven, 5% de los femicidios ocurridos en 2020 fueron perpetrados por efectivos de las fuerzas de seguridad<\/strong>. Este dato no es menor, ya que pone en tela de juicio la l\u00f3gica violenta y de subordinaci\u00f3n que impera en nuestras fuerzas y que trasciende la cuesti\u00f3n de g\u00e9nero. Es esta l\u00f3gica, f\u00e1cilmente observable en las pr\u00e1cticas institucionales, la que de alguna manera explica la impunidad que pesa frente a los funcionarios p\u00fablicos de las fuerzas de seguridad. Esto nos permite afirmar que la violencia institucional es otra cara de la violencia de g\u00e9nero y viceversa, no olvidemos que cuando les amigues y familiares de \u00darsula fueron a reclamar a la comisar\u00eda por su femicidio, fueron reprimidos sin que el pulso les temblara a los efectivos de la polic\u00eda.<\/p>\n\n\n\n<div class=\"wp-block-image\"><figure class=\"aligncenter size-large is-resized\"><img loading=\"lazy\" decoding=\"async\" src=\"http:\/\/comunicadas.com.ar\/wp-content\/uploads\/2021\/02\/whatsapp-image-2021-02-18-at-8.31.58-pm-1.jpeg?w=1024\" alt=\"\" class=\"wp-image-4666\" width=\"674\" height=\"448\" srcset=\"https:\/\/comunicadas.com.ar\/wp-content\/uploads\/2021\/02\/whatsapp-image-2021-02-18-at-8.31.58-pm-1.jpeg 1280w, https:\/\/comunicadas.com.ar\/wp-content\/uploads\/2021\/02\/whatsapp-image-2021-02-18-at-8.31.58-pm-1-300x200.jpeg 300w, https:\/\/comunicadas.com.ar\/wp-content\/uploads\/2021\/02\/whatsapp-image-2021-02-18-at-8.31.58-pm-1-1024x682.jpeg 1024w, https:\/\/comunicadas.com.ar\/wp-content\/uploads\/2021\/02\/whatsapp-image-2021-02-18-at-8.31.58-pm-1-768x512.jpeg 768w, https:\/\/comunicadas.com.ar\/wp-content\/uploads\/2021\/02\/whatsapp-image-2021-02-18-at-8.31.58-pm-1-580x386.jpeg 580w\" sizes=\"(max-width: 674px) 100vw, 674px\" \/><figcaption>Fotos gentileza portal <a href=\"https:\/\/zorzaldiario.com.ar\/\">Zorzaldiario.com.ar<\/a> PH: @solmasini y @evelynschonfeld.<\/figcaption><\/figure><\/div>\n\n\n\n<p>Asimismo, el femicidio de \u00darsula demostr\u00f3 la complicidad presente en aquellos varones cis que responden a una masculinidad hegem\u00f3nica y heteronormada, quienes prefieren callar y se\u00f1alar al otro para as\u00ed mantener ajeno al violento, sin cuestionar las pr\u00e1cticas que reproducen la violencia de g\u00e9nero y que ellos mismos ejercen a diario.&nbsp;<\/p>\n\n\n\n<p>Por otro lado, con respecto al<strong> Poder Judicial<\/strong>, sabemos que contamos con las herramientas para eliminar la violencia de g\u00e9nero en todos sus aspectos, pero es muy dif\u00edcil que las mismas sean aplicadas si todav\u00eda perduran las pr\u00e1cticas patriarcales que sostienen dicha violencia. En ese sentido, <strong>democratizar la justicia resulta fundamental<\/strong> si apuntamos a un Poder Judicial con perspectiva de g\u00e9nero, no solo para nosotras, sino para toda la sociedad.<\/p>\n\n\n\n<p>Las <strong>redes feministas<\/strong> que fueron construidas en los \u00faltimos a\u00f1os, lograron que las fiscal\u00edas recepcionen las denuncias por violencia de g\u00e9nero de millones de pibas. Las <strong>promotoras contra la violencia de g\u00e9nero<\/strong>, que no perciben un sueldo, ni ning\u00fan tipo de reconocimiento por su trabajo diario de contenci\u00f3n y asesoramiento, son las que madrugan, prestan plata para el bondi para ir a la comisar\u00eda y hasta patean escritorios en las instituciones para que atiendan a aquellas mujeres que padecen violencia.<\/p>\n\n\n\n<p>Para finalizar, no podemos decir que en nuestro pa\u00eds no existan las herramientas necesarias para prevenir y condenar la violencia de g\u00e9nero. Tenemos los elementos, pero <strong>falta voluntad individual, social y tambi\u00e9n pol\u00edtica<\/strong> para desarmar las estructuras patriarcales presentes en nuestras instituciones.\u00a0 Escuchemos ese <em>\u201csi no vuelvo, rompan todo\u201d<\/em> de \u00darsula, como un llamado a deconstruir y terminar con aquellas pr\u00e1cticas y l\u00f3gicas que se retroalimentan de la violencia y de la opresi\u00f3n de le otre.<\/p>\n","protected":false},"excerpt":{"rendered":"<p>\u00bfQu\u00e9 evidenci\u00f3 el femicidio de \u00darsula Bahillo? Pasada la manifestaci\u00f3n del 17F frente a Tribunales, \u00a0queda analizar y pensar cu\u00e1les son las herramientas que faltan para que terminen los femicidios y trans-travesticidios en nuestro pa\u00eds. El femicidio de \u00darsula Bahillo, ocurrido en Rojas, provincia de Buenos Aires, el 8 de febrero pasado, le corri\u00f3 el [&hellip;]<\/p>\n","protected":false},"author":1,"featured_media":4665,"comment_status":"open","ping_status":"open","sticky":false,"template":"","format":"standard","meta":{"inline_featured_image":false,"_monsterinsights_skip_tracking":false,"_monsterinsights_sitenote_active":false,"_monsterinsights_sitenote_note":"","_monsterinsights_sitenote_category":0,"lzb_camalote_bajada":"","lzb_camalote_fotogalerias_repeater":"","lzb_camalote_fotogalerias_desc":"","lzb_camalote_fotogalerias_autorxs":"%5B%5D","lzb_camalote_post_imagen_destacada":"","lzb_camalote_post_imagen_destacada_fotografx":"","lzb_camalote_post_imagen_destacada_fotografx_url":"","_jetpack_memberships_contains_paid_content":false,"footnotes":""},"categories":[1],"tags":[],"class_list":["post-4663","post","type-post","status-publish","format-standard","has-post-thumbnail","hentry","category-sin-categoria"],"aioseo_notices":[],"jetpack_featured_media_url":"https:\/\/comunicadas.com.ar\/wp-content\/uploads\/2021\/02\/whatsapp-image-2021-02-18-at-8.31.59-pm-1.jpeg","jetpack_sharing_enabled":true,"jetpack_likes_enabled":true,"_links":{"self":[{"href":"https:\/\/comunicadas.com.ar\/index.php\/wp-json\/wp\/v2\/posts\/4663"}],"collection":[{"href":"https:\/\/comunicadas.com.ar\/index.php\/wp-json\/wp\/v2\/posts"}],"about":[{"href":"https:\/\/comunicadas.com.ar\/index.php\/wp-json\/wp\/v2\/types\/post"}],"author":[{"embeddable":true,"href":"https:\/\/comunicadas.com.ar\/index.php\/wp-json\/wp\/v2\/users\/1"}],"replies":[{"embeddable":true,"href":"https:\/\/comunicadas.com.ar\/index.php\/wp-json\/wp\/v2\/comments?post=4663"}],"version-history":[{"count":0,"href":"https:\/\/comunicadas.com.ar\/index.php\/wp-json\/wp\/v2\/posts\/4663\/revisions"}],"wp:featuredmedia":[{"embeddable":true,"href":"https:\/\/comunicadas.com.ar\/index.php\/wp-json\/wp\/v2\/media\/4665"}],"wp:attachment":[{"href":"https:\/\/comunicadas.com.ar\/index.php\/wp-json\/wp\/v2\/media?parent=4663"}],"wp:term":[{"taxonomy":"category","embeddable":true,"href":"https:\/\/comunicadas.com.ar\/index.php\/wp-json\/wp\/v2\/categories?post=4663"},{"taxonomy":"post_tag","embeddable":true,"href":"https:\/\/comunicadas.com.ar\/index.php\/wp-json\/wp\/v2\/tags?post=4663"}],"curies":[{"name":"wp","href":"https:\/\/api.w.org\/{rel}","templated":true}]}}