{"id":4646,"date":"2021-02-08T19:18:13","date_gmt":"2021-02-08T22:18:13","guid":{"rendered":"http:\/\/comunicadas.com.ar\/?p=4646"},"modified":"2021-02-08T19:18:13","modified_gmt":"2021-02-08T22:18:13","slug":"el-deporte-es-salud","status":"publish","type":"post","link":"https:\/\/comunicadas.com.ar\/index.php\/2021\/02\/08\/el-deporte-es-salud\/","title":{"rendered":"\u00bfEl deporte es salud?"},"content":{"rendered":"\n<p>A ra\u00edz de los dos casos de suicidio acontecidos la semana pasada, surgieron dos cuestionamientos. En primer lugar, trat\u00e1ndose de una problem\u00e1tica de salud p\u00fablica, \u00bffue abordada de forma correcta por los medios de comunicaci\u00f3n? y por otro lado \u00bfcu\u00e1l es el lugar que se le da a la salud mental en los \u00e1mbitos deportivos?.<\/p>\n\n\n\n<p>El Ministerio de Salud de la Naci\u00f3n, en <a href=\"https:\/\/www.argentina.gob.ar\/salud\/mental-y-adicciones\/recomendaciones-a%20medios-suicidio\">Recomendaciones para el tratamiento medi\u00e1tico del suicidio<\/a>, indica que los medios de comunicaci\u00f3n tienen una responsabilidad a la hora de informar sobre la tem\u00e1tica, debido a que un mal abordaje podr\u00eda influir negativamente en otras conductas suicidas.&nbsp;<\/p>\n\n\n\n<p>Partiendo de esa base, resulta fundamental que les comunicadores comprendamos al suicidio en toda su complejidad, entendiendo su implicancia en el \u00e1mbito privado, as\u00ed como en el social. En esta l\u00ednea, y con el fin de no simplificar la problem\u00e1tica, es necesario que respetemos la intimidad de v\u00edctimas y familiares, y no reforcemos estigmatizaciones al respecto, siempre teniendo en cuenta que, como afirma el citado ministerio, el suicidio nunca es una elecci\u00f3n, sino que es el producto de una restricci\u00f3n en las aspiraciones vitales de las personas.<\/p>\n\n\n\n<p>Como es de p\u00fablico conocimiento, tanto Santiago \u201cMorro\u201d Garc\u00eda, como Alan Calabrese, se desempe\u00f1aban como deportistas, f\u00fatbol y rugby respectivamente. Sin intenci\u00f3n de simplificar la situaci\u00f3n particular de la vida de cada uno y menos de generalizar, es imposible no preguntarse c\u00f3mo se aborda la salud mental en el \u00e1mbito del deporte.<\/p>\n\n\n\n<p>\u00a0<\/p>\n\n\n\n<div class=\"wp-block-image\"><figure class=\"alignleft size-large is-resized\"><img loading=\"lazy\" decoding=\"async\" src=\"http:\/\/comunicadas.com.ar\/wp-content\/uploads\/2021\/02\/tv-copy-1.png?w=1000\" alt=\"\" class=\"wp-image-4650\" width=\"217\" height=\"217\" srcset=\"https:\/\/comunicadas.com.ar\/wp-content\/uploads\/2021\/02\/tv-copy-1.png 1000w, https:\/\/comunicadas.com.ar\/wp-content\/uploads\/2021\/02\/tv-copy-1-300x300.png 300w, https:\/\/comunicadas.com.ar\/wp-content\/uploads\/2021\/02\/tv-copy-1-150x150.png 150w, https:\/\/comunicadas.com.ar\/wp-content\/uploads\/2021\/02\/tv-copy-1-768x768.png 768w, https:\/\/comunicadas.com.ar\/wp-content\/uploads\/2021\/02\/tv-copy-1-90x90.png 90w\" sizes=\"(max-width: 217px) 100vw, 217px\" \/><\/figure><\/div>\n\n\n\n<p>\u201c\u00bfC\u00f3mo se configura la subjetividad futbol\u00edstica si desde la infancia les dicen: <em>\u201cel futuro est\u00e1 en tus manos\u201d \u201cEl \u00e9xito depende de vos\u201d \u201cTen\u00e9s que aprovechar esta oportunidad porque no se va a volver a dar\u201d \u201cA los 35 ya no serv\u00eds m\u00e1s\u201d \u201cEstar ac\u00e1 es un privilegio\u201d \u201cSi no te esforz\u00e1s no vas a cumplir tu sue\u00f1o\u201d<\/em>\u201d, pregunta la licenciada en psicolog\u00eda <a href=\"https:\/\/twitter.com\/DeboraMajul\/status\/1358206995938103297\/photo\/1\">D\u00e9bora Majul,<\/a> desnudando al discurso exitista y merit\u00f3crata que prima en las instituciones deportivas y que moldea la subjetividad de les pibes que ingresan desde las inferiores con el sue\u00f1o de llegar a jugar en primera divisi\u00f3n. Ese sue\u00f1o se encuentra sostenido por la figura idealizada del jugador-h\u00e9roe, que visibiliza, -como buen discurso merit\u00f3crata-, a aquelles que lograron \u201cllegar\u201d, simplificando, como si fuera una l\u00ednea recta, las carreras profesionales de les jugadores y anulando a les que quedan en el camino.&nbsp;<\/p>\n\n\n\n<p>\u00bfCu\u00e1l es el lugar que le cabe a la salud mental en un \u00e1mbito deportivo afianzado por un discurso exitista af\u00edn a la mercantilizaci\u00f3n de les jugadores? La realidad demuestra que se trata de un lugar subsidiario y vinculado solamente a favorecer la productividad y efectividad, lo que deja muy poco margen para que se expresen y traten padecimientos que muchas veces suelen ser tab\u00fa.&nbsp;<\/p>\n\n\n\n<div class=\"wp-block-image\"><figure class=\"alignleft size-large\"><img loading=\"lazy\" decoding=\"async\" width=\"585\" height=\"117\" src=\"http:\/\/comunicadas.com.ar\/wp-content\/uploads\/2021\/02\/untitled-1.png?w=585\" alt=\"\" class=\"wp-image-4648\" srcset=\"https:\/\/comunicadas.com.ar\/wp-content\/uploads\/2021\/02\/untitled-1.png 585w, https:\/\/comunicadas.com.ar\/wp-content\/uploads\/2021\/02\/untitled-1-300x60.png 300w, https:\/\/comunicadas.com.ar\/wp-content\/uploads\/2021\/02\/untitled-1-580x117.png 580w\" sizes=\"(max-width: 585px) 100vw, 585px\" \/><\/figure><\/div>\n\n\n\n<p><\/p>\n\n\n\n<p><\/p>\n\n\n\n<p>El preparador f\u00edsico, Fernando Signorini, expres\u00f3: <em>\u201cAlg\u00fan d\u00eda tendremos que hacernos cargo de este ambiente t\u00f3xico y nefasto que hemos sabido construir. P\u00fablico, periodistas, dirigentes, agentes, DT, profes y tambi\u00e9n futbolistas; educar y preparar futbolistas para la vida (y todo lo que eso implica) no para el domingo o la tapa del lunes.\u201d<\/em> Ese \u201chacernos cargo\u201d es un llamado a que dejemos de asociar deporte con salud porque s\u00ed y repensemos la cultura del deporte, que todav\u00eda se encuentra anclada en un discurso exitista y mercantilista, e \u00edntimamente vinculada a una masculinidad heteronormada y patriarcal, que ahoga a todes, pero sobre todo a los varones, que se ven imposibilitados de expresar otros tipos de masculinidades.\u00a0<\/p>\n\n\n\n<p>En definitiva se trata de empezar a deconstruir la cultura del deporte heteronormada y sostenida en el \u00e9xito, para poder vivir experiencias deportivas m\u00e1s sanas y que ese ideal que relaciona deporte con salud no sea un simple concepto vac\u00edo.&nbsp;&nbsp;<\/p>\n","protected":false},"excerpt":{"rendered":"<p>A ra\u00edz de los dos casos de suicidio acontecidos la semana pasada, surgieron dos cuestionamientos. En primer lugar, trat\u00e1ndose de una problem\u00e1tica de salud p\u00fablica, \u00bffue abordada de forma correcta por los medios de comunicaci\u00f3n? y por otro lado \u00bfcu\u00e1l es el lugar que se le da a la salud mental en los \u00e1mbitos deportivos?.<\/p>\n","protected":false},"author":1,"featured_media":4652,"comment_status":"open","ping_status":"open","sticky":false,"template":"","format":"standard","meta":{"inline_featured_image":false,"_monsterinsights_skip_tracking":false,"_monsterinsights_sitenote_active":false,"_monsterinsights_sitenote_note":"","_monsterinsights_sitenote_category":0,"lzb_camalote_bajada":"","lzb_camalote_fotogalerias_repeater":"","lzb_camalote_fotogalerias_desc":"","lzb_camalote_fotogalerias_autorxs":"%5B%5D","lzb_camalote_post_imagen_destacada":"","lzb_camalote_post_imagen_destacada_fotografx":"","lzb_camalote_post_imagen_destacada_fotografx_url":"","_jetpack_memberships_contains_paid_content":false,"footnotes":""},"categories":[20],"tags":[305,601,798],"class_list":["post-4646","post","type-post","status-publish","format-standard","has-post-thumbnail","hentry","category-opinion","tag-deporte","tag-masculinidades","tag-salud-mental"],"aioseo_notices":[],"jetpack_featured_media_url":"https:\/\/comunicadas.com.ar\/wp-content\/uploads\/2021\/02\/salud-mental-1.png","jetpack_sharing_enabled":true,"jetpack_likes_enabled":true,"_links":{"self":[{"href":"https:\/\/comunicadas.com.ar\/index.php\/wp-json\/wp\/v2\/posts\/4646"}],"collection":[{"href":"https:\/\/comunicadas.com.ar\/index.php\/wp-json\/wp\/v2\/posts"}],"about":[{"href":"https:\/\/comunicadas.com.ar\/index.php\/wp-json\/wp\/v2\/types\/post"}],"author":[{"embeddable":true,"href":"https:\/\/comunicadas.com.ar\/index.php\/wp-json\/wp\/v2\/users\/1"}],"replies":[{"embeddable":true,"href":"https:\/\/comunicadas.com.ar\/index.php\/wp-json\/wp\/v2\/comments?post=4646"}],"version-history":[{"count":0,"href":"https:\/\/comunicadas.com.ar\/index.php\/wp-json\/wp\/v2\/posts\/4646\/revisions"}],"wp:featuredmedia":[{"embeddable":true,"href":"https:\/\/comunicadas.com.ar\/index.php\/wp-json\/wp\/v2\/media\/4652"}],"wp:attachment":[{"href":"https:\/\/comunicadas.com.ar\/index.php\/wp-json\/wp\/v2\/media?parent=4646"}],"wp:term":[{"taxonomy":"category","embeddable":true,"href":"https:\/\/comunicadas.com.ar\/index.php\/wp-json\/wp\/v2\/categories?post=4646"},{"taxonomy":"post_tag","embeddable":true,"href":"https:\/\/comunicadas.com.ar\/index.php\/wp-json\/wp\/v2\/tags?post=4646"}],"curies":[{"name":"wp","href":"https:\/\/api.w.org\/{rel}","templated":true}]}}