{"id":4625,"date":"2021-01-31T18:53:59","date_gmt":"2021-01-31T21:53:59","guid":{"rendered":"http:\/\/comunicadas.com.ar\/?p=4625"},"modified":"2021-01-31T18:53:59","modified_gmt":"2021-01-31T21:53:59","slug":"dementia-la-joya-perdida-del-film-noir","status":"publish","type":"post","link":"https:\/\/comunicadas.com.ar\/index.php\/2021\/01\/31\/dementia-la-joya-perdida-del-film-noir\/","title":{"rendered":"Dementia, la joya perdida del film noir"},"content":{"rendered":"\n<p>Hoy, les traigo un cl\u00e1sico del cine de terror un tanto desconocido: Dementia (Demencia). Dementia es una pel\u00edcula corta, de una hora, de 1955, que sigue a una mujer en una noche de frenes\u00ed irracional, en la que nos cuesta distinguir la fantas\u00eda de la realidad.<\/p>\n\n\n\n<p>La protagonista (no tiene nombre) se despierta en su habitaci\u00f3n de hotel despu\u00e9s de una pesadilla y, como pose\u00edda por una locura moment\u00e1nea, sale a las calles nocturnas de la ciudad. Agobiada por un sue\u00f1o premonitorio, camina sin ning\u00fan rumbo fijo y se cruza con muchos hombres, que la acosan y le hacen sentir su superioridad.<\/p>\n\n\n\n<figure class=\"wp-block-embed is-type-rich is-provider-youtube wp-block-embed-youtube wp-embed-aspect-16-9 wp-has-aspect-ratio\"><div class=\"wp-block-embed__wrapper\">\n<iframe loading=\"lazy\" title=\"DEMENTIA (1955) - Trailer\" width=\"500\" height=\"281\" src=\"https:\/\/www.youtube.com\/embed\/ff8w5U-zueo?feature=oembed\" frameborder=\"0\" allow=\"accelerometer; autoplay; clipboard-write; encrypted-media; gyroscope; picture-in-picture; web-share\" referrerpolicy=\"strict-origin-when-cross-origin\" allowfullscreen><\/iframe>\n<\/div><\/figure>\n\n\n\n<p>Si bien Dementia no tiene espec\u00edficamente una tem\u00e1tica de g\u00e9nero, me interes\u00f3 el hecho de que muestre la ciudad de noche como un \u00e1mbito hostil y peligroso para esta mujer (y para todas). Los hombres est\u00e1n representados como predadores dispuestos a atacar, que le hacen entender a la protagonista que las calles no son de ella, que no pertenece a la vida nocturna. Y todo eso se da a entender sin ning\u00fan di\u00e1logo. S\u00ed, la pel\u00edcula es muda.<\/p>\n\n\n\n<p>As\u00ed que aqu\u00ed les dejo una propuesta interesante para este domingo lluvioso, una joyita del film noir que no tiene nada que envidiarle a sus contempor\u00e1neas m\u00e1s conocidas.<\/p>\n","protected":false},"excerpt":{"rendered":"<p>Hoy, les traigo un cl\u00e1sico del cine de terror un tanto desconocido: Dementia (Demencia). Dementia es una pel\u00edcula corta, de una hora, de 1955, que sigue a una mujer en una noche de frenes\u00ed irracional, en la que nos cuesta distinguir la fantas\u00eda de la realidad. La protagonista (no tiene nombre) se despierta en su [&hellip;]<\/p>\n","protected":false},"author":1,"featured_media":4627,"comment_status":"open","ping_status":"open","sticky":false,"template":"","format":"standard","meta":{"inline_featured_image":false,"_monsterinsights_skip_tracking":false,"_monsterinsights_sitenote_active":false,"_monsterinsights_sitenote_note":"","_monsterinsights_sitenote_category":0,"lzb_camalote_bajada":"","lzb_camalote_fotogalerias_repeater":"","lzb_camalote_fotogalerias_desc":"","lzb_camalote_fotogalerias_autorxs":"%5B%5D","lzb_camalote_post_imagen_destacada":"","lzb_camalote_post_imagen_destacada_fotografx":"","lzb_camalote_post_imagen_destacada_fotografx_url":"","_jetpack_memberships_contains_paid_content":false,"footnotes":""},"categories":[5,21],"tags":[],"class_list":["post-4625","post","type-post","status-publish","format-standard","has-post-thumbnail","hentry","category-cine-y-series","category-recomendacion"],"aioseo_notices":[],"jetpack_featured_media_url":"https:\/\/comunicadas.com.ar\/wp-content\/uploads\/2021\/01\/dementia-1.jpg","jetpack_sharing_enabled":true,"jetpack_likes_enabled":true,"_links":{"self":[{"href":"https:\/\/comunicadas.com.ar\/index.php\/wp-json\/wp\/v2\/posts\/4625"}],"collection":[{"href":"https:\/\/comunicadas.com.ar\/index.php\/wp-json\/wp\/v2\/posts"}],"about":[{"href":"https:\/\/comunicadas.com.ar\/index.php\/wp-json\/wp\/v2\/types\/post"}],"author":[{"embeddable":true,"href":"https:\/\/comunicadas.com.ar\/index.php\/wp-json\/wp\/v2\/users\/1"}],"replies":[{"embeddable":true,"href":"https:\/\/comunicadas.com.ar\/index.php\/wp-json\/wp\/v2\/comments?post=4625"}],"version-history":[{"count":0,"href":"https:\/\/comunicadas.com.ar\/index.php\/wp-json\/wp\/v2\/posts\/4625\/revisions"}],"wp:featuredmedia":[{"embeddable":true,"href":"https:\/\/comunicadas.com.ar\/index.php\/wp-json\/wp\/v2\/media\/4627"}],"wp:attachment":[{"href":"https:\/\/comunicadas.com.ar\/index.php\/wp-json\/wp\/v2\/media?parent=4625"}],"wp:term":[{"taxonomy":"category","embeddable":true,"href":"https:\/\/comunicadas.com.ar\/index.php\/wp-json\/wp\/v2\/categories?post=4625"},{"taxonomy":"post_tag","embeddable":true,"href":"https:\/\/comunicadas.com.ar\/index.php\/wp-json\/wp\/v2\/tags?post=4625"}],"curies":[{"name":"wp","href":"https:\/\/api.w.org\/{rel}","templated":true}]}}