{"id":4598,"date":"2021-01-25T10:45:00","date_gmt":"2021-01-25T13:45:00","guid":{"rendered":"http:\/\/comunicadas.com.ar\/?p=4598"},"modified":"2021-01-25T10:45:00","modified_gmt":"2021-01-25T13:45:00","slug":"el-cupo-y-la-inclusion-laboral-travesti-trans-fue-incluido-en-las-sesiones-extraordinarias-en-diputadxs","status":"publish","type":"post","link":"https:\/\/comunicadas.com.ar\/index.php\/2021\/01\/25\/el-cupo-y-la-inclusion-laboral-travesti-trans-fue-incluido-en-las-sesiones-extraordinarias-en-diputadxs\/","title":{"rendered":"El Cupo y la inclusi\u00f3n laboral travesti trans fue incluido en las sesiones extraordinarias en Diputadxs"},"content":{"rendered":"\n<p class=\"has-white-color has-text-color has-background\" style=\"background-color:#a200a3;\">El proyecto de Ley de Promoci\u00f3n del Acceso al Empleo Formal para Personas Travestis, Transexuales y Transg\u00e9nero \u201cDiana Sacayan \u2013 Lohana Berkins\u201d fue incluido por el Poder Ejecutivo Nacional en la agenda legislativa para las <strong>sesiones extraordinarias programadas hasta el 28 de febrero.<\/strong> As\u00ed, el proyecto se encamina a convertirse en Ley nacional.<\/p>\n\n\n\n<p>Seg\u00fan public\u00f3 este fin de semana, el <a href=\"https:\/\/www.facebook.com\/orgulloylucha\/posts\/431921151487560\">colectivo Orgullo y lucha<\/a>, el Decreto 721\/2020 \u201c<strong>habilit\u00f3 el tratamiento del proyecto que ven\u00edan solicitando las organizaciones que integran la Campa\u00f1a por una Ley Nacional de Cupo e Inclusi\u00f3n Laboral Travesti Trans que desde el 8 de octubre de 2020 tiene Dictamen de las Comisiones de Mujeres y Diversidad, de Legislaci\u00f3n del Trabajo y de Presupuesto y Hacienda de la C\u00e1mara de Diputados de la Naci\u00f3n\".<\/strong><\/p>\n\n\n\n<figure class=\"wp-block-image size-large\"><img loading=\"lazy\" decoding=\"async\" width=\"1024\" height=\"512\" src=\"http:\/\/comunicadas.com.ar\/wp-content\/uploads\/2021\/01\/140932952_431920541487621_7709940943584398325_o-1.jpg?w=1024\" alt=\"\" class=\"wp-image-4602\" srcset=\"https:\/\/comunicadas.com.ar\/wp-content\/uploads\/2021\/01\/140932952_431920541487621_7709940943584398325_o-1.jpg 1024w, https:\/\/comunicadas.com.ar\/wp-content\/uploads\/2021\/01\/140932952_431920541487621_7709940943584398325_o-1-300x150.jpg 300w, https:\/\/comunicadas.com.ar\/wp-content\/uploads\/2021\/01\/140932952_431920541487621_7709940943584398325_o-1-768x384.jpg 768w\" sizes=\"(max-width: 1024px) 100vw, 1024px\" \/><figcaption>Facebook Orgullo y lucha.<\/figcaption><\/figure>\n\n\n\n<p>Adem\u00e1s, agregaron en el comunicado que difundieron v\u00eda redes sociales que, \"es un reclamo hist\u00f3rico del colectivo travesti trans de la Argentina que, cuando se apruebe, <strong>obligar\u00e1 a los tres poderes del Estado nacional a adoptar, como medida de acci\u00f3n positiva, un cupo laboral del 1% destinado a personas trans<\/strong>, implementar pol\u00edticas p\u00fablicas tendientes a lograr la efectiva inclusi\u00f3n laboral de las personas travestis trans en el sector privado a trav\u00e9s de est\u00edmulos fiscales y el apoyo a proyectos productivos de la econom\u00eda popular travesti trans con el fin de promover la igualdad real de oportunidades\".<\/p>\n\n\n\n<p>Por otro lado, resaltaron que, por el contexto de pandemia, \"la sanci\u00f3n de la Ley Nacional de Cupo e Inclusi\u00f3n Laboral Travesti Trans cobra a\u00fan m\u00e1s relevancia en el contexto actual de pandemia que <strong>empeor\u00f3 las condiciones de exclusi\u00f3n y violencia hist\u00f3rica y estructural que atraviesa la poblaci\u00f3n trans y que requiere ser atendida de modo urgente.<\/strong> Es por ello que saludamos la decisi\u00f3n del Presidente de la Naci\u00f3n, Alberto Fern\u00e1ndez por esta decisi\u00f3n, que confirma su compromiso con los derechos humanos de la toda la comunidad LGBTI+\".&nbsp;<\/p>\n\n\n\n<p>Recordemos que la Campa\u00f1a por una <strong>Ley Nacional de Cupo e Inclusi\u00f3n Laboral Travesti Trans <\/strong>est\u00e1 integrada por el Frente Orgullo y Lucha,&nbsp; la Liga LGBTIQ+ de las Provincias y la Convocatoria Federal Trans y Travesti Argentina y cuenta con la adhesi\u00f3n de m\u00e1s de 200 organizaciones de todo el pa\u00eds.<\/p>\n","protected":false},"excerpt":{"rendered":"<p>El proyecto de Ley de Promoci\u00f3n del Acceso al Empleo Formal para Personas Travestis, Transexuales y Transg\u00e9nero \u201cDiana Sacayan \u2013 Lohana Berkins\u201d fue incluido por el Poder Ejecutivo Nacional en la agenda legislativa para las sesiones extraordinarias programadas hasta el 28 de febrero. As\u00ed, el proyecto se encamina a convertirse en Ley nacional. Seg\u00fan public\u00f3 [&hellip;]<\/p>\n","protected":false},"author":1,"featured_media":4601,"comment_status":"open","ping_status":"open","sticky":false,"template":"","format":"standard","meta":{"inline_featured_image":false,"_monsterinsights_skip_tracking":false,"_monsterinsights_sitenote_active":false,"_monsterinsights_sitenote_note":"","_monsterinsights_sitenote_category":0,"lzb_camalote_bajada":"","lzb_camalote_fotogalerias_repeater":"","lzb_camalote_fotogalerias_desc":"","lzb_camalote_fotogalerias_autorxs":"%5B%5D","lzb_camalote_post_imagen_destacada":"","lzb_camalote_post_imagen_destacada_fotografx":"","lzb_camalote_post_imagen_destacada_fotografx_url":"","_jetpack_memberships_contains_paid_content":false,"footnotes":""},"categories":[1],"tags":[],"class_list":["post-4598","post","type-post","status-publish","format-standard","has-post-thumbnail","hentry","category-sin-categoria"],"aioseo_notices":[],"jetpack_featured_media_url":"https:\/\/comunicadas.com.ar\/wp-content\/uploads\/2021\/01\/unnamed-1.jpg","jetpack_sharing_enabled":true,"jetpack_likes_enabled":true,"_links":{"self":[{"href":"https:\/\/comunicadas.com.ar\/index.php\/wp-json\/wp\/v2\/posts\/4598"}],"collection":[{"href":"https:\/\/comunicadas.com.ar\/index.php\/wp-json\/wp\/v2\/posts"}],"about":[{"href":"https:\/\/comunicadas.com.ar\/index.php\/wp-json\/wp\/v2\/types\/post"}],"author":[{"embeddable":true,"href":"https:\/\/comunicadas.com.ar\/index.php\/wp-json\/wp\/v2\/users\/1"}],"replies":[{"embeddable":true,"href":"https:\/\/comunicadas.com.ar\/index.php\/wp-json\/wp\/v2\/comments?post=4598"}],"version-history":[{"count":0,"href":"https:\/\/comunicadas.com.ar\/index.php\/wp-json\/wp\/v2\/posts\/4598\/revisions"}],"wp:featuredmedia":[{"embeddable":true,"href":"https:\/\/comunicadas.com.ar\/index.php\/wp-json\/wp\/v2\/media\/4601"}],"wp:attachment":[{"href":"https:\/\/comunicadas.com.ar\/index.php\/wp-json\/wp\/v2\/media?parent=4598"}],"wp:term":[{"taxonomy":"category","embeddable":true,"href":"https:\/\/comunicadas.com.ar\/index.php\/wp-json\/wp\/v2\/categories?post=4598"},{"taxonomy":"post_tag","embeddable":true,"href":"https:\/\/comunicadas.com.ar\/index.php\/wp-json\/wp\/v2\/tags?post=4598"}],"curies":[{"name":"wp","href":"https:\/\/api.w.org\/{rel}","templated":true}]}}