{"id":4593,"date":"2021-01-27T10:00:00","date_gmt":"2021-01-27T13:00:00","guid":{"rendered":"http:\/\/comunicadas.com.ar\/?p=4593"},"modified":"2021-01-27T10:00:00","modified_gmt":"2021-01-27T13:00:00","slug":"disculpa-pero-no-trabajamos-ese-talle","status":"publish","type":"post","link":"https:\/\/comunicadas.com.ar\/index.php\/2021\/01\/27\/disculpa-pero-no-trabajamos-ese-talle\/","title":{"rendered":"\u201cDisculp\u00e1, pero no trabajamos ese talle\u2026\u201d"},"content":{"rendered":"\n<p>Por Facundo Mart\u00ednez<\/p>\n\n\n\n<p>Ilustraci\u00f3n: Lulelia<\/p>\n\n\n\n<p>Esta es una frase muy com\u00fan que muchas personas escuchan a la hora de comprar ropa; personas que no cumplen con los est\u00e1ndares de belleza hegem\u00f3nicos y, por ende, son condenadas al ostracismo de la moda. Para elles no hay opciones, no pueden comprarse lo que les gusta, tienen que conformarse con lo que hay. Esto se debe a que sus cuerpos no se ven representados en las vidrieras porque sigue en vigencia en nuestro pa\u00eds el sistema de talles \u00fanicos o standard, que excluye a quienes no portan las medidas corporales que impone la industria de la moda.<\/p>\n\n\n\n<p>En noviembre de 2019 se sancion\u00f3 la Ley Nacional N\u00b027521 , conocida como \u201cLey de Talles\u201d, que establece crear un Sistema \u00danico Normalizado de Identificaci\u00f3n de talles de Indumentaria (SUNITI), con medidas corporales estandarizadas con destino a la fabricaci\u00f3n, confecci\u00f3n, comercializaci\u00f3n o importaci\u00f3n de indumentaria destinada a la poblaci\u00f3n a partir de los doce (12) a\u00f1os de edad. Sin embargo, han pasado los 180 d\u00edas con los que cuenta el Poder Ejecutivo para la reglamentaci\u00f3n de la normativa. Cabe aclarar que el contexto de pandemia fren\u00f3 la toma de medidas antropom\u00e9tricas de la poblaci\u00f3n para poder establecer el Sistema \u00danico de talles.<\/p>\n\n\n\n<p>Es pertinente saber que cuando se sanciona una ley y se promulga, lo siguiente es su reglamentaci\u00f3n, y la misma es competencia del Poder Ejecutivo; es all\u00ed donde se indicar\u00e1n los actores involucrados en la implementaci\u00f3n de la normativa. Sin reglamentaci\u00f3n no hay implementaci\u00f3n, y por ende va a seguir primando la discriminaci\u00f3n hacia los cuerpos no hegem\u00f3nicos, ya que cada tienda de ropa no se ver\u00e1 obligada a hacer cumplir la ley, y seguir\u00e1 sin ofrecer a su p\u00fablico una mayor variedad en talles.<\/p>\n\n\n\n<p>En el marco de la pandemia que estamos atravesando, y de las campa\u00f1as de vacunaci\u00f3n que se est\u00e1n realizando, esperamos que en la nueva normalidad se pueda reglamentar e implementar la ley y que en las vidrieras haya una mayor representatividad de los cuerpos de todes, es hora que se acabe el dicho \u201cdisculp\u00e1, pero no trabajamos ese talle\u201d.<\/p>\n","protected":false},"excerpt":{"rendered":"<p>Por Facundo Mart\u00ednez Ilustraci\u00f3n: Lulelia Esta es una frase muy com\u00fan que muchas personas escuchan a la hora de comprar ropa; personas que no cumplen con los est\u00e1ndares de belleza hegem\u00f3nicos y, por ende, son condenadas al ostracismo de la moda. Para elles no hay opciones, no pueden comprarse lo que les gusta, tienen que [&hellip;]<\/p>\n","protected":false},"author":1,"featured_media":4609,"comment_status":"open","ping_status":"open","sticky":false,"template":"","format":"standard","meta":{"inline_featured_image":false,"_monsterinsights_skip_tracking":false,"_monsterinsights_sitenote_active":false,"_monsterinsights_sitenote_note":"","_monsterinsights_sitenote_category":0,"lzb_camalote_bajada":"","lzb_camalote_fotogalerias_repeater":"","lzb_camalote_fotogalerias_desc":"","lzb_camalote_fotogalerias_autorxs":"%5B%5D","lzb_camalote_post_imagen_destacada":"","lzb_camalote_post_imagen_destacada_fotografx":"","lzb_camalote_post_imagen_destacada_fotografx_url":"","_jetpack_memberships_contains_paid_content":false,"footnotes":""},"categories":[20],"tags":[],"class_list":["post-4593","post","type-post","status-publish","format-standard","has-post-thumbnail","hentry","category-opinion"],"aioseo_notices":[],"jetpack_featured_media_url":"https:\/\/comunicadas.com.ar\/wp-content\/uploads\/2021\/01\/whatsapp-image-2021-01-24-at-23.15.52-1.jpeg","jetpack_sharing_enabled":true,"jetpack_likes_enabled":true,"_links":{"self":[{"href":"https:\/\/comunicadas.com.ar\/index.php\/wp-json\/wp\/v2\/posts\/4593"}],"collection":[{"href":"https:\/\/comunicadas.com.ar\/index.php\/wp-json\/wp\/v2\/posts"}],"about":[{"href":"https:\/\/comunicadas.com.ar\/index.php\/wp-json\/wp\/v2\/types\/post"}],"author":[{"embeddable":true,"href":"https:\/\/comunicadas.com.ar\/index.php\/wp-json\/wp\/v2\/users\/1"}],"replies":[{"embeddable":true,"href":"https:\/\/comunicadas.com.ar\/index.php\/wp-json\/wp\/v2\/comments?post=4593"}],"version-history":[{"count":0,"href":"https:\/\/comunicadas.com.ar\/index.php\/wp-json\/wp\/v2\/posts\/4593\/revisions"}],"wp:featuredmedia":[{"embeddable":true,"href":"https:\/\/comunicadas.com.ar\/index.php\/wp-json\/wp\/v2\/media\/4609"}],"wp:attachment":[{"href":"https:\/\/comunicadas.com.ar\/index.php\/wp-json\/wp\/v2\/media?parent=4593"}],"wp:term":[{"taxonomy":"category","embeddable":true,"href":"https:\/\/comunicadas.com.ar\/index.php\/wp-json\/wp\/v2\/categories?post=4593"},{"taxonomy":"post_tag","embeddable":true,"href":"https:\/\/comunicadas.com.ar\/index.php\/wp-json\/wp\/v2\/tags?post=4593"}],"curies":[{"name":"wp","href":"https:\/\/api.w.org\/{rel}","templated":true}]}}