{"id":4587,"date":"2021-01-24T20:00:00","date_gmt":"2021-01-24T23:00:00","guid":{"rendered":"http:\/\/comunicadas.com.ar\/?p=4587"},"modified":"2021-01-24T20:00:00","modified_gmt":"2021-01-24T23:00:00","slug":"la-jauria-un-analisis-sobre-la-masculinidad","status":"publish","type":"post","link":"https:\/\/comunicadas.com.ar\/index.php\/2021\/01\/24\/la-jauria-un-analisis-sobre-la-masculinidad\/","title":{"rendered":"La jaur\u00eda, un an\u00e1lisis sobre la masculinidad"},"content":{"rendered":"\n<p>Seg\u00fan Rita Segato en \u201cLa guerra contra las mujeres\u201d, \u201cla expresi\u00f3n \u2018violencia sexual\u2019 confunde, pues aunque la agresi\u00f3n se ejecute por medios sexuales, la finalidad de la misma no es del orden de lo sexual sino del orden del poder; no se trata de agresiones originadas en la pulsi\u00f3n libidinal traducida en deseo de satisfacci\u00f3n sexual, sino que la libido se orienta aqu\u00ed al poder y a un mandato de pares o cofrades masculinos que exige una prueba de pertenencia al grupo\u201d. La recomendaci\u00f3n de hoy retrata este concepto a la perfecci\u00f3n. Hoy les traigo \u201cLa Jaur\u00eda\u201d.<\/p>\n\n\n\n<figure class=\"wp-block-embed is-type-rich is-provider-youtube wp-block-embed-youtube wp-embed-aspect-16-9 wp-has-aspect-ratio\"><div class=\"wp-block-embed__wrapper\">\n<iframe loading=\"lazy\" title=\"La Jaur\u00eda - Tr\u00e1iler oficial | Amazon Prime Video\" width=\"500\" height=\"281\" src=\"https:\/\/www.youtube.com\/embed\/MD1VDJVvpfM?feature=oembed\" frameborder=\"0\" allow=\"accelerometer; autoplay; clipboard-write; encrypted-media; gyroscope; picture-in-picture; web-share\" referrerpolicy=\"strict-origin-when-cross-origin\" allowfullscreen><\/iframe>\n<\/div><\/figure>\n\n\n\n<p>La Jaur\u00eda es una serie chilena sobre el secuestro y violaci\u00f3n de una adolescente, Blanca, que lidera una protesta en su escuela secundaria contra un profesor abusador. Pero la de Blanca no es una violaci\u00f3n al azar, a medida que avanza la investigaci\u00f3n para encontrarla nos enteramos de que un grupo de hombres que se hacen llamar \u201cLa jaur\u00eda\u201d opera en la clandestinidad para secuestrar y violar mujeres a modo de aleccionamiento. Ante la avanzada feminista, hombres poco dispuestos a resignar sus privilegios se organizan, y reclutan adeptos invocando al mandato social que les exige una muestra de masculinidad.<\/p>\n\n\n\n<p>La jaur\u00eda, m\u00e1s que una serie, es un an\u00e1lisis sobre la masculinidad t\u00f3xica y c\u00f3mo opera a trav\u00e9s de la violencia y el pacto de silencio. Deja picando el debate sobre la necesidad de construir nuevas masculinidades y destruir viejos mandatos.<\/p>\n","protected":false},"excerpt":{"rendered":"<p>Seg\u00fan Rita Segato en \u201cLa guerra contra las mujeres\u201d, \u201cla expresi\u00f3n \u2018violencia sexual\u2019 confunde, pues aunque la agresi\u00f3n se ejecute por medios sexuales, la finalidad de la misma no es del orden de lo sexual sino del orden del poder; no se trata de agresiones originadas en la pulsi\u00f3n libidinal traducida en deseo de satisfacci\u00f3n [&hellip;]<\/p>\n","protected":false},"author":1,"featured_media":4589,"comment_status":"open","ping_status":"open","sticky":false,"template":"","format":"standard","meta":{"inline_featured_image":false,"_monsterinsights_skip_tracking":false,"_monsterinsights_sitenote_active":false,"_monsterinsights_sitenote_note":"","_monsterinsights_sitenote_category":0,"lzb_camalote_bajada":"","lzb_camalote_fotogalerias_repeater":"","lzb_camalote_fotogalerias_desc":"","lzb_camalote_fotogalerias_autorxs":"%5B%5D","lzb_camalote_post_imagen_destacada":"","lzb_camalote_post_imagen_destacada_fotografx":"","lzb_camalote_post_imagen_destacada_fotografx_url":"","_jetpack_memberships_contains_paid_content":false,"footnotes":""},"categories":[5,21],"tags":[],"class_list":["post-4587","post","type-post","status-publish","format-standard","has-post-thumbnail","hentry","category-cine-y-series","category-recomendacion"],"aioseo_notices":[],"jetpack_featured_media_url":"https:\/\/comunicadas.com.ar\/wp-content\/uploads\/2021\/01\/la-jauria-1.jpg","jetpack_sharing_enabled":true,"jetpack_likes_enabled":true,"_links":{"self":[{"href":"https:\/\/comunicadas.com.ar\/index.php\/wp-json\/wp\/v2\/posts\/4587"}],"collection":[{"href":"https:\/\/comunicadas.com.ar\/index.php\/wp-json\/wp\/v2\/posts"}],"about":[{"href":"https:\/\/comunicadas.com.ar\/index.php\/wp-json\/wp\/v2\/types\/post"}],"author":[{"embeddable":true,"href":"https:\/\/comunicadas.com.ar\/index.php\/wp-json\/wp\/v2\/users\/1"}],"replies":[{"embeddable":true,"href":"https:\/\/comunicadas.com.ar\/index.php\/wp-json\/wp\/v2\/comments?post=4587"}],"version-history":[{"count":0,"href":"https:\/\/comunicadas.com.ar\/index.php\/wp-json\/wp\/v2\/posts\/4587\/revisions"}],"wp:featuredmedia":[{"embeddable":true,"href":"https:\/\/comunicadas.com.ar\/index.php\/wp-json\/wp\/v2\/media\/4589"}],"wp:attachment":[{"href":"https:\/\/comunicadas.com.ar\/index.php\/wp-json\/wp\/v2\/media?parent=4587"}],"wp:term":[{"taxonomy":"category","embeddable":true,"href":"https:\/\/comunicadas.com.ar\/index.php\/wp-json\/wp\/v2\/categories?post=4587"},{"taxonomy":"post_tag","embeddable":true,"href":"https:\/\/comunicadas.com.ar\/index.php\/wp-json\/wp\/v2\/tags?post=4587"}],"curies":[{"name":"wp","href":"https:\/\/api.w.org\/{rel}","templated":true}]}}