{"id":4558,"date":"2021-01-10T20:18:59","date_gmt":"2021-01-10T23:18:59","guid":{"rendered":"http:\/\/comunicadas.com.ar\/?p=4558"},"modified":"2021-01-10T20:18:59","modified_gmt":"2021-01-10T23:18:59","slug":"hilda-la-valiente","status":"publish","type":"post","link":"https:\/\/comunicadas.com.ar\/index.php\/2021\/01\/10\/hilda-la-valiente\/","title":{"rendered":"Hilda, la valiente"},"content":{"rendered":"\n<p>Lleg\u00f3 el verano! Y lleg\u00f3 tambi\u00e9n el receso escolar. Para este contexto en el que no se puede salir mucho o muchas personas no pueden o no quieren irse de vacaciones, les traigo una recomendaci\u00f3n para les m\u00e1s peque\u00f1es: Hilda.<\/p>\n\n\n\n<p>Hace unos a\u00f1os ya hab\u00eda recomendado la primera temporada de esta serie animada basada en los c\u00f3mics del mismo nombre, pero les refresco por las dudas: Hilda es una ni\u00f1a que vive en una casa en el bosque, un lugar lleno de criaturas fant\u00e1sticas que forman parte de su vida cotidiana. Un d\u00eda, su madre decide mudarse a la ciudad de Trollberg. Al principio, Hilda se opone porque no quiere dejar una vida de aventuras, pero luego se da cuenta de que en la ciudad hay tantas o m\u00e1s cosas y situaciones extra\u00f1as.<\/p>\n\n\n\n<figure class=\"wp-block-embed is-type-rich is-provider-youtube wp-block-embed-youtube wp-embed-aspect-16-9 wp-has-aspect-ratio\"><div class=\"wp-block-embed__wrapper\">\n<iframe loading=\"lazy\" title=\"Hilda | Tr\u00e1iler oficial | Netflix\" width=\"500\" height=\"281\" src=\"https:\/\/www.youtube.com\/embed\/oawTkOjbDQw?feature=oembed\" frameborder=\"0\" allow=\"accelerometer; autoplay; clipboard-write; encrypted-media; gyroscope; picture-in-picture; web-share\" referrerpolicy=\"strict-origin-when-cross-origin\" allowfullscreen><\/iframe>\n<\/div><\/figure>\n\n\n\n<p>Esta ni\u00f1a intr\u00e9pida y valiente vuelve en una segunda temporada, un poco m\u00e1s cerca de la adolescencia, lo cual le trae algunos conflictos con su madre que, si bien no son el centro (lo principal son las diferentes situaciones con trolls, brujas y criaturas de todo tipo) se dejan entrever y se desarrollan a lo largo de los 13 cap\u00edtulos. Lo que m\u00e1s me gust\u00f3 de esta serie (en la primera y segunda temporada) es el rol completamente activo y protag\u00f3nico de las mujeres: desde Hilda y su madre (madre soltera que, por lo visto, cri\u00f3 a su hija sola) hasta las personajes secundarias, todas son figuras audaces, arriesgadas y aventureras. En esta temporada, adem\u00e1s, se suma un aquelarre a la historia, s\u00edmbolo de uni\u00f3n y sororidad.<\/p>\n\n\n\n<p>Por eso, xadres, no desesperen. Si no pueden o eligen no irse de vacaciones y tienen que pasar m\u00e1s tiempo en casa por la pandemia, vean Hilda con sus ni\u00f1es, ustedes tambi\u00e9n lo van a disfrutar.<\/p>\n","protected":false},"excerpt":{"rendered":"<p>Lleg\u00f3 el verano! Y lleg\u00f3 tambi\u00e9n el receso escolar. Para este contexto en el que no se puede salir mucho o muchas personas no pueden o no quieren irse de vacaciones, les traigo una recomendaci\u00f3n para les m\u00e1s peque\u00f1es: Hilda. Hace unos a\u00f1os ya hab\u00eda recomendado la primera temporada de esta serie animada basada en [&hellip;]<\/p>\n","protected":false},"author":1,"featured_media":4560,"comment_status":"open","ping_status":"open","sticky":false,"template":"","format":"standard","meta":{"inline_featured_image":false,"_monsterinsights_skip_tracking":false,"_monsterinsights_sitenote_active":false,"_monsterinsights_sitenote_note":"","_monsterinsights_sitenote_category":0,"lzb_camalote_bajada":"","lzb_camalote_fotogalerias_repeater":"","lzb_camalote_fotogalerias_desc":"","lzb_camalote_fotogalerias_autorxs":"%5B%5D","lzb_camalote_post_imagen_destacada":"","lzb_camalote_post_imagen_destacada_fotografx":"","lzb_camalote_post_imagen_destacada_fotografx_url":"","_jetpack_memberships_contains_paid_content":false,"footnotes":""},"categories":[5,21],"tags":[],"class_list":["post-4558","post","type-post","status-publish","format-standard","has-post-thumbnail","hentry","category-cine-y-series","category-recomendacion"],"aioseo_notices":[],"jetpack_featured_media_url":"https:\/\/comunicadas.com.ar\/wp-content\/uploads\/2021\/01\/hilda-1.jpg","jetpack_sharing_enabled":true,"jetpack_likes_enabled":true,"_links":{"self":[{"href":"https:\/\/comunicadas.com.ar\/index.php\/wp-json\/wp\/v2\/posts\/4558"}],"collection":[{"href":"https:\/\/comunicadas.com.ar\/index.php\/wp-json\/wp\/v2\/posts"}],"about":[{"href":"https:\/\/comunicadas.com.ar\/index.php\/wp-json\/wp\/v2\/types\/post"}],"author":[{"embeddable":true,"href":"https:\/\/comunicadas.com.ar\/index.php\/wp-json\/wp\/v2\/users\/1"}],"replies":[{"embeddable":true,"href":"https:\/\/comunicadas.com.ar\/index.php\/wp-json\/wp\/v2\/comments?post=4558"}],"version-history":[{"count":0,"href":"https:\/\/comunicadas.com.ar\/index.php\/wp-json\/wp\/v2\/posts\/4558\/revisions"}],"wp:featuredmedia":[{"embeddable":true,"href":"https:\/\/comunicadas.com.ar\/index.php\/wp-json\/wp\/v2\/media\/4560"}],"wp:attachment":[{"href":"https:\/\/comunicadas.com.ar\/index.php\/wp-json\/wp\/v2\/media?parent=4558"}],"wp:term":[{"taxonomy":"category","embeddable":true,"href":"https:\/\/comunicadas.com.ar\/index.php\/wp-json\/wp\/v2\/categories?post=4558"},{"taxonomy":"post_tag","embeddable":true,"href":"https:\/\/comunicadas.com.ar\/index.php\/wp-json\/wp\/v2\/tags?post=4558"}],"curies":[{"name":"wp","href":"https:\/\/api.w.org\/{rel}","templated":true}]}}