{"id":4548,"date":"2021-01-09T18:56:36","date_gmt":"2021-01-09T21:56:36","guid":{"rendered":"http:\/\/comunicadas.com.ar\/?p=4548"},"modified":"2021-01-09T18:56:36","modified_gmt":"2021-01-09T21:56:36","slug":"pandemiques-un-panorama-de-la-situacion-de-mujeres-y-disidencias-durante-la-pandemia","status":"publish","type":"post","link":"https:\/\/comunicadas.com.ar\/index.php\/2021\/01\/09\/pandemiques-un-panorama-de-la-situacion-de-mujeres-y-disidencias-durante-la-pandemia\/","title":{"rendered":"Pand\u00e9miques. Un panorama de la situaci\u00f3n de mujeres y disidencias durante la pandemia"},"content":{"rendered":"\n<p>La pandemia de covid-19 nos afect\u00f3 a todes en distintos niveles: econ\u00f3mico, social, emocional, educativo, etc. El 2020 nos dej\u00f3 un nuevo orden de cosas, nuevas formas de relacionarnos, de trabajar y de organizarnos socialmente. Pero tambi\u00e9n dej\u00f3 una crisis econ\u00f3mica mundial y ensanch\u00f3 la brecha entre ricxs y pobres. Se perdieron muchos empleos, se fundieron negocios y pymes, se redujeron ingresos y muches ni\u00f1es perdieron contacto con la escuela. Adem\u00e1s, el confinamiento y el home office aumentaron el volumen de tareas, en especial en las familias con hijes menores de 18 a\u00f1os, ya que les xadres se vieron obligades a trabajar desde su casa y lidiar, al mismo tiempo, con las tareas dom\u00e9sticas y de cuidado. La poblaci\u00f3n m\u00e1s afectada por todos estos cambios fue, como siempre, el colectivo de mujeres y diversidades. Juguemos a las adivinanzas: \u00bfqui\u00e9nes son las personas m\u00e1s precarizadas?, \u00bfqui\u00e9nes sufrieron de mayor p\u00e9rdida del salario?, \u00bfqui\u00e9nes cargaron con la mayor parte de las tareas de cuidado? La respuesta ya se la imaginar\u00e1n.<\/p>\n\n\n\n<p>Seg\u00fan el \u201cEstudio sobre el impacto de la COVID-19 en los hogares del Gran Buenos Aires\u201d, realizado por el Ministerio de Econom\u00eda y el Indec, entre los meses de agosto y octubre, el 40,3% de los hogares encuestados dijeron tener problemas laborales de alg\u00fan tipo y el 49,3% redujo su ingreso total. A ra\u00edz de esto, el 33,8% redujo el consumo de alg\u00fan tipo de alimento, el 45,8% de productos no alimentarios y 28,6% tuvo problemas para cubrir servicios. La p\u00e9rdida del salario afect\u00f3 m\u00e1s a las personas con nivel educativo medio (41,9%) que a las personas con nivel educativo superior (23,2%). Estas diferencias se profundizan cuando comparamos la situaci\u00f3n de las mujeres y el colectivo LGBTIQ. El \u201cDiagn\u00f3stico de la situaci\u00f3n de las mujeres rurales y urbanas, y disidencias en el contexto de COVID-19\u201d, -de los ministerios de las mujeres y de ciencias y del Conicet- mostr\u00f3 que las mujeres afrodescendientes, trans\/travestis, originarias y migrantes son las m\u00e1s afectadas por el aumento de la precarizaci\u00f3n y la p\u00e9rdida de ingresos. El 44% de las mujeres trans y el 36,4% de las originarias dijeron estar viviendo de \u201cchangas\u201d.<\/p>\n\n\n\n<p>El aumento de las tareas de cuidado tambi\u00e9n impact\u00f3 enormemente en mujeres y disidencias, ya que, al ser quienes se hacen cargo de estas actividades en su casi totalidad, sus posibilidades de trabajar y producir disminuyen, a la vez que aumenta el estr\u00e9s y cansancio mental. Seg\u00fan el Estudio de impacto de la COVID-19 (\u2026), el 66,1% de los hogares aumentaron el tiempo dedicado a tareas de apoyo escolar y el 65,5% aumentaron el tiempo dedicado a tareas dom\u00e9sticas. De entre estos \u00faltimos, el 64,1% reconoci\u00f3 que estas tareas son llevadas a cabo por una mujer. Solo en el 15,1% de los hogares hubo una distribuci\u00f3n equitativa. En el caso de las tareas de cuidado, en el 70,3% las sostuvieron casi exclusivamente las mujeres y solo en el 7,0% el reparto fue equitativo. Las mujeres tambi\u00e9n fueron mayor\u00eda en cuanto al tiempo dedicado a apoyo escolar (74,2%). El Diagn\u00f3stico de la situaci\u00f3n de las mujeres (\u2026) en el contexto de COVID-19 muestra que del 55,1% de las encuestadas que eran jefas de hogar, el 84,1% se dedicaba tambi\u00e9n a las tareas dom\u00e9sticas y de cuidado. El 92,6% de las mujeres infectadas con covid se encarg\u00f3 de acompa\u00f1ar a sus hijes en las tareas escolares.\u00a0\u00a0<\/p>\n\n\n\n<p>Estas cifras no hacen m\u00e1s que confirmar lo que ya se sospechaba: mujeres y disidencias siempre corremos con desventaja en contextos de crisis. La precarizaci\u00f3n que sufrimos desde siempre en mucha mayor medida que los varones nos hace las primeras v\u00edctimas de las crisis, nuestros sueldos son los primeros en recortarse, nuestros empleos los primeros en perderse. Somos nosotres tambi\u00e9n quienes nos cargamos con todo el peso del aumento de las tareas dom\u00e9sticas y de cuidado, que nos desgasta y reduce nuestro rendimiento. La feminizaci\u00f3n de la pobreza es real y afecta principalmente a mujeres afrodescendientes, travestis\/trans, migrantes y originarias, que cargan con los estigmas de una sociedad que, adem\u00e1s de mis\u00f3gina y machista, es racista y transf\u00f3bica. Es por eso que es tan importante que, a la hora de tomar decisiones de gesti\u00f3n, se tenga una mirada que, adem\u00e1s de feminista, sea interseccional y, por sobre todas las cosas, emp\u00e1tica y solidaria.<\/p>\n\n\n\n<p>Ac\u00e1 pod\u00e9s encontrar los informes mencionados en la nota completos! <\/p>\n\n\n\n<div class=\"wp-block-file\"><a href=\"http:\/\/comunicadas.com.ar\/wp-content\/uploads\/2021\/01\/resumen_ejecutivo_mujeres_y_covid_-_mincyt-conicet_-_mingen-1.pdf\">resumen_ejecutivo_mujeres_y_covid_-_mincyt-conicet_-_mingen<\/a><a href=\"http:\/\/comunicadas.com.ar\/wp-content\/uploads\/2021\/01\/resumen_ejecutivo_mujeres_y_covid_-_mincyt-conicet_-_mingen-1.pdf\" class=\"wp-block-file__button\" download>Descarga<\/a><\/div>\n\n\n\n<div class=\"wp-block-file\"><a href=\"http:\/\/comunicadas.com.ar\/wp-content\/uploads\/2021\/01\/eicovid_primer_informe-1.pdf\">eicovid_primer_informe<\/a><a href=\"http:\/\/comunicadas.com.ar\/wp-content\/uploads\/2021\/01\/eicovid_primer_informe-1.pdf\" class=\"wp-block-file__button\" download>Descarga<\/a><\/div>\n","protected":false},"excerpt":{"rendered":"<p>La pandemia de covid-19 nos afect\u00f3 a todes en distintos niveles: econ\u00f3mico, social, emocional, educativo, etc. El 2020 nos dej\u00f3 un nuevo orden de cosas, nuevas formas de relacionarnos, de trabajar y de organizarnos socialmente. Pero tambi\u00e9n dej\u00f3 una crisis econ\u00f3mica mundial y ensanch\u00f3 la brecha entre ricxs y pobres. Se perdieron muchos empleos, se [&hellip;]<\/p>\n","protected":false},"author":1,"featured_media":4551,"comment_status":"open","ping_status":"open","sticky":false,"template":"","format":"standard","meta":{"inline_featured_image":false,"_monsterinsights_skip_tracking":false,"_monsterinsights_sitenote_active":false,"_monsterinsights_sitenote_note":"","_monsterinsights_sitenote_category":0,"lzb_camalote_bajada":"","lzb_camalote_fotogalerias_repeater":"","lzb_camalote_fotogalerias_desc":"","lzb_camalote_fotogalerias_autorxs":"%5B%5D","lzb_camalote_post_imagen_destacada":"","lzb_camalote_post_imagen_destacada_fotografx":"","lzb_camalote_post_imagen_destacada_fotografx_url":"","_jetpack_memberships_contains_paid_content":false,"footnotes":""},"categories":[20],"tags":[],"class_list":["post-4548","post","type-post","status-publish","format-standard","has-post-thumbnail","hentry","category-opinion"],"aioseo_notices":[],"jetpack_featured_media_url":"https:\/\/comunicadas.com.ar\/wp-content\/uploads\/2021\/01\/whatsapp-image-2021-01-08-at-18.42.15-1.jpeg","jetpack_sharing_enabled":true,"jetpack_likes_enabled":true,"_links":{"self":[{"href":"https:\/\/comunicadas.com.ar\/index.php\/wp-json\/wp\/v2\/posts\/4548"}],"collection":[{"href":"https:\/\/comunicadas.com.ar\/index.php\/wp-json\/wp\/v2\/posts"}],"about":[{"href":"https:\/\/comunicadas.com.ar\/index.php\/wp-json\/wp\/v2\/types\/post"}],"author":[{"embeddable":true,"href":"https:\/\/comunicadas.com.ar\/index.php\/wp-json\/wp\/v2\/users\/1"}],"replies":[{"embeddable":true,"href":"https:\/\/comunicadas.com.ar\/index.php\/wp-json\/wp\/v2\/comments?post=4548"}],"version-history":[{"count":0,"href":"https:\/\/comunicadas.com.ar\/index.php\/wp-json\/wp\/v2\/posts\/4548\/revisions"}],"wp:featuredmedia":[{"embeddable":true,"href":"https:\/\/comunicadas.com.ar\/index.php\/wp-json\/wp\/v2\/media\/4551"}],"wp:attachment":[{"href":"https:\/\/comunicadas.com.ar\/index.php\/wp-json\/wp\/v2\/media?parent=4548"}],"wp:term":[{"taxonomy":"category","embeddable":true,"href":"https:\/\/comunicadas.com.ar\/index.php\/wp-json\/wp\/v2\/categories?post=4548"},{"taxonomy":"post_tag","embeddable":true,"href":"https:\/\/comunicadas.com.ar\/index.php\/wp-json\/wp\/v2\/tags?post=4548"}],"curies":[{"name":"wp","href":"https:\/\/api.w.org\/{rel}","templated":true}]}}