{"id":4455,"date":"2020-11-25T22:26:07","date_gmt":"2020-11-26T01:26:07","guid":{"rendered":"http:\/\/comunicadas.com.ar\/?p=4455"},"modified":"2020-11-25T22:26:07","modified_gmt":"2020-11-26T01:26:07","slug":"25n-una-llama-violeta-que-no-para-de-crecer","status":"publish","type":"post","link":"https:\/\/comunicadas.com.ar\/index.php\/2020\/11\/25\/25n-una-llama-violeta-que-no-para-de-crecer\/","title":{"rendered":"#25N: Una llama violeta que no para de crecer"},"content":{"rendered":"\n<p class=\"has-white-color has-text-color has-background\" style=\"background-color:#6900a3;\"><strong>Hoy 25 de noviembre de 2020, es el D\u00eda internacional contra la Violencia de G\u00e9nero. La lucha de las hermanas Mirabal c\u00f3mo s\u00edmbolo de lucha contra las violencias machistas en el mundo. <\/strong><\/p>\n\n\n\n<p><br>Hace 60 a\u00f1os, en Rep\u00fablica Dominicana, la dictadura de Trujillo tortur\u00f3 y asesin\u00f3 a las hermanas Patria, Minerva y Mar\u00eda Teresa Mirabal. Ellas, descend\u00edan de una familia rural acomodada, pero cuando Trujillo lleg\u00f3 al poder, perdieron toda su fortuna. Entonces, a partir de ese momento, comenzaron a militar contra la dictadura y, dentro de ese \u00e1mbito, las empezaron a reconocer como \"Las Mariposas\".<\/p>\n\n\n\n<p>Con el objetivo de exterminarlas, luego de varias encarcelaciones, torturas y violaciones, el dictador Rafael Trujillo env\u00eda unos sicarios para matarlas. Sin embargo, lejos de eliminar las ideas y la lucha de las hermanas, el triple asesinato despert\u00f3 en el pueblo dominicano, un sentimiento contra la dictadura y la violencia a la que estaba sometido.<\/p>\n\n\n\n<p><br>Por eso hoy, 60 a\u00f1os despu\u00e9s, recordamos y reivindicamos la llama violeta de \"Las Mariposas\" en contra de la violencia autoritaria, machista y patriarcal, que no para de crecer en Latinoam\u00e9rica y en el mundo entero.<\/p>\n","protected":false},"excerpt":{"rendered":"<p>Hoy 25 de noviembre de 2020, es el D\u00eda internacional contra la Violencia de G\u00e9nero. La lucha de las hermanas Mirabal c\u00f3mo s\u00edmbolo de lucha contra las violencias machistas en el mundo. Hace 60 a\u00f1os, en Rep\u00fablica Dominicana, la dictadura de Trujillo tortur\u00f3 y asesin\u00f3 a las hermanas Patria, Minerva y Mar\u00eda Teresa Mirabal. Ellas, [&hellip;]<\/p>\n","protected":false},"author":1,"featured_media":4461,"comment_status":"open","ping_status":"open","sticky":false,"template":"","format":"standard","meta":{"inline_featured_image":false,"_monsterinsights_skip_tracking":false,"_monsterinsights_sitenote_active":false,"_monsterinsights_sitenote_note":"","_monsterinsights_sitenote_category":0,"lzb_camalote_bajada":"","lzb_camalote_fotogalerias_repeater":"","lzb_camalote_fotogalerias_desc":"","lzb_camalote_fotogalerias_autorxs":"%5B%5D","lzb_camalote_post_imagen_destacada":"","lzb_camalote_post_imagen_destacada_fotografx":"","lzb_camalote_post_imagen_destacada_fotografx_url":"","_jetpack_memberships_contains_paid_content":false,"footnotes":""},"categories":[1],"tags":[],"class_list":["post-4455","post","type-post","status-publish","format-standard","has-post-thumbnail","hentry","category-sin-categoria"],"aioseo_notices":[],"jetpack_featured_media_url":"https:\/\/comunicadas.com.ar\/wp-content\/uploads\/2020\/11\/whatsapp-image-2020-11-25-at-10.11.21-am-1.jpeg","jetpack_sharing_enabled":true,"jetpack_likes_enabled":true,"_links":{"self":[{"href":"https:\/\/comunicadas.com.ar\/index.php\/wp-json\/wp\/v2\/posts\/4455"}],"collection":[{"href":"https:\/\/comunicadas.com.ar\/index.php\/wp-json\/wp\/v2\/posts"}],"about":[{"href":"https:\/\/comunicadas.com.ar\/index.php\/wp-json\/wp\/v2\/types\/post"}],"author":[{"embeddable":true,"href":"https:\/\/comunicadas.com.ar\/index.php\/wp-json\/wp\/v2\/users\/1"}],"replies":[{"embeddable":true,"href":"https:\/\/comunicadas.com.ar\/index.php\/wp-json\/wp\/v2\/comments?post=4455"}],"version-history":[{"count":0,"href":"https:\/\/comunicadas.com.ar\/index.php\/wp-json\/wp\/v2\/posts\/4455\/revisions"}],"wp:featuredmedia":[{"embeddable":true,"href":"https:\/\/comunicadas.com.ar\/index.php\/wp-json\/wp\/v2\/media\/4461"}],"wp:attachment":[{"href":"https:\/\/comunicadas.com.ar\/index.php\/wp-json\/wp\/v2\/media?parent=4455"}],"wp:term":[{"taxonomy":"category","embeddable":true,"href":"https:\/\/comunicadas.com.ar\/index.php\/wp-json\/wp\/v2\/categories?post=4455"},{"taxonomy":"post_tag","embeddable":true,"href":"https:\/\/comunicadas.com.ar\/index.php\/wp-json\/wp\/v2\/tags?post=4455"}],"curies":[{"name":"wp","href":"https:\/\/api.w.org\/{rel}","templated":true}]}}