{"id":4435,"date":"2020-11-19T22:00:32","date_gmt":"2020-11-20T01:00:32","guid":{"rendered":"http:\/\/comunicadas.com.ar\/?p=4435"},"modified":"2020-11-19T22:00:32","modified_gmt":"2020-11-20T01:00:32","slug":"la-provincia-de-buenos-aires-decreto-la-creacion-del-sipp","status":"publish","type":"post","link":"https:\/\/comunicadas.com.ar\/index.php\/2020\/11\/19\/la-provincia-de-buenos-aires-decreto-la-creacion-del-sipp\/","title":{"rendered":"La provincia de Buenos Aires decret\u00f3 la creaci\u00f3n del \u201cSIPP\""},"content":{"rendered":"\n<p><em>En el Bolet\u00edn Oficial de hoy, el Gobernador Axel Kicillof decreta la creaci\u00f3n del \u201cSistema Integrado de Pol\u00edticas P\u00fablicas Contra las Violencias por Razones de G\u00e9nero de la Provincia de Buenos Aires.<\/em><\/p>\n\n\n\n<figure class=\"wp-block-image size-large\"><img loading=\"lazy\" decoding=\"async\" width=\"600\" height=\"600\" src=\"http:\/\/comunicadas.com.ar\/wp-content\/uploads\/2020\/11\/boletin-1.jpg?w=600\" alt=\"\" class=\"wp-image-4437\" srcset=\"https:\/\/comunicadas.com.ar\/wp-content\/uploads\/2020\/11\/boletin-1.jpg 600w, https:\/\/comunicadas.com.ar\/wp-content\/uploads\/2020\/11\/boletin-1-300x300.jpg 300w, https:\/\/comunicadas.com.ar\/wp-content\/uploads\/2020\/11\/boletin-1-150x150.jpg 150w, https:\/\/comunicadas.com.ar\/wp-content\/uploads\/2020\/11\/boletin-1-90x90.jpg 90w\" sizes=\"(max-width: 600px) 100vw, 600px\" \/><figcaption><em>Decreto N\u00ba 997\/2020<br><\/em><\/figcaption><\/figure>\n\n\n\n<p>En el Bolet\u00edn Oficial de hoy, el Gobernador Axel Kicillof decreta la creaci\u00f3n del <strong>\u201cSistema Integrado de Pol\u00edticas P\u00fablicas Contra las Violencias por Razones de G\u00e9nero de la Provincia de Buenos Aires (SIPP)\u201d<\/strong>, en la \u00f3rbita de la Subsecretar\u00eda de Pol\u00edticas contra las Violencias por Razones de G\u00e9nero del Ministerio de las Mujeres, Pol\u00edticas de G\u00e9neros y Diversidad Sexual.<\/p>\n\n\n\n<p><em>El SIPP postula una metodolog\u00eda para el abordaje de la gesti\u00f3n p\u00fablica en violencia por razones de g\u00e9nero con la finalidad de desarrollar pol\u00edticas integrales, interdisciplinares, interinstitucionales, interjurisdiccionales e intersectoriales con el objetivo de atender la complejidad de la problem\u00e1tica.<\/em><\/p>\n\n\n\n<p>En cumplimiento de las obligaciones internacionales en materia de derechos humanos de las mujeres el SIPP integra la intervenci\u00f3n del conjunto de los organismos provinciales y gobiernos locales, en el marco de sus competencias, de manera coordinada y cooperante, con participaci\u00f3n de organizaciones de la comunidad dedicadas a la tem\u00e1tica de g\u00e9nero, como as\u00ed tambi\u00e9n de \u00f3rganos del Poder Judicial.<\/p>\n","protected":false},"excerpt":{"rendered":"<p>En el Bolet\u00edn Oficial de hoy, el Gobernador Axel Kicillof decreta la creaci\u00f3n del \u201cSistema Integrado de Pol\u00edticas P\u00fablicas Contra las Violencias por Razones de G\u00e9nero de la Provincia de Buenos Aires. En el Bolet\u00edn Oficial de hoy, el Gobernador Axel Kicillof decreta la creaci\u00f3n del \u201cSistema Integrado de Pol\u00edticas P\u00fablicas Contra las Violencias por [&hellip;]<\/p>\n","protected":false},"author":1,"featured_media":0,"comment_status":"open","ping_status":"open","sticky":false,"template":"","format":"standard","meta":{"inline_featured_image":false,"_monsterinsights_skip_tracking":false,"_monsterinsights_sitenote_active":false,"_monsterinsights_sitenote_note":"","_monsterinsights_sitenote_category":0,"lzb_camalote_bajada":"","lzb_camalote_fotogalerias_repeater":"","lzb_camalote_fotogalerias_desc":"","lzb_camalote_fotogalerias_autorxs":"%5B%5D","lzb_camalote_post_imagen_destacada":"","lzb_camalote_post_imagen_destacada_fotografx":"","lzb_camalote_post_imagen_destacada_fotografx_url":"","_jetpack_memberships_contains_paid_content":false,"footnotes":""},"categories":[1],"tags":[],"class_list":["post-4435","post","type-post","status-publish","format-standard","hentry","category-sin-categoria"],"aioseo_notices":[],"jetpack_featured_media_url":"","jetpack_sharing_enabled":true,"jetpack_likes_enabled":true,"_links":{"self":[{"href":"https:\/\/comunicadas.com.ar\/index.php\/wp-json\/wp\/v2\/posts\/4435"}],"collection":[{"href":"https:\/\/comunicadas.com.ar\/index.php\/wp-json\/wp\/v2\/posts"}],"about":[{"href":"https:\/\/comunicadas.com.ar\/index.php\/wp-json\/wp\/v2\/types\/post"}],"author":[{"embeddable":true,"href":"https:\/\/comunicadas.com.ar\/index.php\/wp-json\/wp\/v2\/users\/1"}],"replies":[{"embeddable":true,"href":"https:\/\/comunicadas.com.ar\/index.php\/wp-json\/wp\/v2\/comments?post=4435"}],"version-history":[{"count":0,"href":"https:\/\/comunicadas.com.ar\/index.php\/wp-json\/wp\/v2\/posts\/4435\/revisions"}],"wp:attachment":[{"href":"https:\/\/comunicadas.com.ar\/index.php\/wp-json\/wp\/v2\/media?parent=4435"}],"wp:term":[{"taxonomy":"category","embeddable":true,"href":"https:\/\/comunicadas.com.ar\/index.php\/wp-json\/wp\/v2\/categories?post=4435"},{"taxonomy":"post_tag","embeddable":true,"href":"https:\/\/comunicadas.com.ar\/index.php\/wp-json\/wp\/v2\/tags?post=4435"}],"curies":[{"name":"wp","href":"https:\/\/api.w.org\/{rel}","templated":true}]}}