{"id":4397,"date":"2020-10-22T18:00:00","date_gmt":"2020-10-22T21:00:00","guid":{"rendered":"http:\/\/comunicadas.com.ar\/?p=4397"},"modified":"2020-10-22T18:00:00","modified_gmt":"2020-10-22T21:00:00","slug":"trabajadores-de-la-comunicacion-estamos-representades-en-los-medios-2","status":"publish","type":"post","link":"https:\/\/comunicadas.com.ar\/index.php\/2020\/10\/22\/trabajadores-de-la-comunicacion-estamos-representades-en-los-medios-2\/","title":{"rendered":"Trabajadorxs de la comunicaci\u00f3n, \u00bfestamos representades en los medios?"},"content":{"rendered":"\n<p>En el encuentro anterior, charlamos sobre c\u00f3mo los medios nos representan a mujeres y diversidades en l\u00edneas generales, c\u00f3mo nos encasillan en roles y nos muestran como otredad, diferente a la norma del var\u00f3n h\u00e9tero-cis. Partiendo de esa base, el segundo encuentro lo iniciamos hablando del caso espec\u00edfico de las violencias de g\u00e9nero, \u00bfc\u00f3mo se ven reflejadas en los medios de comunicaci\u00f3n? Tomamos como marco la ley 26.485 de Protecci\u00f3n integral hacia las mujeres, seg\u00fan la cual \u201cse entiende por violencia contra las mujeres toda conducta, por acci\u00f3n u omisi\u00f3n, basada en razones de g\u00e9nero, que, de manera directa o indirecta, tanto en el \u00e1mbito p\u00fablico como en el privado, basada en una relaci\u00f3n desigual de poder, afecte su vida, libertad, dignidad, integridad f\u00edsica, psicol\u00f3gica, sexual, econ\u00f3mica o patrimonial, participaci\u00f3n pol\u00edtica, como as\u00ed tambi\u00e9n su seguridad personal\u201d. Como podemos ver, las violencias contra las feminidades son muchas y est\u00e1n enmarcadas en una situaci\u00f3n desigual de dominaci\u00f3n, pero en los medios se elige hablar solo de la violencia f\u00edsica y no se contextualiza ni se profundiza en las desigualdades que la generan. En el caso de las disidencias, es a\u00fan peor, los travesticidios, por ejemplo, directamente se invisivilizan<\/p>\n\n\n\n<figure class=\"wp-block-image size-large\"><img decoding=\"async\" src=\"http:\/\/comunicadas.com.ar\/wp-content\/uploads\/2020\/10\/whatsapp-image-2020-10-21-at-16.47.29-4-3.jpeg?w=1024\" alt=\"\" class=\"wp-image-4399\" \/><figcaption>Daniela Castro, Directora de Diversidad sexual y primera funcionaria trans de la PBA<\/figcaption><\/figure>\n\n\n\n<p>En este marco, resaltamos la importancia de la Conferencia Mundial sobre la Mujer, que se llev\u00f3 a cabo en Beijing en 1995, que fue una reuni\u00f3n de Naciones Unidas en la que se reconocieron los derechos de las mujeres de todo el mundo. Se trataron temas como la participaci\u00f3n p\u00fablica de las mujeres, la feminizaci\u00f3n de la pobreza, el acceso a la salud y educaci\u00f3n y las violencias por motivos de g\u00e9nero. Se incluyeron tambi\u00e9n, a nivel mundial y por primera vez, los derechos sexuales y reproductivos. Esta conferencia fue muy importante porque reconoci\u00f3 a las violencias de g\u00e9nero como consecuencias de un sistema patriarcal y sirvi\u00f3 como base para muchas leyes y pol\u00edticas p\u00fablicas, como las que garantizan los derechos sexuales y reproductivos. Lamentablemente, este mensaje no lleg\u00f3 a los medios en ese entonces que reci\u00e9n el a\u00f1o pasado, con la incorporaci\u00f3n de Mariana Iglesias a Clar\u00edn, comenzaron a aplicar la figura de editora de g\u00e9nero. Luego se le sumaron otros medios grandes como Infobae, Perfil, T\u00e9lam y Radio Provincia. La figura de la editora de g\u00e9nero resulta esencial en este contexto de cambio para garantizar la perspectiva de g\u00e9nero a la hora de comunicar. Sirve para garantizar que la cuesti\u00f3n de g\u00e9nero no quedar\u00e1 encerrada en una secci\u00f3n o en \u201ctemas de mujeres\u201d, sino que se aplicar\u00e1 en todas las secciones y noticias del medio.<\/p>\n\n\n\n<figure class=\"wp-block-embed is-type-rich is-provider-youtube wp-block-embed-youtube wp-embed-aspect-16-9 wp-has-aspect-ratio\"><div class=\"wp-block-embed__wrapper\">\n<iframe loading=\"lazy\" title=\"Medios de Comunicaci\u00f3n y trabajo \u00bfuna agenda compartida? (Curso 1- Parte 2)\" width=\"500\" height=\"281\" src=\"https:\/\/www.youtube.com\/embed\/fconIZpaLyY?feature=oembed\" frameborder=\"0\" allow=\"accelerometer; autoplay; clipboard-write; encrypted-media; gyroscope; picture-in-picture; web-share\" referrerpolicy=\"strict-origin-when-cross-origin\" allowfullscreen><\/iframe>\n<\/div><\/figure>\n\n\n\n<p>Las editoras de g\u00e9nero tienen que ser designadas porque, justamente, dentro de los medios no se cuenta con puntos de vista de mujeres y disidencias. Nos preguntamos, \u00bfpor qu\u00e9 no llegamos a los puestos de toma de decisi\u00f3n? La respuesta es siempre la misma: el maldito patriarcado. Los roles que nos preasignan, la condena a la esfera privada y a las tareas de cuidado hacen que sea muy dif\u00edcil el acceso, no solo a cargos altos, sino tambi\u00e9n al sector laboral en general. Esta situaci\u00f3n est\u00e1 tan naturalizada, que a nuestro alrededor se cre\u00f3 un techo de cristal, que nadie quiere ver o reconocer pero ah\u00ed est\u00e1, impidi\u00e9ndonos el acceso a cierto tipo de trabajos, oficios o carreras. A su vez, nosotras mismas nos convencemos que nuestras posibilidades son limitadas, que hay ciertas cosas que no podemos hacer y, lo que es peor, nos conformamos con eso, cre\u00e1ndonos nuestro propio techo de cemento. \u00bfPero qu\u00e9 sucede cuando, a pesar de intentar romper todos los techos no lo logramos? Las tareas de cuidado, que recaen casi pura y exclusivamente sobre nosotras, nos insumen gran cantidad de tiempo y energ\u00eda y nos significan una carga extra que, por lo general, los varones h\u00e9tero cis no tienen; a esto se le llama \u201cpiso pegajoso\u201d.<\/p>\n\n\n\n<p>Nuestra mirada es valiosa y necesaria (MUY necesaria) para salir de esa visi\u00f3n patriarcal del mundo y cambiar, no solo la forma en la que les otres nos perciben, sino tambi\u00e9n para abrirnos caminos a otros mundos posibles.<\/p>\n","protected":false},"excerpt":{"rendered":"<p>En el encuentro anterior, charlamos sobre c\u00f3mo los medios nos representan a mujeres y diversidades en l\u00edneas generales, c\u00f3mo nos encasillan en roles y nos muestran como otredad, diferente a la norma del var\u00f3n h\u00e9tero-cis. Partiendo de esa base, el segundo encuentro lo iniciamos hablando del caso espec\u00edfico de las violencias de g\u00e9nero, \u00bfc\u00f3mo se [&hellip;]<\/p>\n","protected":false},"author":1,"featured_media":4378,"comment_status":"open","ping_status":"open","sticky":false,"template":"","format":"standard","meta":{"inline_featured_image":false,"_monsterinsights_skip_tracking":false,"_monsterinsights_sitenote_active":false,"_monsterinsights_sitenote_note":"","_monsterinsights_sitenote_category":0,"lzb_camalote_bajada":"","lzb_camalote_fotogalerias_repeater":"","lzb_camalote_fotogalerias_desc":"","lzb_camalote_fotogalerias_autorxs":"%5B%5D","lzb_camalote_post_imagen_destacada":"","lzb_camalote_post_imagen_destacada_fotografx":"","lzb_camalote_post_imagen_destacada_fotografx_url":"","_jetpack_memberships_contains_paid_content":false,"footnotes":""},"categories":[20,1],"tags":[],"class_list":["post-4397","post","type-post","status-publish","format-standard","has-post-thumbnail","hentry","category-opinion","category-sin-categoria"],"aioseo_notices":[],"jetpack_featured_media_url":"https:\/\/comunicadas.com.ar\/wp-content\/uploads\/2020\/10\/taller-2-1.png","jetpack_sharing_enabled":true,"jetpack_likes_enabled":true,"_links":{"self":[{"href":"https:\/\/comunicadas.com.ar\/index.php\/wp-json\/wp\/v2\/posts\/4397"}],"collection":[{"href":"https:\/\/comunicadas.com.ar\/index.php\/wp-json\/wp\/v2\/posts"}],"about":[{"href":"https:\/\/comunicadas.com.ar\/index.php\/wp-json\/wp\/v2\/types\/post"}],"author":[{"embeddable":true,"href":"https:\/\/comunicadas.com.ar\/index.php\/wp-json\/wp\/v2\/users\/1"}],"replies":[{"embeddable":true,"href":"https:\/\/comunicadas.com.ar\/index.php\/wp-json\/wp\/v2\/comments?post=4397"}],"version-history":[{"count":0,"href":"https:\/\/comunicadas.com.ar\/index.php\/wp-json\/wp\/v2\/posts\/4397\/revisions"}],"wp:featuredmedia":[{"embeddable":true,"href":"https:\/\/comunicadas.com.ar\/index.php\/wp-json\/wp\/v2\/media\/4378"}],"wp:attachment":[{"href":"https:\/\/comunicadas.com.ar\/index.php\/wp-json\/wp\/v2\/media?parent=4397"}],"wp:term":[{"taxonomy":"category","embeddable":true,"href":"https:\/\/comunicadas.com.ar\/index.php\/wp-json\/wp\/v2\/categories?post=4397"},{"taxonomy":"post_tag","embeddable":true,"href":"https:\/\/comunicadas.com.ar\/index.php\/wp-json\/wp\/v2\/tags?post=4397"}],"curies":[{"name":"wp","href":"https:\/\/api.w.org\/{rel}","templated":true}]}}