{"id":4345,"date":"2020-10-15T15:14:03","date_gmt":"2020-10-15T18:14:03","guid":{"rendered":"http:\/\/comunicadas.com.ar\/?p=4345"},"modified":"2020-10-15T15:14:03","modified_gmt":"2020-10-15T18:14:03","slug":"ley-de-paridad-el-hcd-de-tigre-no-quiere-aplicar-el-cupo-de-genero","status":"publish","type":"post","link":"https:\/\/comunicadas.com.ar\/index.php\/2020\/10\/15\/ley-de-paridad-el-hcd-de-tigre-no-quiere-aplicar-el-cupo-de-genero\/","title":{"rendered":"Ley de Paridad: El HCD de Tigre no quiere aplicar el cupo de g\u00e9nero"},"content":{"rendered":"\n<p>El pasado martes, <strong>el presidente del Honorable Concejo Deliberante de Tigre<\/strong>, el ex actor, sobrino de Patricia Bullrich y edil de Juntos por el Cambio, Segundo Cernadas, <strong>se neg\u00f3 a aplicar la Ley de Paridad de G\u00e9nero para que asuma su banca, Milca Sosa, candidata a concejala por el Frente de Todos en 2019, referenta feminista de la UTEP\/Evita, en reemplazo de otra concejala de licencia, Florencia Mosqueda de Kolina<\/strong>. Cernadas, se excus\u00f3 en que la paridad s\u00f3lo se aplica en la conformaci\u00f3n de listas y no en la cuesti\u00f3n de \"corrimientos\" o \"reemplazos\", ya que atr\u00e1s de la concejala Mosqueda, sigue Francisco Rosso de La C\u00e1mpora.<\/p>\n\n\n\n<div class=\"wp-block-image\"><figure class=\"aligncenter size-large\"><img loading=\"lazy\" decoding=\"async\" width=\"275\" height=\"183\" src=\"http:\/\/comunicadas.com.ar\/wp-content\/uploads\/2020\/10\/milca-foto-1.jpg?w=275\" alt=\"\" class=\"wp-image-4348\" \/><figcaption>Milca Sosa de UTEP\/Evita en campa\u00f1a durante el 2019. <\/figcaption><\/figure><\/div>\n\n\n\n<p>Ma\u00f1ana viernes hay una nueva sesi\u00f3n en el recinto para tratar este tema, mientras tanto, <strong>organizaciones del feminismo popular y la politica repudiaron la actitud del presidente de HCD de Juntos por el Cambio y<br>reclaman que se aplique la Ley de Paridad de G\u00e9nero en Tigre.<\/strong><\/p>\n\n\n\n<p>En declaraciones a <a href=\"https:\/\/www.zonanortediario.com.ar\/14\/10\/2020\/milca-sosa-en-caso-de-que-el-viernes-asuma-francisco-nosotros-vamos-a-hacer-una-presentacion-legal\/\"><em>Zona Norte Diario<\/em><\/a>, Milca Sosa, qui\u00e9n quiere ocupar su banca, dijo sobre la aplicaci\u00f3n de la Ley: <em>\"<strong>Si se va una mujer, entra una mujer<\/strong>, si bien no hay antecedentes en la provincia que permitan replicar esa experiencia en los distintos Concejos, el esp\u00edritu existe y tampoco se puede negar una lucha que existe desde el feminismo y desde las mujeres que participamos en la militancia y en la pol\u00edtica. En este caso, hab\u00eda una oportunidad de demostrar que el Concejo de Tigre era democr\u00e1tico\".<\/em><\/p>\n\n\n\n<div class=\"wp-block-image\"><figure class=\"aligncenter size-large is-resized\"><img loading=\"lazy\" decoding=\"async\" src=\"http:\/\/comunicadas.com.ar\/wp-content\/uploads\/2020\/10\/whatsapp-image-2020-10-14-at-8.19.43-pm-1.jpeg?w=1024\" alt=\"\" class=\"wp-image-4350\" width=\"293\" height=\"293\" srcset=\"https:\/\/comunicadas.com.ar\/wp-content\/uploads\/2020\/10\/whatsapp-image-2020-10-14-at-8.19.43-pm-1.jpeg 1050w, https:\/\/comunicadas.com.ar\/wp-content\/uploads\/2020\/10\/whatsapp-image-2020-10-14-at-8.19.43-pm-1-300x300.jpeg 300w, https:\/\/comunicadas.com.ar\/wp-content\/uploads\/2020\/10\/whatsapp-image-2020-10-14-at-8.19.43-pm-1-1024x1024.jpeg 1024w, https:\/\/comunicadas.com.ar\/wp-content\/uploads\/2020\/10\/whatsapp-image-2020-10-14-at-8.19.43-pm-1-150x150.jpeg 150w, https:\/\/comunicadas.com.ar\/wp-content\/uploads\/2020\/10\/whatsapp-image-2020-10-14-at-8.19.43-pm-1-768x768.jpeg 768w, https:\/\/comunicadas.com.ar\/wp-content\/uploads\/2020\/10\/whatsapp-image-2020-10-14-at-8.19.43-pm-1-90x90.jpeg 90w\" sizes=\"(max-width: 293px) 100vw, 293px\" \/><figcaption>Organizaciones feministas exigen que se aplique la Ley de Paridad en Tigre. Ilustraci\u00f3n: Ro Ferrer.<\/figcaption><\/figure><\/div>\n\n\n\n<p>El pasado 4 de octubre, la <strong>Ley de Paridad de G\u00e9nero de la Provincia de Buenos Aires N\u00b0 14848<\/strong>, cumpli\u00f3 cuatro a\u00f1os desde su sanci\u00f3n, la misma<em><strong> \"tiene por objeto incorporar la participaci\u00f3n pol\u00edtica equitativa entre g\u00e9neros para todos los cargos p\u00fablicos electivos de\u00a0la Provincia\u00a0de Buenos Aires\"<\/strong><\/em>, pero se sabe que a\u00fan hay municipios que se resisten en aplicar la norma de la paridad en sus Concejos Deliberantes, por ejemplo,<strong> hoy existen 135 municipios pero en 38 s\u00f3lo hay mujeres presidentas de recintos<\/strong>. En conclusi\u00f3n, es evidente que la presi\u00f3n por el cumplimiento de la <strong>Ley de Paridad de G\u00e9nero sigue quedando de este lado de la cancha y sigue siendo una lucha constante del movimiento feminista.<\/strong><\/p>\n","protected":false},"excerpt":{"rendered":"<p>El pasado martes, el presidente del Honorable Concejo Deliberante de Tigre, el ex actor, sobrino de Patricia Bullrich y edil de Juntos por el Cambio, Segundo Cernadas, se neg\u00f3 a aplicar la Ley de Paridad de G\u00e9nero para que asuma su banca, Milca Sosa, candidata a concejala por el Frente de Todos en 2019, referenta [&hellip;]<\/p>\n","protected":false},"author":1,"featured_media":4347,"comment_status":"open","ping_status":"open","sticky":false,"template":"","format":"standard","meta":{"inline_featured_image":false,"_monsterinsights_skip_tracking":false,"_monsterinsights_sitenote_active":false,"_monsterinsights_sitenote_note":"","_monsterinsights_sitenote_category":0,"lzb_camalote_bajada":"","lzb_camalote_fotogalerias_repeater":"","lzb_camalote_fotogalerias_desc":"","lzb_camalote_fotogalerias_autorxs":"%5B%5D","lzb_camalote_post_imagen_destacada":"","lzb_camalote_post_imagen_destacada_fotografx":"","lzb_camalote_post_imagen_destacada_fotografx_url":"","_jetpack_memberships_contains_paid_content":false,"footnotes":""},"categories":[1],"tags":[],"class_list":["post-4345","post","type-post","status-publish","format-standard","has-post-thumbnail","hentry","category-sin-categoria"],"aioseo_notices":[],"jetpack_featured_media_url":"https:\/\/comunicadas.com.ar\/wp-content\/uploads\/2020\/10\/paridad-1.jpg","jetpack_sharing_enabled":true,"jetpack_likes_enabled":true,"_links":{"self":[{"href":"https:\/\/comunicadas.com.ar\/index.php\/wp-json\/wp\/v2\/posts\/4345"}],"collection":[{"href":"https:\/\/comunicadas.com.ar\/index.php\/wp-json\/wp\/v2\/posts"}],"about":[{"href":"https:\/\/comunicadas.com.ar\/index.php\/wp-json\/wp\/v2\/types\/post"}],"author":[{"embeddable":true,"href":"https:\/\/comunicadas.com.ar\/index.php\/wp-json\/wp\/v2\/users\/1"}],"replies":[{"embeddable":true,"href":"https:\/\/comunicadas.com.ar\/index.php\/wp-json\/wp\/v2\/comments?post=4345"}],"version-history":[{"count":0,"href":"https:\/\/comunicadas.com.ar\/index.php\/wp-json\/wp\/v2\/posts\/4345\/revisions"}],"wp:featuredmedia":[{"embeddable":true,"href":"https:\/\/comunicadas.com.ar\/index.php\/wp-json\/wp\/v2\/media\/4347"}],"wp:attachment":[{"href":"https:\/\/comunicadas.com.ar\/index.php\/wp-json\/wp\/v2\/media?parent=4345"}],"wp:term":[{"taxonomy":"category","embeddable":true,"href":"https:\/\/comunicadas.com.ar\/index.php\/wp-json\/wp\/v2\/categories?post=4345"},{"taxonomy":"post_tag","embeddable":true,"href":"https:\/\/comunicadas.com.ar\/index.php\/wp-json\/wp\/v2\/tags?post=4345"}],"curies":[{"name":"wp","href":"https:\/\/api.w.org\/{rel}","templated":true}]}}