{"id":4289,"date":"2020-09-27T16:01:27","date_gmt":"2020-09-27T19:01:27","guid":{"rendered":"http:\/\/comunicadas.com.ar\/?p=4289"},"modified":"2020-09-27T16:01:27","modified_gmt":"2020-09-27T19:01:27","slug":"cuties-no-es-para-tanto","status":"publish","type":"post","link":"https:\/\/comunicadas.com.ar\/index.php\/2020\/09\/27\/cuties-no-es-para-tanto\/","title":{"rendered":"Cuties: no es para tanto"},"content":{"rendered":"\n<p>Hace un tiempo me top\u00e9 en Twitter con una discusi\u00f3n sobre la pel\u00edcula \u201cCuties\u201d. Hab\u00eda salido el tr\u00e1iler hac\u00eda poco y en las redes estaban acusando a Netflix de promover la pedofilia. Mir\u00e9 el tr\u00e1iler, le\u00ed un poco sobre el argumento y, la verdad, la historia como estaba vendida no me pareci\u00f3 para nada extraordinaria ni interesante y ni me dieron ganas de comprobar si las acusaciones eran ciertas. Pero poco tiempo despu\u00e9s de que se estrenara, me pic\u00f3 el bichito de la intriga y la mir\u00e9. Mi veredicto sobre la pel\u00edcula es: no es para tanto. No es para tanto la pel\u00edcula en s\u00ed ni son para tanto las acusaciones.<\/p>\n\n\n\n<p>La historia, al principio, es bastante b\u00e1sica: Amy, una nena musulmana de 11 a\u00f1os que vive con su madre y hermano es una chica t\u00edmida, obediente, que vive para complacer a sus mayores; conoce a Ang\u00e9lica, una nena de su misma edad, pero mucho m\u00e1s desinhibida, con actitudes de chica adolescente. Amy se ve inmediatamente atra\u00edda por el mundo de Angelica y sus amigas, otras chicas de su edad que bailan reggaet\u00f3n, se visten como si tuvieran 20 a\u00f1os y usan asiduamente las redes sociales. Ella se une al grupo y juntas van a buscar ganar un concurso de baile.<\/p>\n\n\n\n<p>A simple vista, es una historia t\u00edpica de autosuperaci\u00f3n en la que la protagonista desaf\u00eda a su familia conservadora para cumplir su sue\u00f1o de bailar, nada nuevo. Pero Cuties esconde otro dilema: Amy descubre un mundo nuevo, en el que aprende que, para la sociedad, parte de ser mujer significa ser un objeto; que crecer significa convertirse en objeto. Lo ve en su madre, que tiene que aceptar alegremente que su padre tenga una segunda esposa; lo ve en sus nuevas amigas, que a los 11 a\u00f1os est\u00e1n hiper-sexualizadas, y lo empieza a reproducir en ella misma.<\/p>\n\n\n\n<p>La pel\u00edcula gira en torno al dilema de Amy de abandonar la ni\u00f1ez para tomar uno de dos caminos: o ser la esposa modelo de una sociedad antigua y patriarcal o ser la adolescente perfecta de una sociedad moderna\u2026 Pero tambi\u00e9n patriarcal. Ahora bien, \u00bfsexualiza a las ni\u00f1as? La respuesta es s\u00ed, pero lo hace a modo de reflejo de lo que el sistema en el que esas ni\u00f1as conviven provoca. Los dos caminos entre los que se debate Amy tienen un mismo resultado, ya sea que decida ser la esposa abnegada o la adolescente que consume rebeld\u00eda, se convertir\u00e1 en un objeto.<\/p>\n\n\n\n<p>El mayor problema con Cuties es, a mi entender, el marketing. Netflix la vendi\u00f3 casi como una comedia, una pel\u00edcula divertida sobre un grupo de ni\u00f1as que quieren ganar un concurso de baile y en la que no se problematiza el dilema de las j\u00f3venes que se ven empujadas a sexualizarse a muy corta edad. Si bien la pel\u00edcula trata un tema interesante, la historia es bastante b\u00e1sica y oscila constantemente entre la pel\u00edcula obvia de autosuperaci\u00f3n y la cr\u00edtica social, sin profundizar demasiado. Realmente, no era para tanto.<\/p>\n","protected":false},"excerpt":{"rendered":"<p>Hace un tiempo me top\u00e9 en Twitter con una discusi\u00f3n sobre la pel\u00edcula \u201cCuties\u201d. Hab\u00eda salido el tr\u00e1iler hac\u00eda poco y en las redes estaban acusando a Netflix de promover la pedofilia. Mir\u00e9 el tr\u00e1iler, le\u00ed un poco sobre el argumento y, la verdad, la historia como estaba vendida no me pareci\u00f3 para nada extraordinaria [&hellip;]<\/p>\n","protected":false},"author":1,"featured_media":4291,"comment_status":"open","ping_status":"open","sticky":false,"template":"","format":"standard","meta":{"inline_featured_image":false,"_monsterinsights_skip_tracking":false,"_monsterinsights_sitenote_active":false,"_monsterinsights_sitenote_note":"","_monsterinsights_sitenote_category":0,"lzb_camalote_bajada":"","lzb_camalote_fotogalerias_repeater":"","lzb_camalote_fotogalerias_desc":"","lzb_camalote_fotogalerias_autorxs":"%5B%5D","lzb_camalote_post_imagen_destacada":"","lzb_camalote_post_imagen_destacada_fotografx":"","lzb_camalote_post_imagen_destacada_fotografx_url":"","_jetpack_memberships_contains_paid_content":false,"footnotes":""},"categories":[5,21],"tags":[],"class_list":["post-4289","post","type-post","status-publish","format-standard","has-post-thumbnail","hentry","category-cine-y-series","category-recomendacion"],"aioseo_notices":[],"jetpack_featured_media_url":"https:\/\/comunicadas.com.ar\/wp-content\/uploads\/2020\/09\/whatsapp-image-2020-09-26-at-13.48.28-1.jpeg","jetpack_sharing_enabled":true,"jetpack_likes_enabled":true,"_links":{"self":[{"href":"https:\/\/comunicadas.com.ar\/index.php\/wp-json\/wp\/v2\/posts\/4289"}],"collection":[{"href":"https:\/\/comunicadas.com.ar\/index.php\/wp-json\/wp\/v2\/posts"}],"about":[{"href":"https:\/\/comunicadas.com.ar\/index.php\/wp-json\/wp\/v2\/types\/post"}],"author":[{"embeddable":true,"href":"https:\/\/comunicadas.com.ar\/index.php\/wp-json\/wp\/v2\/users\/1"}],"replies":[{"embeddable":true,"href":"https:\/\/comunicadas.com.ar\/index.php\/wp-json\/wp\/v2\/comments?post=4289"}],"version-history":[{"count":0,"href":"https:\/\/comunicadas.com.ar\/index.php\/wp-json\/wp\/v2\/posts\/4289\/revisions"}],"wp:featuredmedia":[{"embeddable":true,"href":"https:\/\/comunicadas.com.ar\/index.php\/wp-json\/wp\/v2\/media\/4291"}],"wp:attachment":[{"href":"https:\/\/comunicadas.com.ar\/index.php\/wp-json\/wp\/v2\/media?parent=4289"}],"wp:term":[{"taxonomy":"category","embeddable":true,"href":"https:\/\/comunicadas.com.ar\/index.php\/wp-json\/wp\/v2\/categories?post=4289"},{"taxonomy":"post_tag","embeddable":true,"href":"https:\/\/comunicadas.com.ar\/index.php\/wp-json\/wp\/v2\/tags?post=4289"}],"curies":[{"name":"wp","href":"https:\/\/api.w.org\/{rel}","templated":true}]}}