{"id":4269,"date":"2020-09-20T14:14:03","date_gmt":"2020-09-20T17:14:03","guid":{"rendered":"http:\/\/comunicadas.com.ar\/?p=4269"},"modified":"2020-09-20T14:14:03","modified_gmt":"2020-09-20T17:14:03","slug":"empieza-la-11-edicion-de-cine-migrante","status":"publish","type":"post","link":"https:\/\/comunicadas.com.ar\/index.php\/2020\/09\/20\/empieza-la-11-edicion-de-cine-migrante\/","title":{"rendered":"Empieza la 11\u00b0 edici\u00f3n de Cine Migrante"},"content":{"rendered":"\n<p>Hoy no voy a recomendar una pel\u00edcula o una serie, sino todo un festival: la 11\u00b0 edici\u00f3n de Cine Migrante, del 22 al 29\/09. El festival de Cine Migrante promueve el di\u00e1logo intercultural y los derechos de las personas migrantes. A\u00f1o tras a\u00f1o, expone pel\u00edculas de y sobre migrantes, trabaja con les migrantes para difundir su visi\u00f3n del mundo y romper con los preconceptos. Elles son les protagonistas, no les objetos de estudio.<\/p>\n\n\n\n<p>Para esta edici\u00f3n (completamente virtual y gratuita, cabe aclarar), voy a recomendar algunas pel\u00edculas y charlas que me resultaron interesante. La mayor\u00eda de les directorxs no los conozco, as\u00ed que solo me voy a basar en los argumentos que figuran en la p\u00e1gina. A una cineasta que el festival le dedica una secci\u00f3n entera es a Sarah Maldoror, cineasta francesa de ascendencia africana que lamentablemente falleci\u00f3 de coronavirus en abril. Sarah fue una artista clave dentro del movimiento de descolonizaci\u00f3n africano de las d\u00e9cadas del 60 y 70 y del movimiento intelectual y art\u00edstico de la Negritud. El festival le dedicar\u00e1 una secci\u00f3n entera, donde se expondr\u00e1n varias pel\u00edculas y se organizar\u00e1n varias charlas sobre ella.<\/p>\n\n\n\n<p>Adem\u00e1s de la secci\u00f3n de Sarah Maldoror, hay otras pel\u00edculas muy interesantes para agendar, como Brown Girl Begins, una pel\u00edcula sobre un futuro dist\u00f3pico de la directora Sharon Lewis o (una de mis favoritas de mi g\u00e9nero favorito) la pel\u00edcula de vampiros A Girl Walks Home Alone at Night, de Ana Lily Amirpour. Otra propuesta interesante es Bixa Travesty, un documental que habla sobre el cuerpo como herramienta y arma pol\u00edtica, o Kiki, sobre la vida de los j\u00f3venes de color LGTB+ de los grupos de baile de Nueva York. Tambi\u00e9n se pueden ver pel\u00edculas sobre mujeres luchadoras, como Letal o Tempestad. Todas estas pel\u00edculas fueron dirigidas por mujeres. La programaci\u00f3n es mucho m\u00e1s extensa, vayan a la p\u00e1gina de cinemigrante.currents.fm y zamb\u00fallanse!<\/p>\n","protected":false},"excerpt":{"rendered":"<p>A partir del 22\/09 empieza la 11\u00b0 edici\u00f3n del festival de Cine Migrante, totalmente gratuita y online. Les traemos nuestras recomendaciones! <\/p>\n","protected":false},"author":1,"featured_media":4272,"comment_status":"open","ping_status":"open","sticky":false,"template":"","format":"standard","meta":{"inline_featured_image":false,"_monsterinsights_skip_tracking":false,"_monsterinsights_sitenote_active":false,"_monsterinsights_sitenote_note":"","_monsterinsights_sitenote_category":0,"lzb_camalote_bajada":"","lzb_camalote_fotogalerias_repeater":"","lzb_camalote_fotogalerias_desc":"","lzb_camalote_fotogalerias_autorxs":"%5B%5D","lzb_camalote_post_imagen_destacada":"","lzb_camalote_post_imagen_destacada_fotografx":"","lzb_camalote_post_imagen_destacada_fotografx_url":"","_jetpack_memberships_contains_paid_content":false,"footnotes":""},"categories":[5,21],"tags":[],"class_list":["post-4269","post","type-post","status-publish","format-standard","has-post-thumbnail","hentry","category-cine-y-series","category-recomendacion"],"aioseo_notices":[],"jetpack_featured_media_url":"https:\/\/comunicadas.com.ar\/wp-content\/uploads\/2020\/09\/whatsapp-image-2020-09-19-at-12.06.55-1.jpeg","jetpack_sharing_enabled":true,"jetpack_likes_enabled":true,"_links":{"self":[{"href":"https:\/\/comunicadas.com.ar\/index.php\/wp-json\/wp\/v2\/posts\/4269"}],"collection":[{"href":"https:\/\/comunicadas.com.ar\/index.php\/wp-json\/wp\/v2\/posts"}],"about":[{"href":"https:\/\/comunicadas.com.ar\/index.php\/wp-json\/wp\/v2\/types\/post"}],"author":[{"embeddable":true,"href":"https:\/\/comunicadas.com.ar\/index.php\/wp-json\/wp\/v2\/users\/1"}],"replies":[{"embeddable":true,"href":"https:\/\/comunicadas.com.ar\/index.php\/wp-json\/wp\/v2\/comments?post=4269"}],"version-history":[{"count":0,"href":"https:\/\/comunicadas.com.ar\/index.php\/wp-json\/wp\/v2\/posts\/4269\/revisions"}],"wp:featuredmedia":[{"embeddable":true,"href":"https:\/\/comunicadas.com.ar\/index.php\/wp-json\/wp\/v2\/media\/4272"}],"wp:attachment":[{"href":"https:\/\/comunicadas.com.ar\/index.php\/wp-json\/wp\/v2\/media?parent=4269"}],"wp:term":[{"taxonomy":"category","embeddable":true,"href":"https:\/\/comunicadas.com.ar\/index.php\/wp-json\/wp\/v2\/categories?post=4269"},{"taxonomy":"post_tag","embeddable":true,"href":"https:\/\/comunicadas.com.ar\/index.php\/wp-json\/wp\/v2\/tags?post=4269"}],"curies":[{"name":"wp","href":"https:\/\/api.w.org\/{rel}","templated":true}]}}