{"id":4250,"date":"2020-09-13T17:20:42","date_gmt":"2020-09-13T20:20:42","guid":{"rendered":"http:\/\/comunicadas.com.ar\/?p=4250"},"modified":"2020-09-13T17:20:42","modified_gmt":"2020-09-13T20:20:42","slug":"disclosure-las-personas-trans-reflejadas-en-un-espejo-cis","status":"publish","type":"post","link":"https:\/\/comunicadas.com.ar\/index.php\/2020\/09\/13\/disclosure-las-personas-trans-reflejadas-en-un-espejo-cis\/","title":{"rendered":"Disclosure: las personas trans reflejadas en un espejo cis"},"content":{"rendered":"\n<p>Para hoy les traigo Disclosure, otro documental de Netflix. Este documental trata un tema del que no se habla mucho: la representaci\u00f3n de les trans en el medio audiovisual.<\/p>\n\n\n\n<p>En las casi dos horas de duraci\u00f3n, Disclosure hace un recorrido hist\u00f3rico desde casi los inicios del cine hasta la actualidad, en el que personas trans de la industria audiovisual hacen un an\u00e1lisis de c\u00f3mo se les represent\u00f3 desde tiempos inmemoriales. Los an\u00e1lisis coinciden bastante: en un principio, las personas trans eran representadas como personajes grotescos y \u201chumor\u00edsticos\u201d; m\u00e1s adelante, como personas perturbadas mentalmente, asesinos seriales o psic\u00f3patas, y, luego, al parecer solo pod\u00edan cumplir el rol de v\u00edctimas de asesinatos o prostitutas. Todes les trans entrevistades para este documental coinciden en que esto afect\u00f3 la forma en que se ve\u00edan a elles mismes y atiz\u00f3 el fuego del auto-odio.<\/p>\n\n\n\n<p>Un punto que toca esta pel\u00edcula que lo vi menos todav\u00eda que el tema de las mujeres trans es el de los hombres trans. Si las mujeres trans aparecen como motivo de burla, desequilibradas mentales, muertas y prostitutas, los hombres trans directamente ni aparecen. Hombres trans del medio analizan la casi nula representaci\u00f3n de ellos en el cine y las series y los profundos errores conceptuales de los personajes con los que s\u00ed se podr\u00edan identificar, producto de guiones escritos por personas cis.<\/p>\n\n\n\n<p>Para resumir, Disclosure, m\u00e1s que un documental sobre la historia de las personas trans en la industria audiovisual, es un documental sobre la imagen distorsionada y llena de prejuicios que las personas cis tienen de las personas trans.<\/p>\n","protected":false},"excerpt":{"rendered":"<p>Para hoy les traigo Disclosure, otro documental de Netflix. Este documental trata un tema del que no se habla mucho: la representaci\u00f3n de les trans en el medio audiovisual. En las casi dos horas de duraci\u00f3n, Disclosure hace un recorrido hist\u00f3rico desde casi los inicios del cine hasta la actualidad, en el que personas trans [&hellip;]<\/p>\n","protected":false},"author":1,"featured_media":4253,"comment_status":"open","ping_status":"open","sticky":false,"template":"","format":"standard","meta":{"inline_featured_image":false,"_monsterinsights_skip_tracking":false,"_monsterinsights_sitenote_active":false,"_monsterinsights_sitenote_note":"","_monsterinsights_sitenote_category":0,"lzb_camalote_bajada":"","lzb_camalote_fotogalerias_repeater":"","lzb_camalote_fotogalerias_desc":"","lzb_camalote_fotogalerias_autorxs":"%5B%5D","lzb_camalote_post_imagen_destacada":"","lzb_camalote_post_imagen_destacada_fotografx":"","lzb_camalote_post_imagen_destacada_fotografx_url":"","_jetpack_memberships_contains_paid_content":false,"footnotes":""},"categories":[5,21],"tags":[],"class_list":["post-4250","post","type-post","status-publish","format-standard","has-post-thumbnail","hentry","category-cine-y-series","category-recomendacion"],"aioseo_notices":[],"jetpack_featured_media_url":"https:\/\/comunicadas.com.ar\/wp-content\/uploads\/2020\/09\/whatsapp-image-2020-09-12-at-18.03.17-1.jpeg","jetpack_sharing_enabled":true,"jetpack_likes_enabled":true,"_links":{"self":[{"href":"https:\/\/comunicadas.com.ar\/index.php\/wp-json\/wp\/v2\/posts\/4250"}],"collection":[{"href":"https:\/\/comunicadas.com.ar\/index.php\/wp-json\/wp\/v2\/posts"}],"about":[{"href":"https:\/\/comunicadas.com.ar\/index.php\/wp-json\/wp\/v2\/types\/post"}],"author":[{"embeddable":true,"href":"https:\/\/comunicadas.com.ar\/index.php\/wp-json\/wp\/v2\/users\/1"}],"replies":[{"embeddable":true,"href":"https:\/\/comunicadas.com.ar\/index.php\/wp-json\/wp\/v2\/comments?post=4250"}],"version-history":[{"count":0,"href":"https:\/\/comunicadas.com.ar\/index.php\/wp-json\/wp\/v2\/posts\/4250\/revisions"}],"wp:featuredmedia":[{"embeddable":true,"href":"https:\/\/comunicadas.com.ar\/index.php\/wp-json\/wp\/v2\/media\/4253"}],"wp:attachment":[{"href":"https:\/\/comunicadas.com.ar\/index.php\/wp-json\/wp\/v2\/media?parent=4250"}],"wp:term":[{"taxonomy":"category","embeddable":true,"href":"https:\/\/comunicadas.com.ar\/index.php\/wp-json\/wp\/v2\/categories?post=4250"},{"taxonomy":"post_tag","embeddable":true,"href":"https:\/\/comunicadas.com.ar\/index.php\/wp-json\/wp\/v2\/tags?post=4250"}],"curies":[{"name":"wp","href":"https:\/\/api.w.org\/{rel}","templated":true}]}}